{"id":342768,"date":"2021-06-02T10:58:31","date_gmt":"2021-06-02T07:58:31","guid":{"rendered":"http:\/\/arantv.az\/?p=342768"},"modified":"2021-06-02T10:58:31","modified_gmt":"2021-06-02T07:58:31","slug":"baki-v%c9%99-ir%c9%99van-moskvada-s%c9%99rh%c9%99dd%c9%99ki-v%c9%99ziyy%c9%99ti-muzakir%c9%99-ed%c9%99c%c9%99k","status":"publish","type":"post","link":"https:\/\/arantv.az\/?p=342768","title":{"rendered":"Bak\u0131 v\u0259 \u0130r\u0259van Moskvada s\u0259rh\u0259dd\u0259ki v\u0259ziyy\u0259ti m\u00fczakir\u0259 ed\u0259c\u0259k"},"content":{"rendered":"<p>Az\u0259rbaycan v\u0259 Erm\u0259nistan n\u00fcmay\u0259nd\u0259l\u0259ri aras\u0131nda s\u0259rh\u0259dd\u0259ki v\u0259ziyy\u0259tl\u0259 ba\u011fl\u0131 dan\u0131\u015f\u0131qlar bu g\u00fcn Moskvada ke\u00e7iril\u0259c\u0259k.<\/p>\n<p><strong>ARANTV.AZ<\/strong> qafqazinfo-ya istinad\u0259n x\u0259b\u0259r verir ki, bu bar\u0259d\u0259 &#8220;Hraparak&#8221; q\u0259zeti \u00f6z m\u0259nb\u0259l\u0259rin\u0259 istinad ed\u0259r\u0259k m\u0259lumat verib.<\/p>\n<p>Q\u0259zetd\u0259 qeyd olunur ki, dan\u0131\u015f\u0131qlar zaman\u0131 Az\u0259rbaycan-Erm\u0259nistan s\u0259rh\u0259dind\u0259ki son v\u0259ziyy\u0259t m\u00fczakir\u0259 olunacaq.<\/p>\n<p>&#8220;Az\u0259rbaycan t\u0259r\u0259fd\u0259n dan\u0131\u015f\u0131qlarda Xarici K\u0259\u015ffiyyat Xidm\u0259tinin r\u0259isi Orxan Sultanov, Erm\u0259nistan t\u0259r\u0259fd\u0259n is\u0259 Silahl\u0131 Q\u00fcvv\u0259l\u0259rin Ba\u015f Q\u0259rargah r\u0259isinin m\u00fcavini Ar\u015fak Karapetyan v\u0259 s\u0259rh\u0259d qo\u015funlar\u0131 Ba\u015f Q\u0259rargah r\u0259isi Arman Qasparyan i\u015ftirak ed\u0259c\u0259kl\u0259r&#8221;, &#8211; dey\u0259 n\u0259\u015fr yaz\u0131b.<\/p>\n<p>Bundan \u0259lav\u0259 Qaraba\u011fdak\u0131 s\u00fclhm\u0259raml\u0131 kontingent komandiri R\u00fcst\u0259m Muradovun da dan\u0131\u015f\u0131qlarda Rusiya t\u0259r\u0259find\u0259n i\u015ftirak ed\u0259c\u0259yi qeyd olunur.<\/p>\n<p>Xat\u0131rladaq ki, Az\u0259rbaycan Silahl\u0131 Q\u00fcvv\u0259l\u0259rinin b\u00f6lm\u0259l\u0259ri may\u0131n 12-d\u0259n La\u00e7\u0131nla Erm\u0259nistan\u0131n Gorus b\u00f6lg\u0259si aras\u0131nda yerl\u0259\u015f\u0259n Qarag\u00f6l istiqam\u0259tind\u0259 d\u00f6vl\u0259t s\u0259rh\u0259dinin d\u0259qiql\u0259\u015fdirilm\u0259si -delimitasiya v\u0259 demarkasiya i\u015fl\u0259ri g\u00f6rm\u0259y\u0259 \u00e7al\u0131\u015f\u0131r. Erm\u0259nistan t\u0259r\u0259fi is\u0259 t\u0259xribat xarakterli b\u0259yanatlar yaymaqla Az\u0259rbaycana qar\u015f\u0131 qarayaxma kampaniyas\u0131 apar\u0131r. Guya, Az\u0259rbaycan\u0131n Silahl\u0131 Q\u00fcvv\u0259l\u0259ri s\u0259rh\u0259di ke\u00e7\u0259r\u0259k bir ne\u00e7\u0259 kilometr m\u0259saf\u0259d\u0259 Erm\u0259nistan\u0131n \u0259razisin\u0259 daxil olub. \u0130\u015f\u011fal\u00e7\u0131 \u00f6lk\u0259nin r\u0259smil\u0259ri bununla ba\u011fl\u0131 h\u0259tta Kollektiv T\u0259hl\u00fck\u0259sizlik M\u00fcqavil\u0259si T\u0259\u015fkilat\u0131na (KTMT) da m\u00fcraci\u0259t ed\u0259r\u0259k h\u0259rbi yard\u0131m ist\u0259yib.<\/p>\n","protected":false},"excerpt":{"rendered":"<p>Az\u0259rbaycan v\u0259 Erm\u0259nistan n\u00fcmay\u0259nd\u0259l\u0259ri aras\u0131nda s\u0259rh\u0259dd\u0259ki v\u0259ziyy\u0259tl\u0259 ba\u011fl\u0131 dan\u0131\u015f\u0131qlar bu g\u00fcn Moskvada ke\u00e7iril\u0259c\u0259k. ARANTV.AZ qafqazinfo-ya istinad\u0259n x\u0259b\u0259r verir ki, bu bar\u0259d\u0259 &#8220;Hraparak&#8221; q\u0259zeti \u00f6z m\u0259nb\u0259l\u0259rin\u0259 istinad ed\u0259r\u0259k m\u0259lumat verib. Q\u0259zetd\u0259 qeyd olunur ki, dan\u0131\u015f\u0131qlar zaman\u0131 Az\u0259rbaycan-Erm\u0259nistan s\u0259rh\u0259dind\u0259ki son v\u0259ziyy\u0259t m\u00fczakir\u0259 olunacaq. &#8220;Az\u0259rbaycan t\u0259r\u0259fd\u0259n dan\u0131\u015f\u0131qlarda Xarici K\u0259\u015ffiyyat Xidm\u0259tinin r\u0259isi Orxan Sultanov, Erm\u0259nistan t\u0259r\u0259fd\u0259n is\u0259 Silahl\u0131 Q\u00fcvv\u0259l\u0259rin Ba\u015f Q\u0259rargah r\u0259isinin m\u00fcavini Ar\u015fak Karapetyan v\u0259 s\u0259rh\u0259d qo\u015funlar\u0131 Ba\u015f Q\u0259rargah r\u0259isi Arman Qasparyan i\u015ftirak ed\u0259c\u0259kl\u0259r&#8221;, &#8211; dey\u0259 n\u0259\u015fr yaz\u0131b. Bundan \u0259lav\u0259 Qaraba\u011fdak\u0131 s\u00fclhm\u0259raml\u0131 kontingent komandiri R\u00fcst\u0259m Muradovun da dan\u0131\u015f\u0131qlarda Rusiya t\u0259r\u0259find\u0259n i\u015ftirak ed\u0259c\u0259yi qeyd&hellip;<\/p>\n","protected":false},"author":2,"featured_media":342769,"comment_status":"closed","ping_status":"closed","sticky":false,"template":"","format":"standard","meta":{"om_disable_all_campaigns":false,"_monsterinsights_skip_tracking":false,"_monsterinsights_sitenote_active":false,"_monsterinsights_sitenote_note":"","_monsterinsights_sitenote_category":0},"categories":[4],"tags":[],"aioseo_notices":[],"gutentor_comment":0,"rttpg_featured_image_url":{"full":["https:\/\/arantv.az\/wp-content\/uploads\/2021\/06\/953320.jpg",800,600,false],"landscape":["https:\/\/arantv.az\/wp-content\/uploads\/2021\/06\/953320.jpg",800,600,false],"portraits":["https:\/\/arantv.az\/wp-content\/uploads\/2021\/06\/953320.jpg",800,600,false],"thumbnail":["https:\/\/arantv.az\/wp-content\/uploads\/2021\/06\/953320-500x280.jpg",500,280,true],"medium":["https:\/\/arantv.az\/wp-content\/uploads\/2021\/06\/953320-487x365.jpg",487,365,true],"large":["https:\/\/arantv.az\/wp-content\/uploads\/2021\/06\/953320.jpg",640,480,false],"1536x1536":["https:\/\/arantv.az\/wp-content\/uploads\/2021\/06\/953320.jpg",800,600,false],"2048x2048":["https:\/\/arantv.az\/wp-content\/uploads\/2021\/06\/953320.jpg",800,600,false],"post-thumbnail":["https:\/\/arantv.az\/wp-content\/uploads\/2021\/06\/953320-240x172.jpg",240,172,true],"advps-thumb-one":["https:\/\/arantv.az\/wp-content\/uploads\/2021\/06\/953320.jpg",800,600,false]},"rttpg_author":{"display_name":"V\u00fcsal Rafiqo\u011flu","author_link":"https:\/\/arantv.az\/?author=2"},"rttpg_comment":0,"rttpg_category":"<a href=\"https:\/\/arantv.az\/?cat=4\" rel=\"category\">Siyas\u0259t<\/a>","rttpg_excerpt":"Az\u0259rbaycan v\u0259 Erm\u0259nistan n\u00fcmay\u0259nd\u0259l\u0259ri aras\u0131nda s\u0259rh\u0259dd\u0259ki v\u0259ziyy\u0259tl\u0259 ba\u011fl\u0131 dan\u0131\u015f\u0131qlar bu g\u00fcn Moskvada ke\u00e7iril\u0259c\u0259k. ARANTV.AZ qafqazinfo-ya istinad\u0259n x\u0259b\u0259r verir ki, bu bar\u0259d\u0259 &#8220;Hraparak&#8221; q\u0259zeti \u00f6z m\u0259nb\u0259l\u0259rin\u0259 istinad ed\u0259r\u0259k m\u0259lumat verib. Q\u0259zetd\u0259 qeyd olunur ki, dan\u0131\u015f\u0131qlar zaman\u0131 Az\u0259rbaycan-Erm\u0259nistan s\u0259rh\u0259dind\u0259ki son v\u0259ziyy\u0259t m\u00fczakir\u0259 olunacaq. &#8220;Az\u0259rbaycan t\u0259r\u0259fd\u0259n dan\u0131\u015f\u0131qlarda Xarici K\u0259\u015ffiyyat Xidm\u0259tinin r\u0259isi Orxan Sultanov, Erm\u0259nistan t\u0259r\u0259fd\u0259n is\u0259 Silahl\u0131 Q\u00fcvv\u0259l\u0259rin&hellip;","_links":{"self":[{"href":"https:\/\/arantv.az\/index.php?rest_route=\/wp\/v2\/posts\/342768"}],"collection":[{"href":"https:\/\/arantv.az\/index.php?rest_route=\/wp\/v2\/posts"}],"about":[{"href":"https:\/\/arantv.az\/index.php?rest_route=\/wp\/v2\/types\/post"}],"author":[{"embeddable":true,"href":"https:\/\/arantv.az\/index.php?rest_route=\/wp\/v2\/users\/2"}],"replies":[{"embeddable":true,"href":"https:\/\/arantv.az\/index.php?rest_route=%2Fwp%2Fv2%2Fcomments&post=342768"}],"version-history":[{"count":0,"href":"https:\/\/arantv.az\/index.php?rest_route=\/wp\/v2\/posts\/342768\/revisions"}],"wp:featuredmedia":[{"embeddable":true,"href":"https:\/\/arantv.az\/index.php?rest_route=\/wp\/v2\/media\/342769"}],"wp:attachment":[{"href":"https:\/\/arantv.az\/index.php?rest_route=%2Fwp%2Fv2%2Fmedia&parent=342768"}],"wp:term":[{"taxonomy":"category","embeddable":true,"href":"https:\/\/arantv.az\/index.php?rest_route=%2Fwp%2Fv2%2Fcategories&post=342768"},{"taxonomy":"post_tag","embeddable":true,"href":"https:\/\/arantv.az\/index.php?rest_route=%2Fwp%2Fv2%2Ftags&post=342768"}],"curies":[{"name":"wp","href":"https:\/\/api.w.org\/{rel}","templated":true}]}}