{"id":342786,"date":"2021-06-02T11:13:37","date_gmt":"2021-06-02T08:13:37","guid":{"rendered":"http:\/\/arantv.az\/?p=342786"},"modified":"2021-06-02T11:13:37","modified_gmt":"2021-06-02T08:13:37","slug":"iran-%c9%99razisind%c9%99n-turkiy%c9%99y%c9%99-raket-atildi-3-pkk-li-z%c9%99r%c9%99rsizl%c9%99sdirildi","status":"publish","type":"post","link":"https:\/\/arantv.az\/?p=342786","title":{"rendered":"\u0130ran \u0259razisind\u0259n T\u00fcrkiy\u0259y\u0259 raket at\u0131ld\u0131 &#8211; 3 PKK-l\u0131 z\u0259r\u0259rsizl\u0259\u015fdirildi"},"content":{"rendered":"<p>T\u00fcrkiy\u0259nin Y\u00fcksekova b\u00f6lg\u0259sind\u0259 \u0130ran \u0259razisind\u0259n MET\u0130 (mina v\u0259 \u0259ld\u0259 d\u00fcz\u0259ldilmi\u015f partlay\u0131c\u0131 qur\u011fular\u0131n z\u0259r\u0259rsizl\u0259\u015fdirilm\u0259si) komandas\u0131na raket atan \u00fc\u00e7 PKK terror\u00e7usu z\u0259r\u0259rsizl\u0259\u015fdirilib.<\/p>\n<p><strong>ARANTV.AZ<\/strong> qafqazinfo-ya istinad\u0259n x\u0259b\u0259r verir ki, bu bar\u0259d\u0259 T\u00fcrkiy\u0259 Milli M\u00fcdafi\u0259 Nazirliyinin tvitter hesab\u0131nda a\u00e7\u0131qlama verilib. Qeyd olunub ki, b\u00f6lg\u0259d\u0259 modul beton divarlar\u0131n in\u015faas\u0131nda \u00e7al\u0131\u015fan \u015firk\u0259tl\u0259rin t\u0259hl\u00fck\u0259sizliyini t\u0259min etm\u0259k \u00fc\u00e7\u00fcn yol yoxlamas\u0131 aparan MET\u0130 qrupuna \u0130ran torpaqlar\u0131ndan raket at\u0259\u015fi edilib.<\/p>\n<p>Raket at\u0131\u015f\u0131ndan sonra edil\u0259n cavab at\u0259\u015fi il\u0259 3 PKK terror\u00e7usunun z\u0259r\u0259rsizl\u0259\u015fdirildiyi, MET\u0130 qrupunda is\u0259 itkinin olmad\u0131\u011f\u0131 bildirilib.<\/p>\n","protected":false},"excerpt":{"rendered":"<p>T\u00fcrkiy\u0259nin Y\u00fcksekova b\u00f6lg\u0259sind\u0259 \u0130ran \u0259razisind\u0259n MET\u0130 (mina v\u0259 \u0259ld\u0259 d\u00fcz\u0259ldilmi\u015f partlay\u0131c\u0131 qur\u011fular\u0131n z\u0259r\u0259rsizl\u0259\u015fdirilm\u0259si) komandas\u0131na raket atan \u00fc\u00e7 PKK terror\u00e7usu z\u0259r\u0259rsizl\u0259\u015fdirilib. ARANTV.AZ qafqazinfo-ya istinad\u0259n x\u0259b\u0259r verir ki, bu bar\u0259d\u0259 T\u00fcrkiy\u0259 Milli M\u00fcdafi\u0259 Nazirliyinin tvitter hesab\u0131nda a\u00e7\u0131qlama verilib. Qeyd olunub ki, b\u00f6lg\u0259d\u0259 modul beton divarlar\u0131n in\u015faas\u0131nda \u00e7al\u0131\u015fan \u015firk\u0259tl\u0259rin t\u0259hl\u00fck\u0259sizliyini t\u0259min etm\u0259k \u00fc\u00e7\u00fcn yol yoxlamas\u0131 aparan MET\u0130 qrupuna \u0130ran torpaqlar\u0131ndan raket at\u0259\u015fi edilib. Raket at\u0131\u015f\u0131ndan sonra edil\u0259n cavab at\u0259\u015fi il\u0259 3 PKK terror\u00e7usunun z\u0259r\u0259rsizl\u0259\u015fdirildiyi, MET\u0130 qrupunda is\u0259 itkinin olmad\u0131\u011f\u0131 bildirilib.<\/p>\n","protected":false},"author":2,"featured_media":342787,"comment_status":"closed","ping_status":"closed","sticky":false,"template":"","format":"standard","meta":{"om_disable_all_campaigns":false,"_monsterinsights_skip_tracking":false,"_monsterinsights_sitenote_active":false,"_monsterinsights_sitenote_note":"","_monsterinsights_sitenote_category":0},"categories":[7],"tags":[],"aioseo_notices":[],"gutentor_comment":0,"rttpg_featured_image_url":{"full":["https:\/\/arantv.az\/wp-content\/uploads\/2021\/06\/953332.jpg",800,600,false],"landscape":["https:\/\/arantv.az\/wp-content\/uploads\/2021\/06\/953332.jpg",800,600,false],"portraits":["https:\/\/arantv.az\/wp-content\/uploads\/2021\/06\/953332.jpg",800,600,false],"thumbnail":["https:\/\/arantv.az\/wp-content\/uploads\/2021\/06\/953332-500x280.jpg",500,280,true],"medium":["https:\/\/arantv.az\/wp-content\/uploads\/2021\/06\/953332-487x365.jpg",487,365,true],"large":["https:\/\/arantv.az\/wp-content\/uploads\/2021\/06\/953332.jpg",640,480,false],"1536x1536":["https:\/\/arantv.az\/wp-content\/uploads\/2021\/06\/953332.jpg",800,600,false],"2048x2048":["https:\/\/arantv.az\/wp-content\/uploads\/2021\/06\/953332.jpg",800,600,false],"post-thumbnail":["https:\/\/arantv.az\/wp-content\/uploads\/2021\/06\/953332-240x172.jpg",240,172,true],"advps-thumb-one":["https:\/\/arantv.az\/wp-content\/uploads\/2021\/06\/953332.jpg",800,600,false]},"rttpg_author":{"display_name":"V\u00fcsal Rafiqo\u011flu","author_link":"https:\/\/arantv.az\/?author=2"},"rttpg_comment":0,"rttpg_category":"<a href=\"https:\/\/arantv.az\/?cat=7\" rel=\"category\">D\u00fcnya<\/a>","rttpg_excerpt":"T\u00fcrkiy\u0259nin Y\u00fcksekova b\u00f6lg\u0259sind\u0259 \u0130ran \u0259razisind\u0259n MET\u0130 (mina v\u0259 \u0259ld\u0259 d\u00fcz\u0259ldilmi\u015f partlay\u0131c\u0131 qur\u011fular\u0131n z\u0259r\u0259rsizl\u0259\u015fdirilm\u0259si) komandas\u0131na raket atan \u00fc\u00e7 PKK terror\u00e7usu z\u0259r\u0259rsizl\u0259\u015fdirilib. ARANTV.AZ qafqazinfo-ya istinad\u0259n x\u0259b\u0259r verir ki, bu bar\u0259d\u0259 T\u00fcrkiy\u0259 Milli M\u00fcdafi\u0259 Nazirliyinin tvitter hesab\u0131nda a\u00e7\u0131qlama verilib. Qeyd olunub ki, b\u00f6lg\u0259d\u0259 modul beton divarlar\u0131n in\u015faas\u0131nda \u00e7al\u0131\u015fan \u015firk\u0259tl\u0259rin t\u0259hl\u00fck\u0259sizliyini t\u0259min etm\u0259k \u00fc\u00e7\u00fcn yol yoxlamas\u0131 aparan MET\u0130 qrupuna&hellip;","_links":{"self":[{"href":"https:\/\/arantv.az\/index.php?rest_route=\/wp\/v2\/posts\/342786"}],"collection":[{"href":"https:\/\/arantv.az\/index.php?rest_route=\/wp\/v2\/posts"}],"about":[{"href":"https:\/\/arantv.az\/index.php?rest_route=\/wp\/v2\/types\/post"}],"author":[{"embeddable":true,"href":"https:\/\/arantv.az\/index.php?rest_route=\/wp\/v2\/users\/2"}],"replies":[{"embeddable":true,"href":"https:\/\/arantv.az\/index.php?rest_route=%2Fwp%2Fv2%2Fcomments&post=342786"}],"version-history":[{"count":0,"href":"https:\/\/arantv.az\/index.php?rest_route=\/wp\/v2\/posts\/342786\/revisions"}],"wp:featuredmedia":[{"embeddable":true,"href":"https:\/\/arantv.az\/index.php?rest_route=\/wp\/v2\/media\/342787"}],"wp:attachment":[{"href":"https:\/\/arantv.az\/index.php?rest_route=%2Fwp%2Fv2%2Fmedia&parent=342786"}],"wp:term":[{"taxonomy":"category","embeddable":true,"href":"https:\/\/arantv.az\/index.php?rest_route=%2Fwp%2Fv2%2Fcategories&post=342786"},{"taxonomy":"post_tag","embeddable":true,"href":"https:\/\/arantv.az\/index.php?rest_route=%2Fwp%2Fv2%2Ftags&post=342786"}],"curies":[{"name":"wp","href":"https:\/\/api.w.org\/{rel}","templated":true}]}}