{"id":342799,"date":"2021-06-02T11:36:02","date_gmt":"2021-06-02T08:36:02","guid":{"rendered":"http:\/\/arantv.az\/?p=342799"},"modified":"2021-06-02T11:36:02","modified_gmt":"2021-06-02T08:36:02","slug":"g%c9%99nc%c9%99-sakinind%c9%99-silah-askarlanib-foto-4","status":"publish","type":"post","link":"https:\/\/arantv.az\/?p=342799","title":{"rendered":"G\u0259nc\u0259 sakinind\u0259 silah a\u015fkarlan\u0131b &#8211; FOTO"},"content":{"rendered":"<p>G\u0259nc\u0259 \u015f\u0259h\u0259r Ba\u015f Polis \u0130dar\u0259sinin (\u015eBP\u0130) \u0259m\u0259kda\u015flar\u0131 t\u0259r\u0259find\u0259n qanunsuz saxlan\u0131lan silah-sursat\u0131n a\u015fkarlanaraq g\u00f6t\u00fcr\u00fclm\u0259si v\u0259 g\u0259l\u0259c\u0259kd\u0259 ba\u015f ver\u0259 bil\u0259c\u0259k cinay\u0259tl\u0259rin qar\u015f\u0131s\u0131n\u0131n al\u0131nmas\u0131\u00a0istiqam\u0259tind\u0259 t\u0259dbirl\u0259r davam etdirilir.<\/p>\n<p>Bu bar\u0259d\u0259<strong>\u00a0Oxu.Az<\/strong>-a\u00a0Daxili \u0130\u015fl\u0259r Nazirliyinin (D\u0130N) M\u0259tbuat Xidm\u0259tinin G\u0259nc\u0259 regional qrupundan m\u0259lumat verilib.<\/p>\n<div id=\"AdviadNativeVideo0\" class=\"AdviadNativeVideo\"><\/div>\n<p>Bildirilib ki, G\u0259nc\u0259 \u015eBP\u0130-nin Cinay\u0259t Axtar\u0131\u015f\u0131 \u0130dar\u0259sinin\u00a0\u0259m\u0259kda\u015flar\u0131n\u0131n daxil olan m\u0259lumat \u0259sas\u0131nda ke\u00e7irdikl\u0259ri \u0259m\u0259liyyat-axtar\u0131\u015f t\u0259dbirl\u0259ri n\u0259tic\u0259sind\u0259, qanunsuz olaraq odlu silah \u0259ld\u0259 edib saxlamaqda \u015f\u00fcbh\u0259li bilin\u0259n, \u015f\u0259h\u0259r sakini, \u0259vv\u0259ll\u0259r m\u0259hkum olunmu\u015f Elvin M\u0259mm\u0259dov \u015f\u0259h\u0259r \u0259razisind\u0259 saxlan\u0131laraq Ba\u015f Polis \u0130dar\u0259sin\u0259 g\u0259tirilib. Onun \u00fcz\u0259rind\u0259 \u015f\u0259xsi axtar\u0131\u015f ke\u00e7iril\u0259n zaman 1 \u0259d\u0259d, at\u0259\u015f\u0259 yararl\u0131, \u201cTT\u201d tipli tapan\u00e7a, 1 \u0259d\u0259d h\u0259min tapan\u00e7aya aid sand\u0131qca v\u0259 1 \u0259d\u0259d patron a\u015fkar\u00a0 edil\u0259r\u0259k g\u00f6t\u00fcr\u00fcl\u00fcb.<\/p>\n<p>G\u00f6t\u00fcr\u00fcl\u0259n maddi s\u00fcbut ekspertizaya g\u00f6nd\u0259rilib, faktla ba\u011fl\u0131 G\u0259nc\u0259 \u015eBP\u0130-nin \u0130stintaq\u00a0v\u0259 T\u0259hqiqat \u0130dar\u0259sind\u0259 cinay\u0259t i\u015fi ba\u015flan\u0131l\u0131b ara\u015fd\u0131rmalar davam etdirilir.<\/p>\n<p>&nbsp;<\/p>\n<div class=\"gallery\">\n<div class=\"gallery-i\"><img src=\"https:\/\/cdn.oxu.az\/uploads\/W1siZiIsIjIwMjEvMDYvMDIvMTAvNTIvMDQvZGRmZGFhYTgtNzYyZS00NWU2LTk0ZmItNjAwYTEyN2RmYjc0LzIwMjEtMDYtMDJfMTAyMjQzLmpwZyJdLFsicCIsImVuY29kZSIsImpwZyIsIi1xdWFsaXR5IDgwIl0sWyJwIiwidGh1bWIiLCI1OTB4NTkwXHUwMDNlIl1d?sha=3e16c7b08cc28e88\" alt=\"\" \/><\/div>\n<\/div>\n","protected":false},"excerpt":{"rendered":"<p>G\u0259nc\u0259 \u015f\u0259h\u0259r Ba\u015f Polis \u0130dar\u0259sinin (\u015eBP\u0130) \u0259m\u0259kda\u015flar\u0131 t\u0259r\u0259find\u0259n qanunsuz saxlan\u0131lan silah-sursat\u0131n a\u015fkarlanaraq g\u00f6t\u00fcr\u00fclm\u0259si v\u0259 g\u0259l\u0259c\u0259kd\u0259 ba\u015f ver\u0259 bil\u0259c\u0259k cinay\u0259tl\u0259rin qar\u015f\u0131s\u0131n\u0131n al\u0131nmas\u0131\u00a0istiqam\u0259tind\u0259 t\u0259dbirl\u0259r davam etdirilir. Bu bar\u0259d\u0259\u00a0Oxu.Az-a\u00a0Daxili \u0130\u015fl\u0259r Nazirliyinin (D\u0130N) M\u0259tbuat Xidm\u0259tinin G\u0259nc\u0259 regional qrupundan m\u0259lumat verilib. Bildirilib ki, G\u0259nc\u0259 \u015eBP\u0130-nin Cinay\u0259t Axtar\u0131\u015f\u0131 \u0130dar\u0259sinin\u00a0\u0259m\u0259kda\u015flar\u0131n\u0131n daxil olan m\u0259lumat \u0259sas\u0131nda ke\u00e7irdikl\u0259ri \u0259m\u0259liyyat-axtar\u0131\u015f t\u0259dbirl\u0259ri n\u0259tic\u0259sind\u0259, qanunsuz olaraq odlu silah \u0259ld\u0259 edib saxlamaqda \u015f\u00fcbh\u0259li bilin\u0259n, \u015f\u0259h\u0259r sakini, \u0259vv\u0259ll\u0259r m\u0259hkum olunmu\u015f Elvin M\u0259mm\u0259dov \u015f\u0259h\u0259r \u0259razisind\u0259 saxlan\u0131laraq Ba\u015f Polis \u0130dar\u0259sin\u0259 g\u0259tirilib. Onun \u00fcz\u0259rind\u0259 \u015f\u0259xsi axtar\u0131\u015f ke\u00e7iril\u0259n zaman 1 \u0259d\u0259d, at\u0259\u015f\u0259 yararl\u0131, \u201cTT\u201d tipli tapan\u00e7a, 1 \u0259d\u0259d h\u0259min&hellip;<\/p>\n","protected":false},"author":2,"featured_media":342800,"comment_status":"closed","ping_status":"closed","sticky":false,"template":"","format":"standard","meta":{"om_disable_all_campaigns":false,"_monsterinsights_skip_tracking":false,"_monsterinsights_sitenote_active":false,"_monsterinsights_sitenote_note":"","_monsterinsights_sitenote_category":0},"categories":[5],"tags":[],"aioseo_notices":[],"gutentor_comment":0,"rttpg_featured_image_url":{"full":["https:\/\/arantv.az\/wp-content\/uploads\/2021\/06\/2021-06-02_102051.jpg",620,340,false],"landscape":["https:\/\/arantv.az\/wp-content\/uploads\/2021\/06\/2021-06-02_102051.jpg",620,340,false],"portraits":["https:\/\/arantv.az\/wp-content\/uploads\/2021\/06\/2021-06-02_102051.jpg",620,340,false],"thumbnail":["https:\/\/arantv.az\/wp-content\/uploads\/2021\/06\/2021-06-02_102051-500x280.jpg",500,280,true],"medium":["https:\/\/arantv.az\/wp-content\/uploads\/2021\/06\/2021-06-02_102051.jpg",620,340,false],"large":["https:\/\/arantv.az\/wp-content\/uploads\/2021\/06\/2021-06-02_102051.jpg",620,340,false],"1536x1536":["https:\/\/arantv.az\/wp-content\/uploads\/2021\/06\/2021-06-02_102051.jpg",620,340,false],"2048x2048":["https:\/\/arantv.az\/wp-content\/uploads\/2021\/06\/2021-06-02_102051.jpg",620,340,false],"post-thumbnail":["https:\/\/arantv.az\/wp-content\/uploads\/2021\/06\/2021-06-02_102051-240x172.jpg",240,172,true],"advps-thumb-one":["https:\/\/arantv.az\/wp-content\/uploads\/2021\/06\/2021-06-02_102051.jpg",620,340,false]},"rttpg_author":{"display_name":"V\u00fcsal Rafiqo\u011flu","author_link":"https:\/\/arantv.az\/?author=2"},"rttpg_comment":0,"rttpg_category":"<a href=\"https:\/\/arantv.az\/?cat=5\" rel=\"category\">Hadis\u0259<\/a>","rttpg_excerpt":"G\u0259nc\u0259 \u015f\u0259h\u0259r Ba\u015f Polis \u0130dar\u0259sinin (\u015eBP\u0130) \u0259m\u0259kda\u015flar\u0131 t\u0259r\u0259find\u0259n qanunsuz saxlan\u0131lan silah-sursat\u0131n a\u015fkarlanaraq g\u00f6t\u00fcr\u00fclm\u0259si v\u0259 g\u0259l\u0259c\u0259kd\u0259 ba\u015f ver\u0259 bil\u0259c\u0259k cinay\u0259tl\u0259rin qar\u015f\u0131s\u0131n\u0131n al\u0131nmas\u0131\u00a0istiqam\u0259tind\u0259 t\u0259dbirl\u0259r davam etdirilir. Bu bar\u0259d\u0259\u00a0Oxu.Az-a\u00a0Daxili \u0130\u015fl\u0259r Nazirliyinin (D\u0130N) M\u0259tbuat Xidm\u0259tinin G\u0259nc\u0259 regional qrupundan m\u0259lumat verilib. Bildirilib ki, G\u0259nc\u0259 \u015eBP\u0130-nin Cinay\u0259t Axtar\u0131\u015f\u0131 \u0130dar\u0259sinin\u00a0\u0259m\u0259kda\u015flar\u0131n\u0131n daxil olan m\u0259lumat \u0259sas\u0131nda ke\u00e7irdikl\u0259ri \u0259m\u0259liyyat-axtar\u0131\u015f t\u0259dbirl\u0259ri n\u0259tic\u0259sind\u0259, qanunsuz olaraq odlu silah&hellip;","_links":{"self":[{"href":"https:\/\/arantv.az\/index.php?rest_route=\/wp\/v2\/posts\/342799"}],"collection":[{"href":"https:\/\/arantv.az\/index.php?rest_route=\/wp\/v2\/posts"}],"about":[{"href":"https:\/\/arantv.az\/index.php?rest_route=\/wp\/v2\/types\/post"}],"author":[{"embeddable":true,"href":"https:\/\/arantv.az\/index.php?rest_route=\/wp\/v2\/users\/2"}],"replies":[{"embeddable":true,"href":"https:\/\/arantv.az\/index.php?rest_route=%2Fwp%2Fv2%2Fcomments&post=342799"}],"version-history":[{"count":0,"href":"https:\/\/arantv.az\/index.php?rest_route=\/wp\/v2\/posts\/342799\/revisions"}],"wp:featuredmedia":[{"embeddable":true,"href":"https:\/\/arantv.az\/index.php?rest_route=\/wp\/v2\/media\/342800"}],"wp:attachment":[{"href":"https:\/\/arantv.az\/index.php?rest_route=%2Fwp%2Fv2%2Fmedia&parent=342799"}],"wp:term":[{"taxonomy":"category","embeddable":true,"href":"https:\/\/arantv.az\/index.php?rest_route=%2Fwp%2Fv2%2Fcategories&post=342799"},{"taxonomy":"post_tag","embeddable":true,"href":"https:\/\/arantv.az\/index.php?rest_route=%2Fwp%2Fv2%2Ftags&post=342799"}],"curies":[{"name":"wp","href":"https:\/\/api.w.org\/{rel}","templated":true}]}}