{"id":342805,"date":"2021-06-02T11:43:59","date_gmt":"2021-06-02T08:43:59","guid":{"rendered":"http:\/\/arantv.az\/?p=342805"},"modified":"2021-06-02T11:43:59","modified_gmt":"2021-06-02T08:43:59","slug":"susadan-yeni-goruntul%c9%99r-video","status":"publish","type":"post","link":"https:\/\/arantv.az\/?p=342805","title":{"rendered":"\u015eu\u015fadan yeni g\u00f6r\u00fcnt\u00fcl\u0259r &#8211; V\u0130DEO"},"content":{"rendered":"<div class=\"article_text\">\n<p><strong>Heyd\u0259r \u018fliyev Fondu i\u015f\u011faldan azad edil\u0259n \u015eu\u015fa \u015f\u0259h\u0259rind\u0259 daha bir layih\u0259nin icras\u0131na ba\u015flay\u0131b.<\/strong><\/p>\n<p><strong>ARANTV.AZ<\/strong>\u00a0 x\u0259b\u0259r verir ki, haz\u0131rda \u015f\u0259h\u0259rd\u0259 Yarad\u0131c\u0131l\u0131q M\u0259rk\u0259zi, R\u0259sm Qalereyas\u0131 v\u0259 Xal\u00e7a\u00e7\u0131l\u0131q Qalereyas\u0131n\u0131n t\u0259mir-b\u0259rpa i\u015fl\u0259ri h\u0259yata ke\u00e7irilir.<\/p>\n<p>Vaxtil\u0259 A\u011fa Q\u0259hr\u0259man Mirsiyab o\u011flunun Karvansaray\u0131 kimi tan\u0131nan \u015eu\u015fa Yarad\u0131c\u0131l\u0131q M\u0259rk\u0259zinin yerl\u0259\u015fdiyi bina \u00f6lk\u0259 \u0259h\u0259miyy\u0259tli tarixi memarl\u0131q abid\u0259l\u0259ri siyah\u0131s\u0131ndad\u0131r.<\/p>\n<p>\u015eu\u015fa Xal\u00e7a\u00e7\u0131l\u0131q Qalereyas\u0131 is\u0259 ke\u00e7mi\u015f \u015eu\u015fa Xal\u00e7a Muzeyinin binas\u0131nda yerl\u0259\u015f\u0259c\u0259k. Binaya Erm\u0259nistan\u0131n i\u015f\u011fal\u0131 d\u00f6vr\u00fcnd\u0259 ciddi ziyan d\u0259yib.<\/p>\n<p>Haz\u0131rda t\u0259mir-b\u0259rpa i\u015fl\u0259ri il\u0259 yana\u015f\u0131 h\u0259r \u00fc\u00e7 binada s\u0259rgil\u0259n\u0259c\u0259k \u0259s\u0259rl\u0259rin d\u0259 se\u00e7imi edilir. Q\u0131sa zamanda \u015eu\u015fada Az\u0259rbaycan r\u0259ssamlar\u0131n\u0131n \u0259s\u0259rl\u0259ri, Qaraba\u011f\u0131n i\u015f\u011faldan \u0259vv\u0259l v\u0259 sonrak\u0131 g\u00f6r\u00fcn\u00fc\u015f\u00fcn\u00fc \u0259ks etdir\u0259n \u0259s\u0259rl\u0259r, h\u0259m\u00e7inin xal\u00e7a eksponatlar\u0131 yer alacaq.<\/p>\n<div>\n<div id=\"AdviadNativeVideo0\" class=\"AdviadNativeVideo\"><\/div>\n<\/div>\n<p>Xat\u0131rladaq ki, bir ne\u00e7\u0259 g\u00fcn \u00f6nc\u0259 Birinci vitse-prezident Mehriban \u018fliyevan\u0131n r\u0259hb\u0259rliyi il\u0259 Heyd\u0259r \u018fliyev Fondu t\u0259r\u0259find\u0259n Molla P\u0259nah Vaqifin m\u0259qb\u0259r\u0259sind\u0259 apar\u0131lan b\u0259rpa i\u015fl\u0259rinin g\u00f6r\u00fcnt\u00fcl\u0259ri yay\u0131lm\u0131\u015fd\u0131.<\/p>\n<p>&nbsp;<\/p>\n<p><iframe loading=\"lazy\" src=\"https:\/\/daytube.az\/az\/embed\/108082\" width=\"670\" height=\"400\" frameborder=\"0\" allowfullscreen=\"allowfullscreen\" data-mce-fragment=\"1\"><\/iframe><\/p>\n<\/div>\n<div class=\"social-banner\"><\/div>\n","protected":false},"excerpt":{"rendered":"<p>Heyd\u0259r \u018fliyev Fondu i\u015f\u011faldan azad edil\u0259n \u015eu\u015fa \u015f\u0259h\u0259rind\u0259 daha bir layih\u0259nin icras\u0131na ba\u015flay\u0131b. ARANTV.AZ\u00a0 x\u0259b\u0259r verir ki, haz\u0131rda \u015f\u0259h\u0259rd\u0259 Yarad\u0131c\u0131l\u0131q M\u0259rk\u0259zi, R\u0259sm Qalereyas\u0131 v\u0259 Xal\u00e7a\u00e7\u0131l\u0131q Qalereyas\u0131n\u0131n t\u0259mir-b\u0259rpa i\u015fl\u0259ri h\u0259yata ke\u00e7irilir. Vaxtil\u0259 A\u011fa Q\u0259hr\u0259man Mirsiyab o\u011flunun Karvansaray\u0131 kimi tan\u0131nan \u015eu\u015fa Yarad\u0131c\u0131l\u0131q M\u0259rk\u0259zinin yerl\u0259\u015fdiyi bina \u00f6lk\u0259 \u0259h\u0259miyy\u0259tli tarixi memarl\u0131q abid\u0259l\u0259ri siyah\u0131s\u0131ndad\u0131r. \u015eu\u015fa Xal\u00e7a\u00e7\u0131l\u0131q Qalereyas\u0131 is\u0259 ke\u00e7mi\u015f \u015eu\u015fa Xal\u00e7a Muzeyinin binas\u0131nda yerl\u0259\u015f\u0259c\u0259k. Binaya Erm\u0259nistan\u0131n i\u015f\u011fal\u0131 d\u00f6vr\u00fcnd\u0259 ciddi ziyan d\u0259yib. Haz\u0131rda t\u0259mir-b\u0259rpa i\u015fl\u0259ri il\u0259 yana\u015f\u0131 h\u0259r \u00fc\u00e7 binada s\u0259rgil\u0259n\u0259c\u0259k \u0259s\u0259rl\u0259rin d\u0259 se\u00e7imi edilir. Q\u0131sa zamanda \u015eu\u015fada Az\u0259rbaycan r\u0259ssamlar\u0131n\u0131n \u0259s\u0259rl\u0259ri, Qaraba\u011f\u0131n i\u015f\u011faldan \u0259vv\u0259l v\u0259 sonrak\u0131&hellip;<\/p>\n","protected":false},"author":2,"featured_media":342806,"comment_status":"closed","ping_status":"closed","sticky":false,"template":"","format":"standard","meta":{"om_disable_all_campaigns":false,"_monsterinsights_skip_tracking":false,"_monsterinsights_sitenote_active":false,"_monsterinsights_sitenote_note":"","_monsterinsights_sitenote_category":0},"categories":[26],"tags":[],"aioseo_notices":[],"gutentor_comment":0,"rttpg_featured_image_url":{"full":["https:\/\/arantv.az\/wp-content\/uploads\/2021\/06\/953333.jpg",800,600,false],"landscape":["https:\/\/arantv.az\/wp-content\/uploads\/2021\/06\/953333.jpg",800,600,false],"portraits":["https:\/\/arantv.az\/wp-content\/uploads\/2021\/06\/953333.jpg",800,600,false],"thumbnail":["https:\/\/arantv.az\/wp-content\/uploads\/2021\/06\/953333-500x280.jpg",500,280,true],"medium":["https:\/\/arantv.az\/wp-content\/uploads\/2021\/06\/953333-487x365.jpg",487,365,true],"large":["https:\/\/arantv.az\/wp-content\/uploads\/2021\/06\/953333.jpg",640,480,false],"1536x1536":["https:\/\/arantv.az\/wp-content\/uploads\/2021\/06\/953333.jpg",800,600,false],"2048x2048":["https:\/\/arantv.az\/wp-content\/uploads\/2021\/06\/953333.jpg",800,600,false],"post-thumbnail":["https:\/\/arantv.az\/wp-content\/uploads\/2021\/06\/953333-240x172.jpg",240,172,true],"advps-thumb-one":["https:\/\/arantv.az\/wp-content\/uploads\/2021\/06\/953333.jpg",800,600,false]},"rttpg_author":{"display_name":"V\u00fcsal Rafiqo\u011flu","author_link":"https:\/\/arantv.az\/?author=2"},"rttpg_comment":0,"rttpg_category":"<a href=\"https:\/\/arantv.az\/?cat=26\" rel=\"category\">Sosial<\/a>","rttpg_excerpt":"Heyd\u0259r \u018fliyev Fondu i\u015f\u011faldan azad edil\u0259n \u015eu\u015fa \u015f\u0259h\u0259rind\u0259 daha bir layih\u0259nin icras\u0131na ba\u015flay\u0131b. ARANTV.AZ\u00a0 x\u0259b\u0259r verir ki, haz\u0131rda \u015f\u0259h\u0259rd\u0259 Yarad\u0131c\u0131l\u0131q M\u0259rk\u0259zi, R\u0259sm Qalereyas\u0131 v\u0259 Xal\u00e7a\u00e7\u0131l\u0131q Qalereyas\u0131n\u0131n t\u0259mir-b\u0259rpa i\u015fl\u0259ri h\u0259yata ke\u00e7irilir. Vaxtil\u0259 A\u011fa Q\u0259hr\u0259man Mirsiyab o\u011flunun Karvansaray\u0131 kimi tan\u0131nan \u015eu\u015fa Yarad\u0131c\u0131l\u0131q M\u0259rk\u0259zinin yerl\u0259\u015fdiyi bina \u00f6lk\u0259 \u0259h\u0259miyy\u0259tli tarixi memarl\u0131q abid\u0259l\u0259ri siyah\u0131s\u0131ndad\u0131r. \u015eu\u015fa Xal\u00e7a\u00e7\u0131l\u0131q Qalereyas\u0131 is\u0259 ke\u00e7mi\u015f \u015eu\u015fa&hellip;","_links":{"self":[{"href":"https:\/\/arantv.az\/index.php?rest_route=\/wp\/v2\/posts\/342805"}],"collection":[{"href":"https:\/\/arantv.az\/index.php?rest_route=\/wp\/v2\/posts"}],"about":[{"href":"https:\/\/arantv.az\/index.php?rest_route=\/wp\/v2\/types\/post"}],"author":[{"embeddable":true,"href":"https:\/\/arantv.az\/index.php?rest_route=\/wp\/v2\/users\/2"}],"replies":[{"embeddable":true,"href":"https:\/\/arantv.az\/index.php?rest_route=%2Fwp%2Fv2%2Fcomments&post=342805"}],"version-history":[{"count":0,"href":"https:\/\/arantv.az\/index.php?rest_route=\/wp\/v2\/posts\/342805\/revisions"}],"wp:featuredmedia":[{"embeddable":true,"href":"https:\/\/arantv.az\/index.php?rest_route=\/wp\/v2\/media\/342806"}],"wp:attachment":[{"href":"https:\/\/arantv.az\/index.php?rest_route=%2Fwp%2Fv2%2Fmedia&parent=342805"}],"wp:term":[{"taxonomy":"category","embeddable":true,"href":"https:\/\/arantv.az\/index.php?rest_route=%2Fwp%2Fv2%2Fcategories&post=342805"},{"taxonomy":"post_tag","embeddable":true,"href":"https:\/\/arantv.az\/index.php?rest_route=%2Fwp%2Fv2%2Ftags&post=342805"}],"curies":[{"name":"wp","href":"https:\/\/api.w.org\/{rel}","templated":true}]}}