{"id":342811,"date":"2021-06-02T11:45:46","date_gmt":"2021-06-02T08:45:46","guid":{"rendered":"http:\/\/arantv.az\/?p=342811"},"modified":"2021-06-02T11:45:46","modified_gmt":"2021-06-02T08:45:46","slug":"h%c9%99r-iki-s%c9%99xs-gorus-zamani-bildirdi-ki-onlarla-saxlanma-yerind%c9%99-qeyri-insani-r%c9%99ftar-olunmayib-s%c9%99bin%c9%99-%c9%99liyeva-video","status":"publish","type":"post","link":"https:\/\/arantv.az\/?p=342811","title":{"rendered":"H\u0259r iki \u015f\u0259xs g\u00f6r\u00fc\u015f zaman\u0131 bildirdi ki, onlarla saxlanma yerind\u0259 qeyri-insani r\u0259ftar olunmay\u0131b &#8211; S\u0259bin\u0259 \u018fliyeva &#8211; V\u0130DEO"},"content":{"rendered":"<div class=\"article_text\">\n<p><strong>\u0130nsan H\u00fcquqlar\u0131 \u00fczr\u0259 M\u00fcv\u0259kkil S\u0259bin\u0259 \u018fliyeva Yasamal rayon m\u0259hk\u0259m\u0259sind\u0259 Qaraba\u011fda az\u0259rbaycanl\u0131 \u0259sirl\u0259r\u0259 i\u015fg\u0259nc\u0259 ver\u0259n erm\u0259ni terror\u00e7ular L\u00fcdvik Mkr\u0131t\u0131\u00e7yan v\u0259 Alyo\u015fa Xosrovyanyanla g\u00f6r\u00fc\u015f\u00fcb.<\/strong><\/p>\n<p>Bu bar\u0259d\u0259\u00a0<a href=\"http:\/\/trend.az\/\" target=\"_blank\" rel=\"noopener\">Trend<\/a>-\u0259 a\u00e7\u0131qlamas\u0131nda S\u0259bin\u0259 \u018fliyeva m\u0259lumat verib.O bildirib ki, g\u00f6r\u00fc\u015f zaman\u0131 t\u0259qsirl\u0259ndiril\u0259n \u015f\u0259xsl\u0259r saxlanma \u015f\u0259raitind\u0259n naraz\u0131l\u0131q etm\u0259yib:<\/p>\n<p>&#8220;Biz dilind\u0259n, dinind\u0259n, milliy\u0259tind\u0259n v\u0259 t\u00f6r\u0259tdiyi cinay\u0259tin a\u011f\u0131rl\u0131\u011f\u0131ndan as\u0131l\u0131 olmayaraq Az\u0259rbaycan \u0259razisind\u0259 saxlan\u0131lan h\u0259r bir \u015f\u0259xsl\u0259 g\u00f6r\u00fc\u015f\u00fcb onlarla maraqlan\u0131r\u0131q v\u0259 n\u0259zar\u0259td\u0259 saxlay\u0131r\u0131q. Bu g\u00fcn d\u0259 saxlan\u0131lan \u015f\u0259xsl\u0259rl\u0259 g\u00f6r\u00fc\u015fd\u00fcm v\u0259 onlarla maraqland\u0131m. H\u0259r iki \u015f\u0259xs g\u00f6r\u00fc\u015f zaman\u0131 bildirdi ki, onlarla saxlanma yerind\u0259 qeyri-insani r\u0259ftar olunmay\u0131b. Saxlanma \u015f\u0259raitl\u0259ri d\u0259 normald\u0131r. Bildirdil\u0259r ki saxlanma \u015f\u0259raiti, r\u0259ftar, qidalanma v\u0259 tibbi xidm\u0259td\u0259n tam raz\u0131d\u0131rlar. \u00d6z ist\u0259kl\u0259ri il\u0259 v\u0259kill\u0259r v\u0259 t\u0259rc\u00fcm\u0259\u00e7i il\u0259 t\u0259min olunublar. He\u00e7 bir \u015fikay\u0259tl\u0259ri olmad\u0131. T\u0259qsirl\u0259ndiril\u0259n \u015f\u0259xsl\u0259r hakimin suallar\u0131n\u0131 da cavabland\u0131rark\u0259n bildirdil\u0259r ki, ittihamlarla raz\u0131d\u0131rlar&#8221;.<\/p>\n<p>S. \u018fliyeva deyib ki, o h\u0259min \u015f\u0259xsl\u0259rl\u0259 yana\u015f\u0131 Az\u0259rbaycanda saxlan\u0131lan dig\u0259r erm\u0259nil\u0259rl\u0259 d\u0259 g\u00f6r\u00fc\u015f\u00fcb: &#8220;Biz h\u0259min \u015f\u0259xsl\u0259rl\u0259 d\u0259 3 d\u0259f\u0259 g\u00f6r\u00fc\u015fm\u00fc\u015f\u00fck v\u0259 onlar\u0131n da saxlanma \u015f\u0259raitini m\u00fct\u0259madi n\u0259zar\u0259td\u0259 saxlay\u0131r\u0131q<\/p>\n<p>&nbsp;<\/p>\n<p><iframe loading=\"lazy\" title=\"YouTube video player\" src=\"https:\/\/www.youtube.com\/embed\/v66MK_CSE5E\" width=\"560\" height=\"315\" frameborder=\"0\" allowfullscreen=\"allowfullscreen\" data-mce-fragment=\"1\"><\/iframe><\/div>\n<div class=\"social-banner\"><\/div>\n","protected":false},"excerpt":{"rendered":"<p>\u0130nsan H\u00fcquqlar\u0131 \u00fczr\u0259 M\u00fcv\u0259kkil S\u0259bin\u0259 \u018fliyeva Yasamal rayon m\u0259hk\u0259m\u0259sind\u0259 Qaraba\u011fda az\u0259rbaycanl\u0131 \u0259sirl\u0259r\u0259 i\u015fg\u0259nc\u0259 ver\u0259n erm\u0259ni terror\u00e7ular L\u00fcdvik Mkr\u0131t\u0131\u00e7yan v\u0259 Alyo\u015fa Xosrovyanyanla g\u00f6r\u00fc\u015f\u00fcb. Bu bar\u0259d\u0259\u00a0Trend-\u0259 a\u00e7\u0131qlamas\u0131nda S\u0259bin\u0259 \u018fliyeva m\u0259lumat verib.O bildirib ki, g\u00f6r\u00fc\u015f zaman\u0131 t\u0259qsirl\u0259ndiril\u0259n \u015f\u0259xsl\u0259r saxlanma \u015f\u0259raitind\u0259n naraz\u0131l\u0131q etm\u0259yib: &#8220;Biz dilind\u0259n, dinind\u0259n, milliy\u0259tind\u0259n v\u0259 t\u00f6r\u0259tdiyi cinay\u0259tin a\u011f\u0131rl\u0131\u011f\u0131ndan as\u0131l\u0131 olmayaraq Az\u0259rbaycan \u0259razisind\u0259 saxlan\u0131lan h\u0259r bir \u015f\u0259xsl\u0259 g\u00f6r\u00fc\u015f\u00fcb onlarla maraqlan\u0131r\u0131q v\u0259 n\u0259zar\u0259td\u0259 saxlay\u0131r\u0131q. Bu g\u00fcn d\u0259 saxlan\u0131lan \u015f\u0259xsl\u0259rl\u0259 g\u00f6r\u00fc\u015fd\u00fcm v\u0259 onlarla maraqland\u0131m. H\u0259r iki \u015f\u0259xs g\u00f6r\u00fc\u015f zaman\u0131 bildirdi ki, onlarla saxlanma yerind\u0259 qeyri-insani r\u0259ftar olunmay\u0131b. Saxlanma \u015f\u0259raitl\u0259ri d\u0259 normald\u0131r. Bildirdil\u0259r ki saxlanma&hellip;<\/p>\n","protected":false},"author":2,"featured_media":342812,"comment_status":"closed","ping_status":"closed","sticky":false,"template":"","format":"standard","meta":{"om_disable_all_campaigns":false,"_monsterinsights_skip_tracking":false,"_monsterinsights_sitenote_active":false,"_monsterinsights_sitenote_note":"","_monsterinsights_sitenote_category":0},"categories":[4],"tags":[],"aioseo_notices":[],"gutentor_comment":0,"rttpg_featured_image_url":{"full":["https:\/\/arantv.az\/wp-content\/uploads\/2021\/06\/953341.jpg",800,600,false],"landscape":["https:\/\/arantv.az\/wp-content\/uploads\/2021\/06\/953341.jpg",800,600,false],"portraits":["https:\/\/arantv.az\/wp-content\/uploads\/2021\/06\/953341.jpg",800,600,false],"thumbnail":["https:\/\/arantv.az\/wp-content\/uploads\/2021\/06\/953341-500x280.jpg",500,280,true],"medium":["https:\/\/arantv.az\/wp-content\/uploads\/2021\/06\/953341-487x365.jpg",487,365,true],"large":["https:\/\/arantv.az\/wp-content\/uploads\/2021\/06\/953341.jpg",640,480,false],"1536x1536":["https:\/\/arantv.az\/wp-content\/uploads\/2021\/06\/953341.jpg",800,600,false],"2048x2048":["https:\/\/arantv.az\/wp-content\/uploads\/2021\/06\/953341.jpg",800,600,false],"post-thumbnail":["https:\/\/arantv.az\/wp-content\/uploads\/2021\/06\/953341-240x172.jpg",240,172,true],"advps-thumb-one":["https:\/\/arantv.az\/wp-content\/uploads\/2021\/06\/953341.jpg",800,600,false]},"rttpg_author":{"display_name":"V\u00fcsal Rafiqo\u011flu","author_link":"https:\/\/arantv.az\/?author=2"},"rttpg_comment":0,"rttpg_category":"<a href=\"https:\/\/arantv.az\/?cat=4\" rel=\"category\">Siyas\u0259t<\/a>","rttpg_excerpt":"\u0130nsan H\u00fcquqlar\u0131 \u00fczr\u0259 M\u00fcv\u0259kkil S\u0259bin\u0259 \u018fliyeva Yasamal rayon m\u0259hk\u0259m\u0259sind\u0259 Qaraba\u011fda az\u0259rbaycanl\u0131 \u0259sirl\u0259r\u0259 i\u015fg\u0259nc\u0259 ver\u0259n erm\u0259ni terror\u00e7ular L\u00fcdvik Mkr\u0131t\u0131\u00e7yan v\u0259 Alyo\u015fa Xosrovyanyanla g\u00f6r\u00fc\u015f\u00fcb. Bu bar\u0259d\u0259\u00a0Trend-\u0259 a\u00e7\u0131qlamas\u0131nda S\u0259bin\u0259 \u018fliyeva m\u0259lumat verib.O bildirib ki, g\u00f6r\u00fc\u015f zaman\u0131 t\u0259qsirl\u0259ndiril\u0259n \u015f\u0259xsl\u0259r saxlanma \u015f\u0259raitind\u0259n naraz\u0131l\u0131q etm\u0259yib: &#8220;Biz dilind\u0259n, dinind\u0259n, milliy\u0259tind\u0259n v\u0259 t\u00f6r\u0259tdiyi cinay\u0259tin a\u011f\u0131rl\u0131\u011f\u0131ndan as\u0131l\u0131 olmayaraq Az\u0259rbaycan \u0259razisind\u0259 saxlan\u0131lan h\u0259r bir \u015f\u0259xsl\u0259&hellip;","_links":{"self":[{"href":"https:\/\/arantv.az\/index.php?rest_route=\/wp\/v2\/posts\/342811"}],"collection":[{"href":"https:\/\/arantv.az\/index.php?rest_route=\/wp\/v2\/posts"}],"about":[{"href":"https:\/\/arantv.az\/index.php?rest_route=\/wp\/v2\/types\/post"}],"author":[{"embeddable":true,"href":"https:\/\/arantv.az\/index.php?rest_route=\/wp\/v2\/users\/2"}],"replies":[{"embeddable":true,"href":"https:\/\/arantv.az\/index.php?rest_route=%2Fwp%2Fv2%2Fcomments&post=342811"}],"version-history":[{"count":0,"href":"https:\/\/arantv.az\/index.php?rest_route=\/wp\/v2\/posts\/342811\/revisions"}],"wp:featuredmedia":[{"embeddable":true,"href":"https:\/\/arantv.az\/index.php?rest_route=\/wp\/v2\/media\/342812"}],"wp:attachment":[{"href":"https:\/\/arantv.az\/index.php?rest_route=%2Fwp%2Fv2%2Fmedia&parent=342811"}],"wp:term":[{"taxonomy":"category","embeddable":true,"href":"https:\/\/arantv.az\/index.php?rest_route=%2Fwp%2Fv2%2Fcategories&post=342811"},{"taxonomy":"post_tag","embeddable":true,"href":"https:\/\/arantv.az\/index.php?rest_route=%2Fwp%2Fv2%2Ftags&post=342811"}],"curies":[{"name":"wp","href":"https:\/\/api.w.org\/{rel}","templated":true}]}}