{"id":344191,"date":"2021-06-05T12:28:55","date_gmt":"2021-06-05T09:28:55","guid":{"rendered":"https:\/\/arantv.az\/?p=344191"},"modified":"2021-06-05T12:28:55","modified_gmt":"2021-06-05T09:28:55","slug":"k%c9%99lb%c9%99c%c9%99rd%c9%99-jurnalistl%c9%99rin-minaya-dusm%c9%99-goruntul%c9%99ri-anbaan-video-2","status":"publish","type":"post","link":"https:\/\/arantv.az\/?p=344191","title":{"rendered":"K\u0259lb\u0259c\u0259rd\u0259 jurnalistl\u0259rin minaya d\u00fc\u015fm\u0259 g\u00f6r\u00fcnt\u00fcl\u0259ri &#8211; ANBAAN V\u0130DEO"},"content":{"rendered":"<p>\u0130yunun 4-d\u0259 saat 11 rad\u0259l\u0259rind\u0259 xidm\u0259ti v\u0259zif\u0259l\u0259rinin icras\u0131 il\u0259 \u0259laq\u0259dar i\u015f\u011faldan azad edilmi\u015f K\u0259lb\u0259c\u0259r rayonuna ezam olunmu\u015f media n\u00fcmay\u0259nd\u0259l\u0259rinin minaya d\u00fc\u015fm\u0259 an\u0131n\u0131n g\u00f6r\u00fcnt\u00fcl\u0259ri yay\u0131l\u0131b.<\/p>\n<p>H\u0259min g\u00f6r\u00fcnt\u00fcl\u0259ri t\u0259qdim edirik:<\/p>\n<div id=\"AdviadNativeVideo0\" class=\"AdviadNativeVideo\"><\/div>\n<div><iframe loading=\"lazy\" id=\"telegram-post-oxuaze-7011\" src=\"https:\/\/t.me\/oxuaze\/7011?embed=1\" width=\"100%\" height=\"\" frameborder=\"0\" scrolling=\"no\" data-mce-fragment=\"1\"><\/iframe><\/div>\n<p>Qeyd ed\u0259k ki, iyunun 4-d\u0259 saat 11 rad\u0259l\u0259rind\u0259 xidm\u0259ti v\u0259zif\u0259l\u0259rinin icras\u0131 il\u0259 \u0259laq\u0259dar i\u015f\u011faldan azad edilmi\u015f K\u0259lb\u0259c\u0259r rayonuna ezam olunmu\u015f televiziya kanallar\u0131n\u0131n v\u0259 x\u0259b\u0259r agentlikl\u0259rinin \u0259m\u0259kda\u015flar\u0131n\u0131n oldu\u011fu \u201cKamaz\u201d markal\u0131 s\u0259rni\u015fin avtomobilinin rayonun Susuzluq k\u0259ndi istiqam\u0259tind\u0259 h\u0259r\u0259k\u0259td\u0259 olark\u0259n tank \u0259leyhin\u0259 minaya d\u00fc\u015fm\u0259si n\u0259tic\u0259sind\u0259 3 n\u0259f\u0259r \u2013 Sirac Ab\u0131\u015fov (Az TV telekanal\u0131n\u0131n operatoru), M\u0259h\u0259rr\u0259m \u0130brahimov (Az\u0259rtac x\u0259b\u0259r agentliyinin \u0259m\u0259kda\u015f\u0131), Arif \u018fliyev (R\u0130H ba\u015f\u00e7\u0131s\u0131n\u0131n Susuzluq k\u0259nd inzibati \u0259razi dair\u0259si \u00fczr\u0259 n\u00fcmay\u0259nd\u0259sinin m\u00fcavini) h\u0259lak olub, dig\u0259r 4 n\u0259f\u0259r is\u0259 m\u00fcxt\u0259lif d\u0259r\u0259c\u0259li b\u0259d\u0259n x\u0259sar\u0259tl\u0259ri almaqla x\u0259st\u0259xanaya yerl\u0259\u015fdirilib.<\/p>\n<p>Faktla ba\u011fl\u0131 Az\u0259rbaycan Respublikas\u0131n\u0131n H\u0259rbi Prokurorlu\u011funda Cinay\u0259t M\u0259c\u0259ll\u0259sinin 100.2 (t\u0259cav\u00fczkar m\u00fcharib\u0259ni planla\u015fd\u0131rma, haz\u0131rlama, ba\u015flama v\u0259 ya aparma), 116.0.6 (silahl\u0131 m\u00fcnaqi\u015f\u0259 zaman\u0131 beyn\u0259lxalq humanitar h\u00fcquq normalar\u0131n\u0131 pozma) v\u0259 dig\u0259r madd\u0259l\u0259ri il\u0259 cinay\u0259t i\u015fi ba\u015flan\u0131l\u0131b.<\/p>\n<p>Haz\u0131rda intensiv istintaq-\u0259m\u0259liyyat h\u0259r\u0259k\u0259tl\u0259ri h\u0259yata ke\u00e7irilir.<\/p>\n","protected":false},"excerpt":{"rendered":"<p>\u0130yunun 4-d\u0259 saat 11 rad\u0259l\u0259rind\u0259 xidm\u0259ti v\u0259zif\u0259l\u0259rinin icras\u0131 il\u0259 \u0259laq\u0259dar i\u015f\u011faldan azad edilmi\u015f K\u0259lb\u0259c\u0259r rayonuna ezam olunmu\u015f media n\u00fcmay\u0259nd\u0259l\u0259rinin minaya d\u00fc\u015fm\u0259 an\u0131n\u0131n g\u00f6r\u00fcnt\u00fcl\u0259ri yay\u0131l\u0131b. H\u0259min g\u00f6r\u00fcnt\u00fcl\u0259ri t\u0259qdim edirik: Qeyd ed\u0259k ki, iyunun 4-d\u0259 saat 11 rad\u0259l\u0259rind\u0259 xidm\u0259ti v\u0259zif\u0259l\u0259rinin icras\u0131 il\u0259 \u0259laq\u0259dar i\u015f\u011faldan azad edilmi\u015f K\u0259lb\u0259c\u0259r rayonuna ezam olunmu\u015f televiziya kanallar\u0131n\u0131n v\u0259 x\u0259b\u0259r agentlikl\u0259rinin \u0259m\u0259kda\u015flar\u0131n\u0131n oldu\u011fu \u201cKamaz\u201d markal\u0131 s\u0259rni\u015fin avtomobilinin rayonun Susuzluq k\u0259ndi istiqam\u0259tind\u0259 h\u0259r\u0259k\u0259td\u0259 olark\u0259n tank \u0259leyhin\u0259 minaya d\u00fc\u015fm\u0259si n\u0259tic\u0259sind\u0259 3 n\u0259f\u0259r \u2013 Sirac Ab\u0131\u015fov (Az TV telekanal\u0131n\u0131n operatoru), M\u0259h\u0259rr\u0259m \u0130brahimov (Az\u0259rtac x\u0259b\u0259r agentliyinin \u0259m\u0259kda\u015f\u0131), Arif \u018fliyev (R\u0130H ba\u015f\u00e7\u0131s\u0131n\u0131n Susuzluq&hellip;<\/p>\n","protected":false},"author":2,"featured_media":344192,"comment_status":"closed","ping_status":"closed","sticky":false,"template":"","format":"standard","meta":{"om_disable_all_campaigns":false,"_monsterinsights_skip_tracking":false,"_monsterinsights_sitenote_active":false,"_monsterinsights_sitenote_note":"","_monsterinsights_sitenote_category":0},"categories":[26],"tags":[],"aioseo_notices":[],"gutentor_comment":0,"rttpg_featured_image_url":{"full":["https:\/\/arantv.az\/wp-content\/uploads\/2021\/06\/1622807518_196190860_2835010916810180_6345256443086698384_n-2.jpg",619,465,false],"landscape":["https:\/\/arantv.az\/wp-content\/uploads\/2021\/06\/1622807518_196190860_2835010916810180_6345256443086698384_n-2.jpg",619,465,false],"portraits":["https:\/\/arantv.az\/wp-content\/uploads\/2021\/06\/1622807518_196190860_2835010916810180_6345256443086698384_n-2.jpg",619,465,false],"thumbnail":["https:\/\/arantv.az\/wp-content\/uploads\/2021\/06\/1622807518_196190860_2835010916810180_6345256443086698384_n-2-500x280.jpg",500,280,true],"medium":["https:\/\/arantv.az\/wp-content\/uploads\/2021\/06\/1622807518_196190860_2835010916810180_6345256443086698384_n-2-486x365.jpg",486,365,true],"large":["https:\/\/arantv.az\/wp-content\/uploads\/2021\/06\/1622807518_196190860_2835010916810180_6345256443086698384_n-2.jpg",619,465,false],"1536x1536":["https:\/\/arantv.az\/wp-content\/uploads\/2021\/06\/1622807518_196190860_2835010916810180_6345256443086698384_n-2.jpg",619,465,false],"2048x2048":["https:\/\/arantv.az\/wp-content\/uploads\/2021\/06\/1622807518_196190860_2835010916810180_6345256443086698384_n-2.jpg",619,465,false],"post-thumbnail":["https:\/\/arantv.az\/wp-content\/uploads\/2021\/06\/1622807518_196190860_2835010916810180_6345256443086698384_n-2-240x172.jpg",240,172,true],"advps-thumb-one":["https:\/\/arantv.az\/wp-content\/uploads\/2021\/06\/1622807518_196190860_2835010916810180_6345256443086698384_n-2.jpg",619,465,false]},"rttpg_author":{"display_name":"V\u00fcsal Rafiqo\u011flu","author_link":"https:\/\/arantv.az\/?author=2"},"rttpg_comment":0,"rttpg_category":"<a href=\"https:\/\/arantv.az\/?cat=26\" rel=\"category\">Sosial<\/a>","rttpg_excerpt":"\u0130yunun 4-d\u0259 saat 11 rad\u0259l\u0259rind\u0259 xidm\u0259ti v\u0259zif\u0259l\u0259rinin icras\u0131 il\u0259 \u0259laq\u0259dar i\u015f\u011faldan azad edilmi\u015f K\u0259lb\u0259c\u0259r rayonuna ezam olunmu\u015f media n\u00fcmay\u0259nd\u0259l\u0259rinin minaya d\u00fc\u015fm\u0259 an\u0131n\u0131n g\u00f6r\u00fcnt\u00fcl\u0259ri yay\u0131l\u0131b. H\u0259min g\u00f6r\u00fcnt\u00fcl\u0259ri t\u0259qdim edirik: Qeyd ed\u0259k ki, iyunun 4-d\u0259 saat 11 rad\u0259l\u0259rind\u0259 xidm\u0259ti v\u0259zif\u0259l\u0259rinin icras\u0131 il\u0259 \u0259laq\u0259dar i\u015f\u011faldan azad edilmi\u015f K\u0259lb\u0259c\u0259r rayonuna ezam olunmu\u015f televiziya kanallar\u0131n\u0131n v\u0259 x\u0259b\u0259r agentlikl\u0259rinin \u0259m\u0259kda\u015flar\u0131n\u0131n oldu\u011fu&hellip;","_links":{"self":[{"href":"https:\/\/arantv.az\/index.php?rest_route=\/wp\/v2\/posts\/344191"}],"collection":[{"href":"https:\/\/arantv.az\/index.php?rest_route=\/wp\/v2\/posts"}],"about":[{"href":"https:\/\/arantv.az\/index.php?rest_route=\/wp\/v2\/types\/post"}],"author":[{"embeddable":true,"href":"https:\/\/arantv.az\/index.php?rest_route=\/wp\/v2\/users\/2"}],"replies":[{"embeddable":true,"href":"https:\/\/arantv.az\/index.php?rest_route=%2Fwp%2Fv2%2Fcomments&post=344191"}],"version-history":[{"count":0,"href":"https:\/\/arantv.az\/index.php?rest_route=\/wp\/v2\/posts\/344191\/revisions"}],"wp:featuredmedia":[{"embeddable":true,"href":"https:\/\/arantv.az\/index.php?rest_route=\/wp\/v2\/media\/344192"}],"wp:attachment":[{"href":"https:\/\/arantv.az\/index.php?rest_route=%2Fwp%2Fv2%2Fmedia&parent=344191"}],"wp:term":[{"taxonomy":"category","embeddable":true,"href":"https:\/\/arantv.az\/index.php?rest_route=%2Fwp%2Fv2%2Fcategories&post=344191"},{"taxonomy":"post_tag","embeddable":true,"href":"https:\/\/arantv.az\/index.php?rest_route=%2Fwp%2Fv2%2Ftags&post=344191"}],"curies":[{"name":"wp","href":"https:\/\/api.w.org\/{rel}","templated":true}]}}