{"id":344194,"date":"2021-06-05T12:29:47","date_gmt":"2021-06-05T09:29:47","guid":{"rendered":"https:\/\/arantv.az\/?p=344194"},"modified":"2021-06-05T12:29:47","modified_gmt":"2021-06-05T09:29:47","slug":"tovuz-doyusl%c9%99rinin-s%c9%99hid-mayorunun-xatir%c9%99sin%c9%99-h%c9%99sr-olunmus-t%c9%99dbir-foto-2","status":"publish","type":"post","link":"https:\/\/arantv.az\/?p=344194","title":{"rendered":"Tovuz d\u00f6y\u00fc\u015fl\u0259rinin \u015f\u0259hid mayorunun xatir\u0259sin\u0259 h\u0259sr olunmu\u015f t\u0259dbir &#8211; FOTO"},"content":{"rendered":"<p>H\u0259zi Aslanov ad\u0131na Ordu \u0130deoloji v\u0259 M\u0259d\u0259niyy\u0259t M\u0259rk\u0259zind\u0259 Az\u0259rbaycan\u0131n \u0259razi b\u00fct\u00f6vl\u00fcy\u00fc u\u011frunda can\u0131ndan ke\u00e7mi\u015f V\u0259t\u0259n \u00f6vladlar\u0131n\u0131 tan\u0131td\u0131rmaq m\u0259qs\u0259dil\u0259 &#8211; \u201c\u015e\u0259hidl\u0259r \u00f6lm\u0259z, V\u0259t\u0259n b\u00f6l\u00fcnm\u0259z!\u201d adl\u0131 t\u0259dbirl\u0259r silsil\u0259sind\u0259n Tovuz d\u00f6y\u00fc\u015fl\u0259rind\u0259 \u015f\u0259hidlik zirv\u0259sin\u0259 ucalan mayor Namiq \u018fhm\u0259dovun xatir\u0259sin\u0259 h\u0259sr olunmu\u015f t\u0259dbir ke\u00e7irilib.<\/p>\n<p>T\u0259dbird\u0259 H\u0259zi Aslanov ad\u0131na Ordu \u0130deoloji v\u0259 M\u0259d\u0259niyy\u0259t M\u0259rk\u0259zinin \u0259m\u0259kda\u015flar\u0131, \u015f\u0259hidin ail\u0259 \u00fczvl\u0259ri, d\u00f6y\u00fc\u015f yolda\u015flar\u0131, ictimaiyy\u0259t n\u00fcmay\u0259nd\u0259l\u0259ri v\u0259 dig\u0259r qonaqlar i\u015ftirak edibl\u0259r.<br \/>\n\u018fvv\u0259lc\u0259 xalq\u0131m\u0131z\u0131n \u00fcmummilli lideri Heyd\u0259r \u018fliyevin, V\u0259t\u0259nimizin suverenliyi v\u0259 \u0259razi b\u00fct\u00f6vl\u00fcy\u00fc u\u011frunda \u015f\u0259hid olanlar\u0131n xatir\u0259si bir d\u0259qiq\u0259lik s\u00fckutla yad edilib. Az\u0259rbaycan Respublikas\u0131n\u0131n D\u00f6vl\u0259t Himni s\u0259sl\u0259ndirilib.<\/p>\n<p>Sonra \u015f\u0259hid mayor Namiq \u018fhm\u0259dovun xatir\u0259sin\u0259 h\u0259sr edilmi\u015f video\u00e7arx n\u00fcmayi\u015f olunub.<br \/>\nT\u0259dbir i\u015ftirak\u00e7\u0131lar\u0131na \u015f\u0259hid zabitin \u015f\u0259r\u0259fli d\u00f6y\u00fc\u015f yolu haqq\u0131nda m\u0259lumat verilib.<\/p>\n<div id=\"AdviadNativeVideo0\" class=\"AdviadNativeVideo\"><\/div>\n<p>\u00c7\u0131x\u0131\u015f ed\u0259n \u015f\u0259hid N.\u018fhm\u0259dovun o\u011flu M\u0259h\u0259mm\u0259d atas\u0131 il\u0259 f\u0259xr etdiyini deyib. O, d\u00f6vl\u0259timiz t\u0259r\u0259find\u0259n diqq\u0259t v\u0259 qay\u011f\u0131 il\u0259 \u0259hat\u0259 olunduqlar\u0131n\u0131 qeyd ed\u0259r\u0259k t\u0259dbirin t\u0259\u015fkilin\u0259 g\u00f6r\u0259 \u0259m\u0259yi olan h\u0259r k\u0259s\u0259 minn\u0259tdarl\u0131\u011f\u0131n\u0131 bildirib.<\/p>\n<p>Sonda Az\u0259rbaycan Respublikas\u0131n\u0131n Xalq artisti G\u00fclyaz M\u0259mm\u0259dova v\u0259 H\u0259zi Aslanov ad\u0131na Ordu \u0130deoloji v\u0259 M\u0259d\u0259niyy\u0259t M\u0259rk\u0259zinin yarad\u0131c\u0131 kollektivinin ifas\u0131nda h\u0259rbi v\u0259t\u0259np\u0259rv\u0259rlik m\u00f6vzusunda musiqil\u0259r s\u0259sl\u0259ndirilib.<\/p>\n<p>&nbsp;<\/p>\n<div class=\"gallery\">\n<div class=\"gallery-i\"><img src=\"https:\/\/cdn.oxu.az\/uploads\/W1siZiIsIjIwMjEvMDYvMDUvMTEvMzIvNDIvOWMyYThiZGQtNTczYS00NWUwLThhNzktNmI4NjRjY2MxN2E0L24zLmpwZyJdLFsicCIsImVuY29kZSIsImpwZyIsIi1xdWFsaXR5IDgwIl0sWyJwIiwidGh1bWIiLCI1OTB4NTkwXHUwMDNlIl1d?sha=f5ad7c16b5400799\" alt=\"\" \/><\/p>\n<div class=\"gallery-i-caption\"><\/div>\n<\/div>\n<div class=\"gallery-i\"><img src=\"https:\/\/cdn.oxu.az\/uploads\/W1siZiIsIjIwMjEvMDYvMDUvMTEvMzIvNDIvYzRkNjMzYWMtYzkwNi00NTZlLWJiM2UtMDU3NTg1MmE3YWZhL24yLmpwZyJdLFsicCIsImVuY29kZSIsImpwZyIsIi1xdWFsaXR5IDgwIl0sWyJwIiwidGh1bWIiLCI1OTB4NTkwXHUwMDNlIl1d?sha=ead55766c5af131c\" alt=\"\" \/><\/div>\n<\/div>\n","protected":false},"excerpt":{"rendered":"<p>H\u0259zi Aslanov ad\u0131na Ordu \u0130deoloji v\u0259 M\u0259d\u0259niyy\u0259t M\u0259rk\u0259zind\u0259 Az\u0259rbaycan\u0131n \u0259razi b\u00fct\u00f6vl\u00fcy\u00fc u\u011frunda can\u0131ndan ke\u00e7mi\u015f V\u0259t\u0259n \u00f6vladlar\u0131n\u0131 tan\u0131td\u0131rmaq m\u0259qs\u0259dil\u0259 &#8211; \u201c\u015e\u0259hidl\u0259r \u00f6lm\u0259z, V\u0259t\u0259n b\u00f6l\u00fcnm\u0259z!\u201d adl\u0131 t\u0259dbirl\u0259r silsil\u0259sind\u0259n Tovuz d\u00f6y\u00fc\u015fl\u0259rind\u0259 \u015f\u0259hidlik zirv\u0259sin\u0259 ucalan mayor Namiq \u018fhm\u0259dovun xatir\u0259sin\u0259 h\u0259sr olunmu\u015f t\u0259dbir ke\u00e7irilib. T\u0259dbird\u0259 H\u0259zi Aslanov ad\u0131na Ordu \u0130deoloji v\u0259 M\u0259d\u0259niyy\u0259t M\u0259rk\u0259zinin \u0259m\u0259kda\u015flar\u0131, \u015f\u0259hidin ail\u0259 \u00fczvl\u0259ri, d\u00f6y\u00fc\u015f yolda\u015flar\u0131, ictimaiyy\u0259t n\u00fcmay\u0259nd\u0259l\u0259ri v\u0259 dig\u0259r qonaqlar i\u015ftirak edibl\u0259r. \u018fvv\u0259lc\u0259 xalq\u0131m\u0131z\u0131n \u00fcmummilli lideri Heyd\u0259r \u018fliyevin, V\u0259t\u0259nimizin suverenliyi v\u0259 \u0259razi b\u00fct\u00f6vl\u00fcy\u00fc u\u011frunda \u015f\u0259hid olanlar\u0131n xatir\u0259si bir d\u0259qiq\u0259lik s\u00fckutla yad edilib. Az\u0259rbaycan Respublikas\u0131n\u0131n D\u00f6vl\u0259t Himni s\u0259sl\u0259ndirilib. Sonra \u015f\u0259hid mayor Namiq&hellip;<\/p>\n","protected":false},"author":2,"featured_media":344195,"comment_status":"closed","ping_status":"closed","sticky":false,"template":"","format":"standard","meta":{"om_disable_all_campaigns":false,"_monsterinsights_skip_tracking":false,"_monsterinsights_sitenote_active":false,"_monsterinsights_sitenote_note":"","_monsterinsights_sitenote_category":0},"categories":[26],"tags":[],"aioseo_notices":[],"gutentor_comment":0,"rttpg_featured_image_url":{"full":["https:\/\/arantv.az\/wp-content\/uploads\/2021\/06\/n1-1.jpg",620,465,false],"landscape":["https:\/\/arantv.az\/wp-content\/uploads\/2021\/06\/n1-1.jpg",620,465,false],"portraits":["https:\/\/arantv.az\/wp-content\/uploads\/2021\/06\/n1-1.jpg",620,465,false],"thumbnail":["https:\/\/arantv.az\/wp-content\/uploads\/2021\/06\/n1-1-500x280.jpg",500,280,true],"medium":["https:\/\/arantv.az\/wp-content\/uploads\/2021\/06\/n1-1-487x365.jpg",487,365,true],"large":["https:\/\/arantv.az\/wp-content\/uploads\/2021\/06\/n1-1.jpg",620,465,false],"1536x1536":["https:\/\/arantv.az\/wp-content\/uploads\/2021\/06\/n1-1.jpg",620,465,false],"2048x2048":["https:\/\/arantv.az\/wp-content\/uploads\/2021\/06\/n1-1.jpg",620,465,false],"post-thumbnail":["https:\/\/arantv.az\/wp-content\/uploads\/2021\/06\/n1-1-240x172.jpg",240,172,true],"advps-thumb-one":["https:\/\/arantv.az\/wp-content\/uploads\/2021\/06\/n1-1.jpg",620,465,false]},"rttpg_author":{"display_name":"V\u00fcsal Rafiqo\u011flu","author_link":"https:\/\/arantv.az\/?author=2"},"rttpg_comment":0,"rttpg_category":"<a href=\"https:\/\/arantv.az\/?cat=26\" rel=\"category\">Sosial<\/a>","rttpg_excerpt":"H\u0259zi Aslanov ad\u0131na Ordu \u0130deoloji v\u0259 M\u0259d\u0259niyy\u0259t M\u0259rk\u0259zind\u0259 Az\u0259rbaycan\u0131n \u0259razi b\u00fct\u00f6vl\u00fcy\u00fc u\u011frunda can\u0131ndan ke\u00e7mi\u015f V\u0259t\u0259n \u00f6vladlar\u0131n\u0131 tan\u0131td\u0131rmaq m\u0259qs\u0259dil\u0259 &#8211; \u201c\u015e\u0259hidl\u0259r \u00f6lm\u0259z, V\u0259t\u0259n b\u00f6l\u00fcnm\u0259z!\u201d adl\u0131 t\u0259dbirl\u0259r silsil\u0259sind\u0259n Tovuz d\u00f6y\u00fc\u015fl\u0259rind\u0259 \u015f\u0259hidlik zirv\u0259sin\u0259 ucalan mayor Namiq \u018fhm\u0259dovun xatir\u0259sin\u0259 h\u0259sr olunmu\u015f t\u0259dbir ke\u00e7irilib. T\u0259dbird\u0259 H\u0259zi Aslanov ad\u0131na Ordu \u0130deoloji v\u0259 M\u0259d\u0259niyy\u0259t M\u0259rk\u0259zinin \u0259m\u0259kda\u015flar\u0131, \u015f\u0259hidin ail\u0259 \u00fczvl\u0259ri, d\u00f6y\u00fc\u015f yolda\u015flar\u0131, ictimaiyy\u0259t&hellip;","_links":{"self":[{"href":"https:\/\/arantv.az\/index.php?rest_route=\/wp\/v2\/posts\/344194"}],"collection":[{"href":"https:\/\/arantv.az\/index.php?rest_route=\/wp\/v2\/posts"}],"about":[{"href":"https:\/\/arantv.az\/index.php?rest_route=\/wp\/v2\/types\/post"}],"author":[{"embeddable":true,"href":"https:\/\/arantv.az\/index.php?rest_route=\/wp\/v2\/users\/2"}],"replies":[{"embeddable":true,"href":"https:\/\/arantv.az\/index.php?rest_route=%2Fwp%2Fv2%2Fcomments&post=344194"}],"version-history":[{"count":0,"href":"https:\/\/arantv.az\/index.php?rest_route=\/wp\/v2\/posts\/344194\/revisions"}],"wp:featuredmedia":[{"embeddable":true,"href":"https:\/\/arantv.az\/index.php?rest_route=\/wp\/v2\/media\/344195"}],"wp:attachment":[{"href":"https:\/\/arantv.az\/index.php?rest_route=%2Fwp%2Fv2%2Fmedia&parent=344194"}],"wp:term":[{"taxonomy":"category","embeddable":true,"href":"https:\/\/arantv.az\/index.php?rest_route=%2Fwp%2Fv2%2Fcategories&post=344194"},{"taxonomy":"post_tag","embeddable":true,"href":"https:\/\/arantv.az\/index.php?rest_route=%2Fwp%2Fv2%2Ftags&post=344194"}],"curies":[{"name":"wp","href":"https:\/\/api.w.org\/{rel}","templated":true}]}}