{"id":344197,"date":"2021-06-05T12:31:32","date_gmt":"2021-06-05T09:31:32","guid":{"rendered":"https:\/\/arantv.az\/?p=344197"},"modified":"2021-06-05T12:31:32","modified_gmt":"2021-06-05T09:31:32","slug":"mina-partlamasi-n%c9%99tic%c9%99sind%c9%99-h%c9%99lak-olan-icra-numay%c9%99nd%c9%99si-d%c9%99fn-olundu-yenil%c9%99nib-foto","status":"publish","type":"post","link":"https:\/\/arantv.az\/?p=344197","title":{"rendered":"Mina partlamas\u0131 n\u0259tic\u0259sind\u0259 h\u0259lak olan icra n\u00fcmay\u0259nd\u0259si d\u0259fn olundu &#8211; YEN\u0130L\u018fN\u0130B + FOTO"},"content":{"rendered":"<p>K\u0259lb\u0259c\u0259r rayonunun Susuzluq k\u0259nd istiqam\u0259tind\u0259 media n\u00fcmay\u0259nd\u0259l\u0259ri il\u0259 birg\u0259 minaya d\u00fc\u015f\u0259r\u0259k h\u0259lak olan K\u0259lb\u0259c\u0259r Rayon \u0130cra Hakimiyy\u0259tinin Susuzluq k\u0259nd inzibati \u0259razi dair\u0259si \u00fczr\u0259 n\u00fcmay\u0259nd\u0259sinin m\u00fcavini Arif A\u011falar o\u011flu \u018fliyev d\u0259fn olunub.<\/p>\n<p>Onun c\u0259naz\u0259si G\u00f6yg\u00f6l rayon \u015e\u0259hidl\u0259r xiyaban\u0131nda torpa\u011fa tap\u015f\u0131r\u0131l\u0131b.<\/p>\n<p><strong>11:41<\/strong><\/p>\n<div id=\"AdviadNativeVideo0\" class=\"AdviadNativeVideo\"><\/div>\n<p>K\u0259lb\u0259c\u0259r rayonunun Susuzluq k\u0259ndi istiqam\u0259tind\u0259 bir qrup media n\u00fcmay\u0259nd\u0259l\u0259ri il\u0259 birlikd\u0259 minaya d\u00fc\u015f\u0259r\u0259k d\u00fcnyas\u0131n\u0131 d\u0259yi\u015f\u0259n K\u0259lb\u0259c\u0259r rayon Susuzluq k\u0259nd icra n\u00fcmay\u0259nd\u0259sinin m\u00fcavini \u018fliyev Arif A\u011falar o\u011flu bu g\u00fcn G\u00f6yg\u00f6l rayonunda son m\u0259nzil\u0259 yola sal\u0131n\u0131r.<\/p>\n<p>Baku.ws-in\u00a0verdiyi m\u0259lumata g\u00f6r\u0259, m\u0259rhumla G\u00f6yg\u00f6l rayonunda m\u0259skunla\u015fd\u0131\u011f\u0131 Xasa Ba\u011f\u0131 q\u0259s\u0259b\u0259sind\u0259ki evind\u0259 vida m\u0259rasimi ke\u00e7irilir.<\/p>\n<p>Vida m\u0259rasimind\u0259 m\u0259rhumun yax\u0131nlar\u0131 il\u0259 yana\u015f\u0131 K\u0259lb\u0259c\u0259r Rayon \u0130cra Hakimiyy\u0259ti Aparat\u0131n\u0131n r\u0259smil\u0259ri i\u015ftirak edir.<\/p>\n<p>Arif \u018fliyev G\u00f6yg\u00f6l rayon \u015e\u0259hidl\u0259r xiyaban\u0131nda torpa\u011fa tap\u015f\u0131r\u0131lacaq.<\/p>\n<p>M\u0259lumat \u00fc\u00e7\u00fcn bildir\u0259k ki, Arif \u018fliyev ail\u0259li v\u0259 3 u\u015faq atas\u0131d\u0131r. Hadis\u0259 zaman\u0131 Arif \u018fliyevl\u0259 b\u0259rab\u0259r AZTV-nin operatoru Sirac Ab\u0131\u015fov v\u0259 AZ\u018fRTAC-\u0131n \u0259m\u0259kda\u015f\u0131 M\u0259h\u0259rr\u0259m \u0130brahimov da h\u0259yat\u0131n\u0131 itirib, daha 4 n\u0259f\u0259r is\u0259 yaralan\u0131b.<\/p>\n<p><img src=\"https:\/\/cdn.oxu.az\/uploads\/W1siZiIsIjIwMjEvMDYvMDUvMTEvMzUvMTgvMDE4YWVlYWUtZDAzYy00ODE3LWE0MjItZDk1NmFmZTdmNTRlL2c4LmpwZyJdLFsicCIsImVuY29kZSIsImpwZyIsIi1xdWFsaXR5IDgwIl0sWyJwIiwidGh1bWIiLCI1OTB4NTkwXHUwMDNlIl1d?sha=89f47e9a8b77ccc7\" alt=\"\" \/><img src=\"https:\/\/cdn.oxu.az\/uploads\/W1siZiIsIjIwMjEvMDYvMDUvMTEvMzUvMTgvZWExNGUwN2QtMGU5ZC00ZGVjLTg4MGQtYTcyNDFiNjRlY2VkL2c3LmpwZyJdLFsicCIsImVuY29kZSIsImpwZyIsIi1xdWFsaXR5IDgwIl0sWyJwIiwidGh1bWIiLCI1OTB4NTkwXHUwMDNlIl1d?sha=1ecf8d6c99e890d4\" alt=\"\" \/><img src=\"https:\/\/cdn.oxu.az\/uploads\/W1siZiIsIjIwMjEvMDYvMDUvMTEvMzUvMTgvNmY1ZmU1OGMtODU4Mi00ZDE3LTlmZjktZmY1ZDgwOWVmMTI4L2c2LmpwZyJdLFsicCIsImVuY29kZSIsImpwZyIsIi1xdWFsaXR5IDgwIl0sWyJwIiwidGh1bWIiLCI1OTB4NTkwXHUwMDNlIl1d?sha=97a7b130a2d88e60\" alt=\"\" \/><img src=\"https:\/\/cdn.oxu.az\/uploads\/W1siZiIsIjIwMjEvMDYvMDUvMTEvMzUvMTkvMDg2YTQxOTMtYzEwYi00YzY5LWIwZmQtZTMwZTQxMzViYjZhL2c0LmpwZyJdLFsicCIsImVuY29kZSIsImpwZyIsIi1xdWFsaXR5IDgwIl0sWyJwIiwidGh1bWIiLCI1OTB4NTkwXHUwMDNlIl1d?sha=5993f6d45a905f60\" alt=\"\" \/><img src=\"https:\/\/cdn.oxu.az\/uploads\/W1siZiIsIjIwMjEvMDYvMDUvMTEvMzUvMTkvMThiZTEwMjItMjZmYS00Mzc4LWFmYjItOTRmZDc2ZDI4OGJhL2czLmpwZyJdLFsicCIsImVuY29kZSIsImpwZyIsIi1xdWFsaXR5IDgwIl0sWyJwIiwidGh1bWIiLCI1OTB4NTkwXHUwMDNlIl1d?sha=14332f1dc843ac70\" alt=\"\" \/><img src=\"https:\/\/cdn.oxu.az\/uploads\/W1siZiIsIjIwMjEvMDYvMDUvMTEvMzUvMTkvOWVlYjI4YTAtM2QzYS00ODVlLWFlZjQtYjg4ZjFhMTUzNmIxL2cyLmpwZyJdLFsicCIsImVuY29kZSIsImpwZyIsIi1xdWFsaXR5IDgwIl0sWyJwIiwidGh1bWIiLCI1OTB4NTkwXHUwMDNlIl1d?sha=2ce79e7fedefb0da\" alt=\"\" \/><img src=\"https:\/\/cdn.oxu.az\/uploads\/W1siZiIsIjIwMjEvMDYvMDUvMTEvMzUvMjAvNTFjYjUzMWItNDRiNi00MTBkLTliMjItMjBmMmZhODU4YTEwL2cxLmpwZyJdLFsicCIsImVuY29kZSIsImpwZyIsIi1xdWFsaXR5IDgwIl0sWyJwIiwidGh1bWIiLCI1OTB4NTkwXHUwMDNlIl1d?sha=e675af949605407c\" alt=\"\" \/><\/p>\n","protected":false},"excerpt":{"rendered":"<p>K\u0259lb\u0259c\u0259r rayonunun Susuzluq k\u0259nd istiqam\u0259tind\u0259 media n\u00fcmay\u0259nd\u0259l\u0259ri il\u0259 birg\u0259 minaya d\u00fc\u015f\u0259r\u0259k h\u0259lak olan K\u0259lb\u0259c\u0259r Rayon \u0130cra Hakimiyy\u0259tinin Susuzluq k\u0259nd inzibati \u0259razi dair\u0259si \u00fczr\u0259 n\u00fcmay\u0259nd\u0259sinin m\u00fcavini Arif A\u011falar o\u011flu \u018fliyev d\u0259fn olunub. Onun c\u0259naz\u0259si G\u00f6yg\u00f6l rayon \u015e\u0259hidl\u0259r xiyaban\u0131nda torpa\u011fa tap\u015f\u0131r\u0131l\u0131b. 11:41 K\u0259lb\u0259c\u0259r rayonunun Susuzluq k\u0259ndi istiqam\u0259tind\u0259 bir qrup media n\u00fcmay\u0259nd\u0259l\u0259ri il\u0259 birlikd\u0259 minaya d\u00fc\u015f\u0259r\u0259k d\u00fcnyas\u0131n\u0131 d\u0259yi\u015f\u0259n K\u0259lb\u0259c\u0259r rayon Susuzluq k\u0259nd icra n\u00fcmay\u0259nd\u0259sinin m\u00fcavini \u018fliyev Arif A\u011falar o\u011flu bu g\u00fcn G\u00f6yg\u00f6l rayonunda son m\u0259nzil\u0259 yola sal\u0131n\u0131r. Baku.ws-in\u00a0verdiyi m\u0259lumata g\u00f6r\u0259, m\u0259rhumla G\u00f6yg\u00f6l rayonunda m\u0259skunla\u015fd\u0131\u011f\u0131 Xasa Ba\u011f\u0131 q\u0259s\u0259b\u0259sind\u0259ki evind\u0259 vida m\u0259rasimi ke\u00e7irilir. Vida m\u0259rasimind\u0259&hellip;<\/p>\n","protected":false},"author":2,"featured_media":344198,"comment_status":"closed","ping_status":"closed","sticky":false,"template":"","format":"standard","meta":{"om_disable_all_campaigns":false,"_monsterinsights_skip_tracking":false,"_monsterinsights_sitenote_active":false,"_monsterinsights_sitenote_note":"","_monsterinsights_sitenote_category":0},"categories":[26],"tags":[],"aioseo_notices":[],"gutentor_comment":0,"rttpg_featured_image_url":{"full":["https:\/\/arantv.az\/wp-content\/uploads\/2021\/06\/g6-2.jpg",620,465,false],"landscape":["https:\/\/arantv.az\/wp-content\/uploads\/2021\/06\/g6-2.jpg",620,465,false],"portraits":["https:\/\/arantv.az\/wp-content\/uploads\/2021\/06\/g6-2.jpg",620,465,false],"thumbnail":["https:\/\/arantv.az\/wp-content\/uploads\/2021\/06\/g6-2-500x280.jpg",500,280,true],"medium":["https:\/\/arantv.az\/wp-content\/uploads\/2021\/06\/g6-2-487x365.jpg",487,365,true],"large":["https:\/\/arantv.az\/wp-content\/uploads\/2021\/06\/g6-2.jpg",620,465,false],"1536x1536":["https:\/\/arantv.az\/wp-content\/uploads\/2021\/06\/g6-2.jpg",620,465,false],"2048x2048":["https:\/\/arantv.az\/wp-content\/uploads\/2021\/06\/g6-2.jpg",620,465,false],"post-thumbnail":["https:\/\/arantv.az\/wp-content\/uploads\/2021\/06\/g6-2-240x172.jpg",240,172,true],"advps-thumb-one":["https:\/\/arantv.az\/wp-content\/uploads\/2021\/06\/g6-2.jpg",620,465,false]},"rttpg_author":{"display_name":"V\u00fcsal Rafiqo\u011flu","author_link":"https:\/\/arantv.az\/?author=2"},"rttpg_comment":0,"rttpg_category":"<a href=\"https:\/\/arantv.az\/?cat=26\" rel=\"category\">Sosial<\/a>","rttpg_excerpt":"K\u0259lb\u0259c\u0259r rayonunun Susuzluq k\u0259nd istiqam\u0259tind\u0259 media n\u00fcmay\u0259nd\u0259l\u0259ri il\u0259 birg\u0259 minaya d\u00fc\u015f\u0259r\u0259k h\u0259lak olan K\u0259lb\u0259c\u0259r Rayon \u0130cra Hakimiyy\u0259tinin Susuzluq k\u0259nd inzibati \u0259razi dair\u0259si \u00fczr\u0259 n\u00fcmay\u0259nd\u0259sinin m\u00fcavini Arif A\u011falar o\u011flu \u018fliyev d\u0259fn olunub. Onun c\u0259naz\u0259si G\u00f6yg\u00f6l rayon \u015e\u0259hidl\u0259r xiyaban\u0131nda torpa\u011fa tap\u015f\u0131r\u0131l\u0131b. 11:41 K\u0259lb\u0259c\u0259r rayonunun Susuzluq k\u0259ndi istiqam\u0259tind\u0259 bir qrup media n\u00fcmay\u0259nd\u0259l\u0259ri il\u0259 birlikd\u0259 minaya d\u00fc\u015f\u0259r\u0259k d\u00fcnyas\u0131n\u0131 d\u0259yi\u015f\u0259n&hellip;","_links":{"self":[{"href":"https:\/\/arantv.az\/index.php?rest_route=\/wp\/v2\/posts\/344197"}],"collection":[{"href":"https:\/\/arantv.az\/index.php?rest_route=\/wp\/v2\/posts"}],"about":[{"href":"https:\/\/arantv.az\/index.php?rest_route=\/wp\/v2\/types\/post"}],"author":[{"embeddable":true,"href":"https:\/\/arantv.az\/index.php?rest_route=\/wp\/v2\/users\/2"}],"replies":[{"embeddable":true,"href":"https:\/\/arantv.az\/index.php?rest_route=%2Fwp%2Fv2%2Fcomments&post=344197"}],"version-history":[{"count":0,"href":"https:\/\/arantv.az\/index.php?rest_route=\/wp\/v2\/posts\/344197\/revisions"}],"wp:featuredmedia":[{"embeddable":true,"href":"https:\/\/arantv.az\/index.php?rest_route=\/wp\/v2\/media\/344198"}],"wp:attachment":[{"href":"https:\/\/arantv.az\/index.php?rest_route=%2Fwp%2Fv2%2Fmedia&parent=344197"}],"wp:term":[{"taxonomy":"category","embeddable":true,"href":"https:\/\/arantv.az\/index.php?rest_route=%2Fwp%2Fv2%2Fcategories&post=344197"},{"taxonomy":"post_tag","embeddable":true,"href":"https:\/\/arantv.az\/index.php?rest_route=%2Fwp%2Fv2%2Ftags&post=344197"}],"curies":[{"name":"wp","href":"https:\/\/api.w.org\/{rel}","templated":true}]}}