{"id":344209,"date":"2021-06-05T12:34:11","date_gmt":"2021-06-05T09:34:11","guid":{"rendered":"https:\/\/arantv.az\/?p=344209"},"modified":"2021-06-05T12:34:11","modified_gmt":"2021-06-05T09:34:11","slug":"%c9%99traf-muhit-gunu-il%c9%99-%c9%99laq%c9%99dar-altiagac-milli-parkinda-t%c9%99dbir-kecirilir","status":"publish","type":"post","link":"https:\/\/arantv.az\/?p=344209","title":{"rendered":"\u018ftraf M\u00fchit g\u00fcn\u00fc il\u0259 \u0259laq\u0259dar Alt\u0131a\u011fac Milli Park\u0131nda t\u0259dbir ke\u00e7irilir"},"content":{"rendered":"<p>5 \u0130yun &#8211; Beyn\u0259lxalq \u018ftraf M\u00fchit g\u00fcn\u00fc il\u0259 \u0259laq\u0259dar Ekologiya v\u0259 T\u0259bii S\u0259rv\u0259tl\u0259r Nazirliyi t\u0259r\u0259find\u0259n Alt\u0131a\u011fac Milli Park\u0131nda t\u0259dbir ke\u00e7irilir.<\/p>\n<p><strong>ARANTV.AZ<\/strong>-\u0131n m\u0259lumat\u0131na g\u00f6r\u0259, t\u0259dbird\u0259 Nazirliyin \u0259m\u0259kda\u015flar\u0131, r\u0259smi qonaqlar v\u0259 media n\u00fcmay\u0259nd\u0259l\u0259ri i\u015ftirak edir.<\/p>\n<div id=\"AdviadNativeVideo0\" class=\"AdviadNativeVideo\"><\/div>\n<p>Qeyd ed\u0259k ki, d\u00fcnya \u0259halisinin diqq\u0259tini \u0259traf m\u00fchitin m\u00fchafiz\u0259sin\u0259 y\u00f6n\u0259ltm\u0259k, ekoloji \u015f\u00fcurun y\u00fcks\u0259ldilm\u0259si m\u0259qs\u0259dil\u0259 1972-ci ild\u0259n ba\u015flayaraq h\u0259r il\u00a0bu \u201cBeyn\u0259lxalq \u018ftraf M\u00fchit G\u00fcn\u00fc\u201d kimi qeyd olunur.<\/p>\n<p>Az\u0259rbaycanda da Ekologiya v\u0259 T\u0259bii S\u0259rv\u0259tl\u0259r Nazirliyi h\u0259r il 5 \u0130yun &#8211; \u201c\u00dcmumd\u00fcnya \u0259traf m\u00fchit g\u00fcn\u00fc\u201d\u00a0\u0259r\u0259f\u0259sind\u0259 \u0259traf m\u00fchitin qorunmas\u0131, t\u0259bi\u0259tin m\u00fchafiz\u0259si, bioloji m\u00fcxt\u0259lifliyin qorunub saxlan\u0131lmas\u0131 m\u0259qs\u0259di il\u0259 m\u00fcxt\u0259lif t\u0259dbirl\u0259r h\u0259yata ke\u00e7irir.<\/p>\n","protected":false},"excerpt":{"rendered":"<p>5 \u0130yun &#8211; Beyn\u0259lxalq \u018ftraf M\u00fchit g\u00fcn\u00fc il\u0259 \u0259laq\u0259dar Ekologiya v\u0259 T\u0259bii S\u0259rv\u0259tl\u0259r Nazirliyi t\u0259r\u0259find\u0259n Alt\u0131a\u011fac Milli Park\u0131nda t\u0259dbir ke\u00e7irilir. ARANTV.AZ-\u0131n m\u0259lumat\u0131na g\u00f6r\u0259, t\u0259dbird\u0259 Nazirliyin \u0259m\u0259kda\u015flar\u0131, r\u0259smi qonaqlar v\u0259 media n\u00fcmay\u0259nd\u0259l\u0259ri i\u015ftirak edir. Qeyd ed\u0259k ki, d\u00fcnya \u0259halisinin diqq\u0259tini \u0259traf m\u00fchitin m\u00fchafiz\u0259sin\u0259 y\u00f6n\u0259ltm\u0259k, ekoloji \u015f\u00fcurun y\u00fcks\u0259ldilm\u0259si m\u0259qs\u0259dil\u0259 1972-ci ild\u0259n ba\u015flayaraq h\u0259r il\u00a0bu \u201cBeyn\u0259lxalq \u018ftraf M\u00fchit G\u00fcn\u00fc\u201d kimi qeyd olunur. Az\u0259rbaycanda da Ekologiya v\u0259 T\u0259bii S\u0259rv\u0259tl\u0259r Nazirliyi h\u0259r il 5 \u0130yun &#8211; \u201c\u00dcmumd\u00fcnya \u0259traf m\u00fchit g\u00fcn\u00fc\u201d\u00a0\u0259r\u0259f\u0259sind\u0259 \u0259traf m\u00fchitin qorunmas\u0131, t\u0259bi\u0259tin m\u00fchafiz\u0259si, bioloji m\u00fcxt\u0259lifliyin qorunub saxlan\u0131lmas\u0131 m\u0259qs\u0259di il\u0259 m\u00fcxt\u0259lif t\u0259dbirl\u0259r h\u0259yata ke\u00e7irir.<\/p>\n","protected":false},"author":2,"featured_media":344210,"comment_status":"closed","ping_status":"closed","sticky":false,"template":"","format":"standard","meta":{"om_disable_all_campaigns":false,"_monsterinsights_skip_tracking":false,"_monsterinsights_sitenote_active":false,"_monsterinsights_sitenote_note":"","_monsterinsights_sitenote_category":0},"categories":[26],"tags":[],"aioseo_notices":[],"gutentor_comment":0,"rttpg_featured_image_url":{"full":["https:\/\/arantv.az\/wp-content\/uploads\/2021\/06\/Alty-Agaj_National_Park_3.jpg",620,465,false],"landscape":["https:\/\/arantv.az\/wp-content\/uploads\/2021\/06\/Alty-Agaj_National_Park_3.jpg",620,465,false],"portraits":["https:\/\/arantv.az\/wp-content\/uploads\/2021\/06\/Alty-Agaj_National_Park_3.jpg",620,465,false],"thumbnail":["https:\/\/arantv.az\/wp-content\/uploads\/2021\/06\/Alty-Agaj_National_Park_3-500x280.jpg",500,280,true],"medium":["https:\/\/arantv.az\/wp-content\/uploads\/2021\/06\/Alty-Agaj_National_Park_3-487x365.jpg",487,365,true],"large":["https:\/\/arantv.az\/wp-content\/uploads\/2021\/06\/Alty-Agaj_National_Park_3.jpg",620,465,false],"1536x1536":["https:\/\/arantv.az\/wp-content\/uploads\/2021\/06\/Alty-Agaj_National_Park_3.jpg",620,465,false],"2048x2048":["https:\/\/arantv.az\/wp-content\/uploads\/2021\/06\/Alty-Agaj_National_Park_3.jpg",620,465,false],"post-thumbnail":["https:\/\/arantv.az\/wp-content\/uploads\/2021\/06\/Alty-Agaj_National_Park_3-240x172.jpg",240,172,true],"advps-thumb-one":["https:\/\/arantv.az\/wp-content\/uploads\/2021\/06\/Alty-Agaj_National_Park_3.jpg",620,465,false]},"rttpg_author":{"display_name":"V\u00fcsal Rafiqo\u011flu","author_link":"https:\/\/arantv.az\/?author=2"},"rttpg_comment":0,"rttpg_category":"<a href=\"https:\/\/arantv.az\/?cat=26\" rel=\"category\">Sosial<\/a>","rttpg_excerpt":"5 \u0130yun &#8211; Beyn\u0259lxalq \u018ftraf M\u00fchit g\u00fcn\u00fc il\u0259 \u0259laq\u0259dar Ekologiya v\u0259 T\u0259bii S\u0259rv\u0259tl\u0259r Nazirliyi t\u0259r\u0259find\u0259n Alt\u0131a\u011fac Milli Park\u0131nda t\u0259dbir ke\u00e7irilir. ARANTV.AZ-\u0131n m\u0259lumat\u0131na g\u00f6r\u0259, t\u0259dbird\u0259 Nazirliyin \u0259m\u0259kda\u015flar\u0131, r\u0259smi qonaqlar v\u0259 media n\u00fcmay\u0259nd\u0259l\u0259ri i\u015ftirak edir. Qeyd ed\u0259k ki, d\u00fcnya \u0259halisinin diqq\u0259tini \u0259traf m\u00fchitin m\u00fchafiz\u0259sin\u0259 y\u00f6n\u0259ltm\u0259k, ekoloji \u015f\u00fcurun y\u00fcks\u0259ldilm\u0259si m\u0259qs\u0259dil\u0259 1972-ci ild\u0259n ba\u015flayaraq h\u0259r il\u00a0bu \u201cBeyn\u0259lxalq \u018ftraf M\u00fchit&hellip;","_links":{"self":[{"href":"https:\/\/arantv.az\/index.php?rest_route=\/wp\/v2\/posts\/344209"}],"collection":[{"href":"https:\/\/arantv.az\/index.php?rest_route=\/wp\/v2\/posts"}],"about":[{"href":"https:\/\/arantv.az\/index.php?rest_route=\/wp\/v2\/types\/post"}],"author":[{"embeddable":true,"href":"https:\/\/arantv.az\/index.php?rest_route=\/wp\/v2\/users\/2"}],"replies":[{"embeddable":true,"href":"https:\/\/arantv.az\/index.php?rest_route=%2Fwp%2Fv2%2Fcomments&post=344209"}],"version-history":[{"count":0,"href":"https:\/\/arantv.az\/index.php?rest_route=\/wp\/v2\/posts\/344209\/revisions"}],"wp:featuredmedia":[{"embeddable":true,"href":"https:\/\/arantv.az\/index.php?rest_route=\/wp\/v2\/media\/344210"}],"wp:attachment":[{"href":"https:\/\/arantv.az\/index.php?rest_route=%2Fwp%2Fv2%2Fmedia&parent=344209"}],"wp:term":[{"taxonomy":"category","embeddable":true,"href":"https:\/\/arantv.az\/index.php?rest_route=%2Fwp%2Fv2%2Fcategories&post=344209"},{"taxonomy":"post_tag","embeddable":true,"href":"https:\/\/arantv.az\/index.php?rest_route=%2Fwp%2Fv2%2Ftags&post=344209"}],"curies":[{"name":"wp","href":"https:\/\/api.w.org\/{rel}","templated":true}]}}