{"id":344222,"date":"2021-06-05T12:44:05","date_gmt":"2021-06-05T09:44:05","guid":{"rendered":"https:\/\/arantv.az\/?p=344222"},"modified":"2021-06-05T12:44:05","modified_gmt":"2021-06-05T09:44:05","slug":"prezidentin-kom%c9%99kcisi-bu-hadis%c9%99-dunya-mediasi-ucun-d%c9%99-boyuk-itkidir","status":"publish","type":"post","link":"https:\/\/arantv.az\/?p=344222","title":{"rendered":"Prezidentin k\u00f6m\u0259k\u00e7isi: Bu hadis\u0259 d\u00fcnya medias\u0131 \u00fc\u00e7\u00fcn d\u0259 b\u00f6y\u00fck itkidir"},"content":{"rendered":"<p>&#8220;Onlar\u0131n g\u00f6rd\u00fcy\u00fc i\u015fl\u0259rin b\u00f6y\u00fck bir d\u0259y\u0259ri var. Erm\u0259nil\u0259rin Az\u0259rbaycan xalq\u0131na qar\u015f\u0131 t\u00f6r\u0259tdiyi v\u0259h\u015filiyi onlar s\u0259n\u0259dl\u0259\u015fdirirl\u0259r. Onlar i\u015f\u011faldana zad edilmi\u015f \u0259razil\u0259ri qar\u0131\u015f-qar\u0131\u015f, add\u0131m-add\u0131m, k\u0259ndb\u0259k\u0259nd g\u0259zirdil\u0259r. Bu i\u015fin d\u0259y\u0259ri bu g\u00fcn d\u0259, y\u00fcz ild\u0259n sonra \u00fc\u00e7\u00fcn d\u0259 vacibdir&#8221;.<\/p>\n<p><strong>ARANTV.AZ x\u0259b\u0259r verir ki, <\/strong>bu fikirl\u0259ri Prezidentin k\u00f6m\u0259k\u00e7isi, Prezident Administrasiyas\u0131 xarici siyas\u0259t m\u0259s\u0259l\u0259l\u0259ri \u015f\u00f6b\u0259sinin m\u00fcdiri Hikm\u0259t Hac\u0131yev \u015f\u0259hid jurnalist M\u0259h\u0259rr\u0259m \u0130brahimovun vida m\u0259rasimind\u0259 jurnalistl\u0259r\u0259 a\u00e7\u0131qlamas\u0131nda deyib.<\/p>\n<p>&#8220;\u00c7\u00fcnki onlar Az\u0259rbaycan xalq\u0131n\u0131n salnam\u0259sini yarad\u0131rd\u0131lar. AZ\u018fRTAC v\u0259 Az\u0259rbaycan Televiziyas\u0131 t\u0259r\u0259find\u0259n ezamiyy\u0259tl\u0259rinin d\u0259yi\u015fdirilm\u0259si il\u0259 ba\u011fl\u0131 m\u00fcraci\u0259tl\u0259r oldu\u011fu t\u0259qdird\u0259 geri qay\u0131tm\u0131rd\u0131lar. Bu i\u015fi \u00e7ox b\u00f6y\u00fck \u0259zml\u0259, r\u0259\u015fad\u0259tl\u0259 v\u0259 h\u0259v\u0259sl\u0259 yerin\u0259 yetirirdil\u0259r. Amma onlar m\u0259nfur erm\u0259nil\u0259r t\u0259r\u0259find\u0259n bu x\u0259yan\u0259tkar mina f\u0259aliyy\u0259tinin qurban\u0131 oldular. Allah onlara r\u0259hm\u0259t el\u0259sin. Bu, eyni zamanda Az\u0259rbaycan jurnalistikas\u0131 v\u0259 medias\u0131 \u00fc\u00e7\u00fcn b\u00f6y\u00fck itkidir. Bu m\u00fcharib\u0259 d\u00f6vr\u00fcnd\u0259 Az\u0259rbaycan \u0259sg\u0259rl\u0259ri il\u0259 \u00e7iyin-\u00e7iyin\u0259 Ali Ba\u015f Komandan\u0131n r\u0259hb\u0259rliyi alt\u0131nda Az\u0259rbaycan medias\u0131n\u0131n v\u0259 jurnalistl\u0259rinin r\u0259\u015fad\u0259tini g\u00f6rd\u00fck. Onlar \u00f6n c\u0259b\u0259h\u0259d\u0259 idil\u0259r v\u0259 erm\u0259nil\u0259rin v\u0259h\u015filiyini lent\u0259 alaraq d\u00fcnya ictimaiyy\u0259tin\u0259 \u00e7atd\u0131r\u0131rd\u0131lar. Qarda\u015flar\u0131m\u0131z\u0131n g\u00f6rd\u00fcy\u00fc i\u015fl\u0259r d\u0259 bu prosesin t\u0259rkib hiss\u0259si idi. Bu hadis\u0259 d\u00fcnya medias\u0131 \u00fc\u00e7\u00fcn d\u0259 b\u00f6y\u00fck itkidir. Ona g\u00f6r\u0259 d\u0259 b\u00fct\u00fcn beyn\u0259lxalq t\u0259\u015fkilatlara da m\u00fcraci\u0259t olunub ki, bu hadis\u0259, bu vandalizm v\u0259 bu v\u0259h\u015filik beyn\u0259lxalq ictimaiyy\u0259t t\u0259r\u0259dind\u0259n q\u0131nan\u0131lmal\u0131d\u0131r&#8221;, &#8211; Prezidentin k\u00f6m\u0259k\u00e7isi bildirib.<\/p>\n","protected":false},"excerpt":{"rendered":"<p>&#8220;Onlar\u0131n g\u00f6rd\u00fcy\u00fc i\u015fl\u0259rin b\u00f6y\u00fck bir d\u0259y\u0259ri var. Erm\u0259nil\u0259rin Az\u0259rbaycan xalq\u0131na qar\u015f\u0131 t\u00f6r\u0259tdiyi v\u0259h\u015filiyi onlar s\u0259n\u0259dl\u0259\u015fdirirl\u0259r. Onlar i\u015f\u011faldana zad edilmi\u015f \u0259razil\u0259ri qar\u0131\u015f-qar\u0131\u015f, add\u0131m-add\u0131m, k\u0259ndb\u0259k\u0259nd g\u0259zirdil\u0259r. Bu i\u015fin d\u0259y\u0259ri bu g\u00fcn d\u0259, y\u00fcz ild\u0259n sonra \u00fc\u00e7\u00fcn d\u0259 vacibdir&#8221;. ARANTV.AZ x\u0259b\u0259r verir ki, bu fikirl\u0259ri Prezidentin k\u00f6m\u0259k\u00e7isi, Prezident Administrasiyas\u0131 xarici siyas\u0259t m\u0259s\u0259l\u0259l\u0259ri \u015f\u00f6b\u0259sinin m\u00fcdiri Hikm\u0259t Hac\u0131yev \u015f\u0259hid jurnalist M\u0259h\u0259rr\u0259m \u0130brahimovun vida m\u0259rasimind\u0259 jurnalistl\u0259r\u0259 a\u00e7\u0131qlamas\u0131nda deyib. &#8220;\u00c7\u00fcnki onlar Az\u0259rbaycan xalq\u0131n\u0131n salnam\u0259sini yarad\u0131rd\u0131lar. AZ\u018fRTAC v\u0259 Az\u0259rbaycan Televiziyas\u0131 t\u0259r\u0259find\u0259n ezamiyy\u0259tl\u0259rinin d\u0259yi\u015fdirilm\u0259si il\u0259 ba\u011fl\u0131 m\u00fcraci\u0259tl\u0259r oldu\u011fu t\u0259qdird\u0259 geri qay\u0131tm\u0131rd\u0131lar. Bu i\u015fi \u00e7ox b\u00f6y\u00fck \u0259zml\u0259, r\u0259\u015fad\u0259tl\u0259 v\u0259 h\u0259v\u0259sl\u0259&hellip;<\/p>\n","protected":false},"author":2,"featured_media":344223,"comment_status":"closed","ping_status":"closed","sticky":false,"template":"","format":"standard","meta":{"om_disable_all_campaigns":false,"_monsterinsights_skip_tracking":false,"_monsterinsights_sitenote_active":false,"_monsterinsights_sitenote_note":"","_monsterinsights_sitenote_category":0},"categories":[4],"tags":[],"aioseo_notices":[],"gutentor_comment":0,"rttpg_featured_image_url":{"full":["https:\/\/arantv.az\/wp-content\/uploads\/2021\/06\/7bd66825160335575296451956510588073.jpg",975,540,false],"landscape":["https:\/\/arantv.az\/wp-content\/uploads\/2021\/06\/7bd66825160335575296451956510588073.jpg",975,540,false],"portraits":["https:\/\/arantv.az\/wp-content\/uploads\/2021\/06\/7bd66825160335575296451956510588073.jpg",975,540,false],"thumbnail":["https:\/\/arantv.az\/wp-content\/uploads\/2021\/06\/7bd66825160335575296451956510588073-500x280.jpg",500,280,true],"medium":["https:\/\/arantv.az\/wp-content\/uploads\/2021\/06\/7bd66825160335575296451956510588073-660x365.jpg",660,365,true],"large":["https:\/\/arantv.az\/wp-content\/uploads\/2021\/06\/7bd66825160335575296451956510588073-840x465.jpg",640,354,true],"1536x1536":["https:\/\/arantv.az\/wp-content\/uploads\/2021\/06\/7bd66825160335575296451956510588073.jpg",975,540,false],"2048x2048":["https:\/\/arantv.az\/wp-content\/uploads\/2021\/06\/7bd66825160335575296451956510588073.jpg",975,540,false],"post-thumbnail":["https:\/\/arantv.az\/wp-content\/uploads\/2021\/06\/7bd66825160335575296451956510588073-240x172.jpg",240,172,true],"advps-thumb-one":["https:\/\/arantv.az\/wp-content\/uploads\/2021\/06\/7bd66825160335575296451956510588073.jpg",975,540,false]},"rttpg_author":{"display_name":"V\u00fcsal Rafiqo\u011flu","author_link":"https:\/\/arantv.az\/?author=2"},"rttpg_comment":0,"rttpg_category":"<a href=\"https:\/\/arantv.az\/?cat=4\" rel=\"category\">Siyas\u0259t<\/a>","rttpg_excerpt":"&#8220;Onlar\u0131n g\u00f6rd\u00fcy\u00fc i\u015fl\u0259rin b\u00f6y\u00fck bir d\u0259y\u0259ri var. Erm\u0259nil\u0259rin Az\u0259rbaycan xalq\u0131na qar\u015f\u0131 t\u00f6r\u0259tdiyi v\u0259h\u015filiyi onlar s\u0259n\u0259dl\u0259\u015fdirirl\u0259r. Onlar i\u015f\u011faldana zad edilmi\u015f \u0259razil\u0259ri qar\u0131\u015f-qar\u0131\u015f, add\u0131m-add\u0131m, k\u0259ndb\u0259k\u0259nd g\u0259zirdil\u0259r. Bu i\u015fin d\u0259y\u0259ri bu g\u00fcn d\u0259, y\u00fcz ild\u0259n sonra \u00fc\u00e7\u00fcn d\u0259 vacibdir&#8221;. ARANTV.AZ x\u0259b\u0259r verir ki, bu fikirl\u0259ri Prezidentin k\u00f6m\u0259k\u00e7isi, Prezident Administrasiyas\u0131 xarici siyas\u0259t m\u0259s\u0259l\u0259l\u0259ri \u015f\u00f6b\u0259sinin m\u00fcdiri Hikm\u0259t Hac\u0131yev \u015f\u0259hid jurnalist&hellip;","_links":{"self":[{"href":"https:\/\/arantv.az\/index.php?rest_route=\/wp\/v2\/posts\/344222"}],"collection":[{"href":"https:\/\/arantv.az\/index.php?rest_route=\/wp\/v2\/posts"}],"about":[{"href":"https:\/\/arantv.az\/index.php?rest_route=\/wp\/v2\/types\/post"}],"author":[{"embeddable":true,"href":"https:\/\/arantv.az\/index.php?rest_route=\/wp\/v2\/users\/2"}],"replies":[{"embeddable":true,"href":"https:\/\/arantv.az\/index.php?rest_route=%2Fwp%2Fv2%2Fcomments&post=344222"}],"version-history":[{"count":0,"href":"https:\/\/arantv.az\/index.php?rest_route=\/wp\/v2\/posts\/344222\/revisions"}],"wp:featuredmedia":[{"embeddable":true,"href":"https:\/\/arantv.az\/index.php?rest_route=\/wp\/v2\/media\/344223"}],"wp:attachment":[{"href":"https:\/\/arantv.az\/index.php?rest_route=%2Fwp%2Fv2%2Fmedia&parent=344222"}],"wp:term":[{"taxonomy":"category","embeddable":true,"href":"https:\/\/arantv.az\/index.php?rest_route=%2Fwp%2Fv2%2Fcategories&post=344222"},{"taxonomy":"post_tag","embeddable":true,"href":"https:\/\/arantv.az\/index.php?rest_route=%2Fwp%2Fv2%2Ftags&post=344222"}],"curies":[{"name":"wp","href":"https:\/\/api.w.org\/{rel}","templated":true}]}}