{"id":344225,"date":"2021-06-05T12:45:05","date_gmt":"2021-06-05T09:45:05","guid":{"rendered":"https:\/\/arantv.az\/?p=344225"},"modified":"2021-06-05T12:45:05","modified_gmt":"2021-06-05T09:45:05","slug":"jurnalistl%c9%99rin-h%c9%99lak-olmasinin-m%c9%99suliyy%c9%99tini-bilavasit%c9%99-erm%c9%99nistan-dasiyir","status":"publish","type":"post","link":"https:\/\/arantv.az\/?p=344225","title":{"rendered":"Jurnalistl\u0259rin h\u0259lak olmas\u0131n\u0131n m\u0259suliyy\u0259tini bilavasit\u0259 Erm\u0259nistan da\u015f\u0131y\u0131r"},"content":{"rendered":"<p>\u201cMina partlay\u0131\u015f\u0131 fakt\u0131 bir daha onu g\u00f6st\u0259rir ki, Erm\u0259nistan t\u0259r\u0259fi m\u0259qs\u0259dy\u00f6nl\u00fc \u015f\u0259kild\u0259 m\u00fclki Az\u0259rbaycan insanlar\u0131n\u0131 h\u0259d\u0259f\u0259 alan siyas\u0259t yeridir\u201d.<\/p>\n<p><strong>ARANTV.AZ x\u0259b\u0259r verir ki<\/strong>, bunu Az\u0259rbaycan Respublikas\u0131 Prezidentinin k\u00f6m\u0259k\u00e7isi &#8211; Az\u0259rbaycan Respublikas\u0131 Prezidentinin Administrasiyas\u0131n\u0131n Xarici siyas\u0259t m\u0259s\u0259l\u0259l\u0259ri \u015f\u00f6b\u0259sinin m\u00fcdiri Hikm\u0259t Hac\u0131yev bildirib.<\/p>\n<p>H. Hac\u0131yev deyib ki, beyn\u0259lxalq s\u0259viyy\u0259d\u0259 q\u0259bul olunmu\u015f s\u0259n\u0259dl\u0259rd\u0259 jurnalistl\u0259rin h\u0259rbi \u0259m\u0259liyyatlar zaman\u0131 f\u0259aliyy\u0259ti m\u00fclki insanlara b\u0259rab\u0259r tutula bil\u0259c\u0259k hallard\u0131r: \u201cY\u0259ni jurnalistin q\u0259tl\u0259 yetirilm\u0259si v\u0259 yaxud da \u00f6ld\u00fcr\u00fclm\u0259si, onun mina qurban\u0131 olmas\u0131 m\u00fclki insanlara qar\u015f\u0131 h\u0259yata ke\u00e7irilmi\u015f cinay\u0259tl\u0259r s\u0259viyy\u0259sind\u0259 ehtiva olunan cinay\u0259t \u0259m\u0259lidir. Bu cinay\u0259tin m\u0259suliyy\u0259tini Erm\u0259nistan bilavasit\u0259 da\u015f\u0131y\u0131r\u201d.<\/p>\n<p>Az\u0259rbaycan Prezidentinin k\u00f6m\u0259k\u00e7isi qeyd edib ki, mina x\u0259rit\u0259l\u0259ri il\u0259 ba\u011fl\u0131 m\u0259s\u0259l\u0259 b\u00fct\u00fcn beyn\u0259lxalq t\u0259r\u0259fda\u015flar qar\u015f\u0131s\u0131nda qald\u0131r\u0131l\u0131b: \u201cB\u00fct\u00fcn beyn\u0259lxalq t\u0259\u015fkilatlar \u00e7\u0259r\u00e7iv\u0259sind\u0259 m\u0259s\u0259l\u0259 qald\u0131r\u0131l\u0131r ki, mina x\u0259rit\u0259l\u0259ri Erm\u0259nistan t\u0259r\u0259find\u0259n t\u0259hvil verilm\u0259lidir. Bu, eyni zamanda Erm\u0259nistan\u0131n \u00f6z\u00fcn\u00fcn m\u0259suliyy\u0259ti v\u0259 \u00f6hd\u0259liyidir. Biz burada sivil qaydalardan v\u0259 sivil d\u00fcnyadan tamamil\u0259 k\u0259nar olan, barbar siyas\u0259ti y\u00fcr\u00fcd\u0259n, m\u00fclki insanlar\u0131 h\u0259d\u0259f\u0259 alan v\u0259 m\u0259qs\u0259dy\u00f6nl\u00fc \u015f\u0259kild\u0259 m\u00fclki insanlar\u0131n \u00f6ld\u00fcr\u00fclm\u0259si siyas\u0259tin\u0259 tam sadiq olan bir d\u00f6vl\u0259td\u0259n dan\u0131\u015f\u0131r\u0131q. Erm\u0259nistan\u0131n \u00fcz\u0259rind\u0259 bu \u00f6hd\u0259lik oldu\u011fu halda biz onlar\u0131n dig\u0259r barbar \u0259m\u0259ll\u0259rini d\u0259 g\u00f6rm\u00fc\u015f\u00fck. Amma bunun m\u00fcqabilind\u0259 x\u0259rit\u0259l\u0259r t\u0259qdim olunana q\u0259d\u0259r Prezidentin tap\u015f\u0131r\u0131\u011f\u0131 \u0259sas\u0131nda Az\u0259rbaycan Respublikas\u0131n\u0131n aidiyy\u0259ti strukturlar\u0131 t\u0259r\u0259find\u0259n intensiv \u015f\u0259kild\u0259 i\u015f\u011faldan azad olunmu\u015f \u0259razil\u0259rimizin minalardan t\u0259mizl\u0259nm\u0259si \u0259m\u0259liyyat\u0131 apar\u0131l\u0131r. Bura piyadalar \u0259leyhin\u0259, tank \u0259leyhin\u0259 minalar v\u0259 dig\u0259r ciddi t\u0259hl\u00fck\u0259 yaradan partlamam\u0131\u015f m\u0259rmil\u0259r, silah v\u0259 sursatlar daxildir. Erm\u0259nistan\u0131n mina f\u0259aliyy\u0259tin\u0259 q\u0131saca baxd\u0131qda g\u00f6r\u0259rik ki, bu minalar h\u0259r hans\u0131 h\u0259rbi z\u0259rur\u0259t olmayan m\u0259nt\u0259q\u0259l\u0259rd\u0259 basd\u0131r\u0131l\u0131b. Dem\u0259li, burada da m\u0259qs\u0259d m\u00fclki insanlar\u0131 \u00f6ld\u00fcrm\u0259k olub. M\u00fclki insanlar, yaxud tikinti i\u015fl\u0259ri aparan insanlar t\u0259sad\u00fcfi \u015f\u0259kild\u0259 bu minalar\u0131n qurban\u0131 olurlar. T\u0259mas x\u0259tti boyunca minalar\u0131n d\u00fcz\u00fclm\u0259si tutaq ki, h\u0259rbi z\u0259rur\u0259t t\u0259l\u0259b ed\u0259 bil\u0259r, amma Sirac qarda\u015f\u0131m\u0131z\u0131n, M\u0259h\u0259rr\u0259m qarda\u015f\u0131m\u0131z\u0131n h\u0259lak oldu\u011fu k\u0259nd\u0259 baxsaq g\u00f6r\u0259rik ki, hadis\u0259 k\u0259ndin gir\u0259c\u0259yind\u0259ki yolda ba\u015f verib. Bura h\u0259r hans\u0131 t\u0259mas x\u0259tti v\u0259 t\u0259mas m\u0259nt\u0259q\u0259sind\u0259n tamamil\u0259 k\u0259nard\u0131r. Dem\u0259li, m\u0259qs\u0259d yaln\u0131z m\u0259qs\u0259dy\u00f6nl\u00fc \u015f\u0259kild\u0259 m\u00fclki insanlar\u0131 \u00f6ld\u00fcrm\u0259kdir\u201d.<\/p>\n<p>H. Hac\u0131yev n\u0259z\u0259r\u0259 \u00e7atd\u0131r\u0131b ki, Az\u0259rbaycan Respublikas\u0131 t\u0259r\u0259find\u0259n mina m\u0259s\u0259l\u0259si il\u0259 ba\u011fl\u0131 art\u0131q d\u00f6vl\u0259t ittiham\u0131 s\u0259viyy\u0259sind\u0259 Avropa \u0130nsan H\u00fcquqlar\u0131 M\u0259hk\u0259m\u0259si qar\u015f\u0131s\u0131nda i\u015f qald\u0131r\u0131l\u0131b: \u201cErm\u0259nistan\u0131n minalanma siyas\u0259ti n\u0259tic\u0259sind\u0259 Az\u0259rbaycan v\u0259t\u0259nda\u015flar\u0131n\u0131n qurban olmas\u0131 v\u0259 bu kimi hallarla ba\u011fl\u0131 da Avropa \u0130nsan H\u00fcquqlar\u0131 M\u0259hk\u0259m\u0259si qar\u015f\u0131s\u0131nda konkret m\u0259s\u0259l\u0259l\u0259r qald\u0131r\u0131l\u0131b\u201d.<\/p>\n","protected":false},"excerpt":{"rendered":"<p>\u201cMina partlay\u0131\u015f\u0131 fakt\u0131 bir daha onu g\u00f6st\u0259rir ki, Erm\u0259nistan t\u0259r\u0259fi m\u0259qs\u0259dy\u00f6nl\u00fc \u015f\u0259kild\u0259 m\u00fclki Az\u0259rbaycan insanlar\u0131n\u0131 h\u0259d\u0259f\u0259 alan siyas\u0259t yeridir\u201d. ARANTV.AZ x\u0259b\u0259r verir ki, bunu Az\u0259rbaycan Respublikas\u0131 Prezidentinin k\u00f6m\u0259k\u00e7isi &#8211; Az\u0259rbaycan Respublikas\u0131 Prezidentinin Administrasiyas\u0131n\u0131n Xarici siyas\u0259t m\u0259s\u0259l\u0259l\u0259ri \u015f\u00f6b\u0259sinin m\u00fcdiri Hikm\u0259t Hac\u0131yev bildirib. H. Hac\u0131yev deyib ki, beyn\u0259lxalq s\u0259viyy\u0259d\u0259 q\u0259bul olunmu\u015f s\u0259n\u0259dl\u0259rd\u0259 jurnalistl\u0259rin h\u0259rbi \u0259m\u0259liyyatlar zaman\u0131 f\u0259aliyy\u0259ti m\u00fclki insanlara b\u0259rab\u0259r tutula bil\u0259c\u0259k hallard\u0131r: \u201cY\u0259ni jurnalistin q\u0259tl\u0259 yetirilm\u0259si v\u0259 yaxud da \u00f6ld\u00fcr\u00fclm\u0259si, onun mina qurban\u0131 olmas\u0131 m\u00fclki insanlara qar\u015f\u0131 h\u0259yata ke\u00e7irilmi\u015f cinay\u0259tl\u0259r s\u0259viyy\u0259sind\u0259 ehtiva olunan cinay\u0259t \u0259m\u0259lidir. Bu cinay\u0259tin m\u0259suliyy\u0259tini Erm\u0259nistan bilavasit\u0259 da\u015f\u0131y\u0131r\u201d.&hellip;<\/p>\n","protected":false},"author":2,"featured_media":344226,"comment_status":"closed","ping_status":"closed","sticky":false,"template":"","format":"standard","meta":{"om_disable_all_campaigns":false,"_monsterinsights_skip_tracking":false,"_monsterinsights_sitenote_active":false,"_monsterinsights_sitenote_note":"","_monsterinsights_sitenote_category":0},"categories":[4],"tags":[],"aioseo_notices":[],"gutentor_comment":0,"rttpg_featured_image_url":{"full":["https:\/\/arantv.az\/wp-content\/uploads\/2021\/06\/fc0cc602162288186012794141310772902.jpg",975,540,false],"landscape":["https:\/\/arantv.az\/wp-content\/uploads\/2021\/06\/fc0cc602162288186012794141310772902.jpg",975,540,false],"portraits":["https:\/\/arantv.az\/wp-content\/uploads\/2021\/06\/fc0cc602162288186012794141310772902.jpg",975,540,false],"thumbnail":["https:\/\/arantv.az\/wp-content\/uploads\/2021\/06\/fc0cc602162288186012794141310772902-500x280.jpg",500,280,true],"medium":["https:\/\/arantv.az\/wp-content\/uploads\/2021\/06\/fc0cc602162288186012794141310772902-660x365.jpg",660,365,true],"large":["https:\/\/arantv.az\/wp-content\/uploads\/2021\/06\/fc0cc602162288186012794141310772902-840x465.jpg",640,354,true],"1536x1536":["https:\/\/arantv.az\/wp-content\/uploads\/2021\/06\/fc0cc602162288186012794141310772902.jpg",975,540,false],"2048x2048":["https:\/\/arantv.az\/wp-content\/uploads\/2021\/06\/fc0cc602162288186012794141310772902.jpg",975,540,false],"post-thumbnail":["https:\/\/arantv.az\/wp-content\/uploads\/2021\/06\/fc0cc602162288186012794141310772902-240x172.jpg",240,172,true],"advps-thumb-one":["https:\/\/arantv.az\/wp-content\/uploads\/2021\/06\/fc0cc602162288186012794141310772902.jpg",975,540,false]},"rttpg_author":{"display_name":"V\u00fcsal Rafiqo\u011flu","author_link":"https:\/\/arantv.az\/?author=2"},"rttpg_comment":0,"rttpg_category":"<a href=\"https:\/\/arantv.az\/?cat=4\" rel=\"category\">Siyas\u0259t<\/a>","rttpg_excerpt":"\u201cMina partlay\u0131\u015f\u0131 fakt\u0131 bir daha onu g\u00f6st\u0259rir ki, Erm\u0259nistan t\u0259r\u0259fi m\u0259qs\u0259dy\u00f6nl\u00fc \u015f\u0259kild\u0259 m\u00fclki Az\u0259rbaycan insanlar\u0131n\u0131 h\u0259d\u0259f\u0259 alan siyas\u0259t yeridir\u201d. ARANTV.AZ x\u0259b\u0259r verir ki, bunu Az\u0259rbaycan Respublikas\u0131 Prezidentinin k\u00f6m\u0259k\u00e7isi &#8211; Az\u0259rbaycan Respublikas\u0131 Prezidentinin Administrasiyas\u0131n\u0131n Xarici siyas\u0259t m\u0259s\u0259l\u0259l\u0259ri \u015f\u00f6b\u0259sinin m\u00fcdiri Hikm\u0259t Hac\u0131yev bildirib. H. Hac\u0131yev deyib ki, beyn\u0259lxalq s\u0259viyy\u0259d\u0259 q\u0259bul olunmu\u015f s\u0259n\u0259dl\u0259rd\u0259 jurnalistl\u0259rin h\u0259rbi \u0259m\u0259liyyatlar zaman\u0131 f\u0259aliyy\u0259ti&hellip;","_links":{"self":[{"href":"https:\/\/arantv.az\/index.php?rest_route=\/wp\/v2\/posts\/344225"}],"collection":[{"href":"https:\/\/arantv.az\/index.php?rest_route=\/wp\/v2\/posts"}],"about":[{"href":"https:\/\/arantv.az\/index.php?rest_route=\/wp\/v2\/types\/post"}],"author":[{"embeddable":true,"href":"https:\/\/arantv.az\/index.php?rest_route=\/wp\/v2\/users\/2"}],"replies":[{"embeddable":true,"href":"https:\/\/arantv.az\/index.php?rest_route=%2Fwp%2Fv2%2Fcomments&post=344225"}],"version-history":[{"count":0,"href":"https:\/\/arantv.az\/index.php?rest_route=\/wp\/v2\/posts\/344225\/revisions"}],"wp:featuredmedia":[{"embeddable":true,"href":"https:\/\/arantv.az\/index.php?rest_route=\/wp\/v2\/media\/344226"}],"wp:attachment":[{"href":"https:\/\/arantv.az\/index.php?rest_route=%2Fwp%2Fv2%2Fmedia&parent=344225"}],"wp:term":[{"taxonomy":"category","embeddable":true,"href":"https:\/\/arantv.az\/index.php?rest_route=%2Fwp%2Fv2%2Fcategories&post=344225"},{"taxonomy":"post_tag","embeddable":true,"href":"https:\/\/arantv.az\/index.php?rest_route=%2Fwp%2Fv2%2Ftags&post=344225"}],"curies":[{"name":"wp","href":"https:\/\/api.w.org\/{rel}","templated":true}]}}