{"id":344228,"date":"2021-06-05T12:46:07","date_gmt":"2021-06-05T09:46:07","guid":{"rendered":"https:\/\/arantv.az\/?p=344228"},"modified":"2021-06-05T12:46:07","modified_gmt":"2021-06-05T09:46:07","slug":"ilham-%c9%99liyev-v%c9%99-mehriban-%c9%99liyeva-media-numay%c9%99nd%c9%99l%c9%99rinin-h%c9%99lak-olmasi-il%c9%99-bagli-bassagligi-verib","status":"publish","type":"post","link":"https:\/\/arantv.az\/?p=344228","title":{"rendered":"\u0130lham \u018fliyev v\u0259 Mehriban \u018fliyeva media n\u00fcmay\u0259nd\u0259l\u0259rinin h\u0259lak olmas\u0131 il\u0259 ba\u011fl\u0131 ba\u015fsa\u011fl\u0131\u011f\u0131 verib"},"content":{"rendered":"<p>Prezident \u0130lham \u018fliyev v\u0259 Birinci vitse-prezident Mehriban xan\u0131m \u018fliyeva iyunun 4-d\u0259 saat 11 rad\u0259l\u0259rind\u0259 i\u015f\u011faldan azad edilmi\u015f K\u0259lb\u0259c\u0259r rayonunda xidm\u0259ti v\u0259zif\u0259l\u0259rini yerin\u0259 yetir\u0259rk\u0259n minaya d\u00fc\u015f\u0259r\u0259k h\u0259lak olan media n\u00fcmay\u0259nd\u0259l\u0259rinin ail\u0259l\u0259rin\u0259 v\u0259 yax\u0131nlar\u0131na ba\u015fsa\u011fl\u0131\u011f\u0131 verib.<\/p>\n<p><strong>ARANTV.AZ<\/strong>\u00a0 x\u0259b\u0259r verir ki, d\u00f6vl\u0259t ba\u015f\u00e7\u0131s\u0131n\u0131n ba\u015fsa\u011fl\u0131\u011f\u0131n\u0131 \u015f\u0259hid media i\u015f\u00e7il\u0259rinin yax\u0131nlar\u0131na Prezidentin k\u00f6m\u0259k\u00e7isi, Prezident Administrasiyas\u0131 xarici siyas\u0259t m\u0259s\u0259l\u0259l\u0259ri \u015f\u00f6b\u0259sinin m\u00fcdiri Hikm\u0259t Hac\u0131yev \u00e7atd\u0131r\u0131b.<\/p>\n","protected":false},"excerpt":{"rendered":"<p>Prezident \u0130lham \u018fliyev v\u0259 Birinci vitse-prezident Mehriban xan\u0131m \u018fliyeva iyunun 4-d\u0259 saat 11 rad\u0259l\u0259rind\u0259 i\u015f\u011faldan azad edilmi\u015f K\u0259lb\u0259c\u0259r rayonunda xidm\u0259ti v\u0259zif\u0259l\u0259rini yerin\u0259 yetir\u0259rk\u0259n minaya d\u00fc\u015f\u0259r\u0259k h\u0259lak olan media n\u00fcmay\u0259nd\u0259l\u0259rinin ail\u0259l\u0259rin\u0259 v\u0259 yax\u0131nlar\u0131na ba\u015fsa\u011fl\u0131\u011f\u0131 verib. ARANTV.AZ\u00a0 x\u0259b\u0259r verir ki, d\u00f6vl\u0259t ba\u015f\u00e7\u0131s\u0131n\u0131n ba\u015fsa\u011fl\u0131\u011f\u0131n\u0131 \u015f\u0259hid media i\u015f\u00e7il\u0259rinin yax\u0131nlar\u0131na Prezidentin k\u00f6m\u0259k\u00e7isi, Prezident Administrasiyas\u0131 xarici siyas\u0259t m\u0259s\u0259l\u0259l\u0259ri \u015f\u00f6b\u0259sinin m\u00fcdiri Hikm\u0259t Hac\u0131yev \u00e7atd\u0131r\u0131b.<\/p>\n","protected":false},"author":2,"featured_media":344229,"comment_status":"closed","ping_status":"closed","sticky":false,"template":"","format":"standard","meta":{"om_disable_all_campaigns":false,"_monsterinsights_skip_tracking":false,"_monsterinsights_sitenote_active":false,"_monsterinsights_sitenote_note":"","_monsterinsights_sitenote_category":0},"categories":[4],"tags":[],"aioseo_notices":[],"gutentor_comment":0,"rttpg_featured_image_url":{"full":["https:\/\/arantv.az\/wp-content\/uploads\/2021\/06\/9739efc4162288174623126662310684900.jpg",975,540,false],"landscape":["https:\/\/arantv.az\/wp-content\/uploads\/2021\/06\/9739efc4162288174623126662310684900.jpg",975,540,false],"portraits":["https:\/\/arantv.az\/wp-content\/uploads\/2021\/06\/9739efc4162288174623126662310684900.jpg",975,540,false],"thumbnail":["https:\/\/arantv.az\/wp-content\/uploads\/2021\/06\/9739efc4162288174623126662310684900-500x280.jpg",500,280,true],"medium":["https:\/\/arantv.az\/wp-content\/uploads\/2021\/06\/9739efc4162288174623126662310684900-660x365.jpg",660,365,true],"large":["https:\/\/arantv.az\/wp-content\/uploads\/2021\/06\/9739efc4162288174623126662310684900-840x465.jpg",640,354,true],"1536x1536":["https:\/\/arantv.az\/wp-content\/uploads\/2021\/06\/9739efc4162288174623126662310684900.jpg",975,540,false],"2048x2048":["https:\/\/arantv.az\/wp-content\/uploads\/2021\/06\/9739efc4162288174623126662310684900.jpg",975,540,false],"post-thumbnail":["https:\/\/arantv.az\/wp-content\/uploads\/2021\/06\/9739efc4162288174623126662310684900-240x172.jpg",240,172,true],"advps-thumb-one":["https:\/\/arantv.az\/wp-content\/uploads\/2021\/06\/9739efc4162288174623126662310684900.jpg",975,540,false]},"rttpg_author":{"display_name":"V\u00fcsal Rafiqo\u011flu","author_link":"https:\/\/arantv.az\/?author=2"},"rttpg_comment":0,"rttpg_category":"<a href=\"https:\/\/arantv.az\/?cat=4\" rel=\"category\">Siyas\u0259t<\/a>","rttpg_excerpt":"Prezident \u0130lham \u018fliyev v\u0259 Birinci vitse-prezident Mehriban xan\u0131m \u018fliyeva iyunun 4-d\u0259 saat 11 rad\u0259l\u0259rind\u0259 i\u015f\u011faldan azad edilmi\u015f K\u0259lb\u0259c\u0259r rayonunda xidm\u0259ti v\u0259zif\u0259l\u0259rini yerin\u0259 yetir\u0259rk\u0259n minaya d\u00fc\u015f\u0259r\u0259k h\u0259lak olan media n\u00fcmay\u0259nd\u0259l\u0259rinin ail\u0259l\u0259rin\u0259 v\u0259 yax\u0131nlar\u0131na ba\u015fsa\u011fl\u0131\u011f\u0131 verib. ARANTV.AZ\u00a0 x\u0259b\u0259r verir ki, d\u00f6vl\u0259t ba\u015f\u00e7\u0131s\u0131n\u0131n ba\u015fsa\u011fl\u0131\u011f\u0131n\u0131 \u015f\u0259hid media i\u015f\u00e7il\u0259rinin yax\u0131nlar\u0131na Prezidentin k\u00f6m\u0259k\u00e7isi, Prezident Administrasiyas\u0131 xarici siyas\u0259t m\u0259s\u0259l\u0259l\u0259ri \u015f\u00f6b\u0259sinin m\u00fcdiri Hikm\u0259t&hellip;","_links":{"self":[{"href":"https:\/\/arantv.az\/index.php?rest_route=\/wp\/v2\/posts\/344228"}],"collection":[{"href":"https:\/\/arantv.az\/index.php?rest_route=\/wp\/v2\/posts"}],"about":[{"href":"https:\/\/arantv.az\/index.php?rest_route=\/wp\/v2\/types\/post"}],"author":[{"embeddable":true,"href":"https:\/\/arantv.az\/index.php?rest_route=\/wp\/v2\/users\/2"}],"replies":[{"embeddable":true,"href":"https:\/\/arantv.az\/index.php?rest_route=%2Fwp%2Fv2%2Fcomments&post=344228"}],"version-history":[{"count":0,"href":"https:\/\/arantv.az\/index.php?rest_route=\/wp\/v2\/posts\/344228\/revisions"}],"wp:featuredmedia":[{"embeddable":true,"href":"https:\/\/arantv.az\/index.php?rest_route=\/wp\/v2\/media\/344229"}],"wp:attachment":[{"href":"https:\/\/arantv.az\/index.php?rest_route=%2Fwp%2Fv2%2Fmedia&parent=344228"}],"wp:term":[{"taxonomy":"category","embeddable":true,"href":"https:\/\/arantv.az\/index.php?rest_route=%2Fwp%2Fv2%2Fcategories&post=344228"},{"taxonomy":"post_tag","embeddable":true,"href":"https:\/\/arantv.az\/index.php?rest_route=%2Fwp%2Fv2%2Ftags&post=344228"}],"curies":[{"name":"wp","href":"https:\/\/api.w.org\/{rel}","templated":true}]}}