{"id":344237,"date":"2021-06-05T12:50:46","date_gmt":"2021-06-05T09:50:46","guid":{"rendered":"https:\/\/arantv.az\/?p=344237"},"modified":"2021-06-05T12:50:46","modified_gmt":"2021-06-05T09:50:46","slug":"s%c9%99hid-jurnalist-d%c9%99fn-olunub-foto","status":"publish","type":"post","link":"https:\/\/arantv.az\/?p=344237","title":{"rendered":"\u015e\u0259hid jurnalist d\u0259fn olunub &#8211; FOTO"},"content":{"rendered":"<p><strong>K\u0259lb\u0259c\u0259rd\u0259 minaya d\u00fc\u015f\u0259r\u0259k h\u0259lak olan Az\u0259rtac \u0130nformasiya Agentliyinin \u0259m\u0259kda\u015f\u0131 M\u0259h\u0259rr\u0259m \u0130brahimov d\u0259fn edilib.<\/strong><\/p>\n<p><strong>ARANTV.AZ<\/strong> <a href=\"https:\/\/az.trend.az\/\" target=\"_blank\" rel=\"noopener\">Trend<\/a>-\u0259 istinad\u0259n x\u0259b\u0259r verir ki,\u00a0vida m\u0259rasimi ya\u015fad\u0131\u011f\u0131 Bin\u0259q\u0259di rayonunda M\u0259h\u0259rr\u0259m \u0130brahimovun evind\u0259 ke\u00e7irilib. \u015e\u0259hid jurnalist Ab\u015feron rayonu, \u015euraabad k\u0259nd q\u0259biristanl\u0131\u011f\u0131nda d\u0259fn olunacaq. D\u0259fn m\u0259rasimind\u0259 d\u00f6vl\u0259t r\u0259smil\u0259ri, v\u0259t\u0259nda\u015flar v\u0259 m\u0259rhumun yax\u0131nlar\u0131 i\u015ftirak edibl\u0259r.<\/p>\n<p>Xat\u0131rladaq ki, iyunun 4-d\u0259 Az\u0259rbaycan Televiziyas\u0131n\u0131n operatoru 1989-cu il t\u0259v\u0259ll\u00fcdl\u00fc Sirac Ab\u0131\u015fov v\u0259 Az\u0259rtac \u0130nformasiya Agentliyinin \u0259m\u0259kda\u015f\u0131 1982-ci il t\u0259v\u0259ll\u00fcdl\u00fc M\u0259h\u0259rr\u0259m \u0130brahimov (\u018flio\u011flu) K\u0259lb\u0259c\u0259r rayonunda xidm\u0259ti v\u0259zif\u0259l\u0259rini yerin\u0259 yetir\u0259rk\u0259n minaya d\u00fc\u015f\u0259r\u0259k h\u0259lak olublar.<\/p>\n<p>H\u0259min \u015f\u0259xsl\u0259r i\u015f\u011faldan azad olunmu\u015f \u0259razil\u0259rd\u0259 Erm\u0259nistan silahl\u0131 q\u00fcvv\u0259l\u0259ri t\u0259r\u0259find\u0259n da\u011f\u0131d\u0131lm\u0131\u015f ya\u015fay\u0131\u015f m\u0259nt\u0259q\u0259l\u0259rinin \u00e7\u0259kili\u015fini h\u0259yata ke\u00e7irirdi.<\/p>\n<h4><\/h4>\n<div class=\"article-gallery\">\n<div class=\"lSSlideOuter \">\n<div class=\"lSSlideWrapper usingCss\">\n<ul class=\"images-list lightSlider lsGrab lSSlide\">\n<li class=\"lslide active\" data-src=\"https:\/\/img.milli.az\/2021\/06\/05\/954269_001.jpg\" data-fancybox=\"954285\"><img src=\"https:\/\/img.milli.az\/2021\/06\/05\/954269_001.jpg\" alt=\"\" \/><\/li>\n<li class=\"lslide\" data-src=\"https:\/\/img.milli.az\/2021\/06\/05\/954269_002.jpg\" data-fancybox=\"954285\"><img src=\"https:\/\/img.milli.az\/2021\/06\/05\/954269_002.jpg\" alt=\"\" \/><\/li>\n<\/ul>\n<div class=\"lSAction\"><\/div>\n<\/div>\n<\/div>\n<div class=\"lSSlideOuter \">\n<div class=\"lSSlideWrapper usingCss\"><\/div>\n<\/div>\n<\/div>\n<div class=\"news-bottom-adv-wrapper\">\n<div class=\"adv-left\"><\/div>\n<div class=\"adv-right\"><\/div>\n<\/div>\n","protected":false},"excerpt":{"rendered":"<p>K\u0259lb\u0259c\u0259rd\u0259 minaya d\u00fc\u015f\u0259r\u0259k h\u0259lak olan Az\u0259rtac \u0130nformasiya Agentliyinin \u0259m\u0259kda\u015f\u0131 M\u0259h\u0259rr\u0259m \u0130brahimov d\u0259fn edilib. ARANTV.AZ Trend-\u0259 istinad\u0259n x\u0259b\u0259r verir ki,\u00a0vida m\u0259rasimi ya\u015fad\u0131\u011f\u0131 Bin\u0259q\u0259di rayonunda M\u0259h\u0259rr\u0259m \u0130brahimovun evind\u0259 ke\u00e7irilib. \u015e\u0259hid jurnalist Ab\u015feron rayonu, \u015euraabad k\u0259nd q\u0259biristanl\u0131\u011f\u0131nda d\u0259fn olunacaq. D\u0259fn m\u0259rasimind\u0259 d\u00f6vl\u0259t r\u0259smil\u0259ri, v\u0259t\u0259nda\u015flar v\u0259 m\u0259rhumun yax\u0131nlar\u0131 i\u015ftirak edibl\u0259r. Xat\u0131rladaq ki, iyunun 4-d\u0259 Az\u0259rbaycan Televiziyas\u0131n\u0131n operatoru 1989-cu il t\u0259v\u0259ll\u00fcdl\u00fc Sirac Ab\u0131\u015fov v\u0259 Az\u0259rtac \u0130nformasiya Agentliyinin \u0259m\u0259kda\u015f\u0131 1982-ci il t\u0259v\u0259ll\u00fcdl\u00fc M\u0259h\u0259rr\u0259m \u0130brahimov (\u018flio\u011flu) K\u0259lb\u0259c\u0259r rayonunda xidm\u0259ti v\u0259zif\u0259l\u0259rini yerin\u0259 yetir\u0259rk\u0259n minaya d\u00fc\u015f\u0259r\u0259k h\u0259lak olublar. H\u0259min \u015f\u0259xsl\u0259r i\u015f\u011faldan azad olunmu\u015f \u0259razil\u0259rd\u0259 Erm\u0259nistan silahl\u0131 q\u00fcvv\u0259l\u0259ri t\u0259r\u0259find\u0259n da\u011f\u0131d\u0131lm\u0131\u015f&hellip;<\/p>\n","protected":false},"author":2,"featured_media":344238,"comment_status":"closed","ping_status":"closed","sticky":false,"template":"","format":"standard","meta":{"om_disable_all_campaigns":false,"_monsterinsights_skip_tracking":false,"_monsterinsights_sitenote_active":false,"_monsterinsights_sitenote_note":"","_monsterinsights_sitenote_category":0},"categories":[26],"tags":[],"aioseo_notices":[],"gutentor_comment":0,"rttpg_featured_image_url":{"full":["https:\/\/arantv.az\/wp-content\/uploads\/2021\/06\/954269_17.jpg",1280,853,false],"landscape":["https:\/\/arantv.az\/wp-content\/uploads\/2021\/06\/954269_17.jpg",1280,853,false],"portraits":["https:\/\/arantv.az\/wp-content\/uploads\/2021\/06\/954269_17.jpg",1280,853,false],"thumbnail":["https:\/\/arantv.az\/wp-content\/uploads\/2021\/06\/954269_17-500x280.jpg",500,280,true],"medium":["https:\/\/arantv.az\/wp-content\/uploads\/2021\/06\/954269_17-548x365.jpg",548,365,true],"large":["https:\/\/arantv.az\/wp-content\/uploads\/2021\/06\/954269_17-840x560.jpg",640,427,true],"1536x1536":["https:\/\/arantv.az\/wp-content\/uploads\/2021\/06\/954269_17.jpg",1280,853,false],"2048x2048":["https:\/\/arantv.az\/wp-content\/uploads\/2021\/06\/954269_17.jpg",1280,853,false],"post-thumbnail":["https:\/\/arantv.az\/wp-content\/uploads\/2021\/06\/954269_17-240x172.jpg",240,172,true],"advps-thumb-one":["https:\/\/arantv.az\/wp-content\/uploads\/2021\/06\/954269_17-1200x620.jpg",1200,620,true]},"rttpg_author":{"display_name":"V\u00fcsal Rafiqo\u011flu","author_link":"https:\/\/arantv.az\/?author=2"},"rttpg_comment":0,"rttpg_category":"<a href=\"https:\/\/arantv.az\/?cat=26\" rel=\"category\">Sosial<\/a>","rttpg_excerpt":"K\u0259lb\u0259c\u0259rd\u0259 minaya d\u00fc\u015f\u0259r\u0259k h\u0259lak olan Az\u0259rtac \u0130nformasiya Agentliyinin \u0259m\u0259kda\u015f\u0131 M\u0259h\u0259rr\u0259m \u0130brahimov d\u0259fn edilib. ARANTV.AZ Trend-\u0259 istinad\u0259n x\u0259b\u0259r verir ki,\u00a0vida m\u0259rasimi ya\u015fad\u0131\u011f\u0131 Bin\u0259q\u0259di rayonunda M\u0259h\u0259rr\u0259m \u0130brahimovun evind\u0259 ke\u00e7irilib. \u015e\u0259hid jurnalist Ab\u015feron rayonu, \u015euraabad k\u0259nd q\u0259biristanl\u0131\u011f\u0131nda d\u0259fn olunacaq. D\u0259fn m\u0259rasimind\u0259 d\u00f6vl\u0259t r\u0259smil\u0259ri, v\u0259t\u0259nda\u015flar v\u0259 m\u0259rhumun yax\u0131nlar\u0131 i\u015ftirak edibl\u0259r. Xat\u0131rladaq ki, iyunun 4-d\u0259 Az\u0259rbaycan Televiziyas\u0131n\u0131n operatoru 1989-cu il&hellip;","_links":{"self":[{"href":"https:\/\/arantv.az\/index.php?rest_route=\/wp\/v2\/posts\/344237"}],"collection":[{"href":"https:\/\/arantv.az\/index.php?rest_route=\/wp\/v2\/posts"}],"about":[{"href":"https:\/\/arantv.az\/index.php?rest_route=\/wp\/v2\/types\/post"}],"author":[{"embeddable":true,"href":"https:\/\/arantv.az\/index.php?rest_route=\/wp\/v2\/users\/2"}],"replies":[{"embeddable":true,"href":"https:\/\/arantv.az\/index.php?rest_route=%2Fwp%2Fv2%2Fcomments&post=344237"}],"version-history":[{"count":0,"href":"https:\/\/arantv.az\/index.php?rest_route=\/wp\/v2\/posts\/344237\/revisions"}],"wp:featuredmedia":[{"embeddable":true,"href":"https:\/\/arantv.az\/index.php?rest_route=\/wp\/v2\/media\/344238"}],"wp:attachment":[{"href":"https:\/\/arantv.az\/index.php?rest_route=%2Fwp%2Fv2%2Fmedia&parent=344237"}],"wp:term":[{"taxonomy":"category","embeddable":true,"href":"https:\/\/arantv.az\/index.php?rest_route=%2Fwp%2Fv2%2Fcategories&post=344237"},{"taxonomy":"post_tag","embeddable":true,"href":"https:\/\/arantv.az\/index.php?rest_route=%2Fwp%2Fv2%2Ftags&post=344237"}],"curies":[{"name":"wp","href":"https:\/\/api.w.org\/{rel}","templated":true}]}}