{"id":344242,"date":"2021-06-05T16:48:48","date_gmt":"2021-06-05T13:48:48","guid":{"rendered":"https:\/\/arantv.az\/?p=344242"},"modified":"2021-06-05T16:48:48","modified_gmt":"2021-06-05T13:48:48","slug":"monteneqro-mediasi-k%c9%99lb%c9%99c%c9%99rd%c9%99-h%c9%99lak-olan-media-m%c9%99nsublarindan-yazdi-foto","status":"publish","type":"post","link":"https:\/\/arantv.az\/?p=344242","title":{"rendered":"Monteneqro medias\u0131 K\u0259lb\u0259c\u0259rd\u0259 h\u0259lak olan media m\u0259nsublar\u0131ndan yazd\u0131 &#8211; FOTO"},"content":{"rendered":"<p>Az\u0259rbaycan-Monteneqro \u0130qtisadi v\u0259 M\u0259d\u0259niyy\u0259t M\u0259rk\u0259zinin t\u0259\u015f\u0259bb\u00fcs\u00fc il\u0259 \u00f6lk\u0259nin\u00a0<a href=\"https:\/\/skalaradio.com\/informacija-sluzbe-za-odnose-sa-javnoscu-ministarstva-vanjskih-poslova-republike-azerbejdzan-o-smrti-civila-usljed-eksplozije-mina-u-kelbadzaru\/?fbclid=IwAR1IzX6MOePND3PjhT4zZejYjwDJIc05XEnUuyvmqiTY0YFqoUmZ7cnftAU\" target=\"_blank\" rel=\"noopener\">https:\/\/skalaradio.com<\/a>\u00a0v\u0259\u00a0<a href=\"https:\/\/www.aktuelno.me\/svijet\/filmska-ekipa-naletjela-na-minu-u-kelbadzaru-poginule-dvije-osobe-cetiri-ranjene\/?fbclid=IwAR1T191Nccq_ncFendjQtSdz0t8aD_uLRndMP9C90rDxjzCMnX4tbeV84wg\" target=\"_blank\" rel=\"noopener\">https:\/\/www.aktuelno.me\u00a0<\/a>\u00a0x\u0259b\u0259r saytlar\u0131nda K\u0259lb\u0259c\u0259rd\u0259 mina partlamas\u0131 n\u0259tic\u0259sind\u0259 Az\u0259rbaycan jurnalistl\u0259rinin v\u0259 m\u00fclki \u015f\u0259xsl\u0259rin h\u0259lak olmas\u0131 bar\u0259d\u0259 \u0259trafl\u0131 m\u0259lumat yay\u0131l\u0131b.<\/p>\n<p>Bu bar\u0259d\u0259 Diasporla \u0130\u015f \u00fczr\u0259 D\u00f6vl\u0259t Komit\u0259sind\u0259n m\u0259lumat verilib.<\/p>\n<p>Bildirilib ki, K\u0259lb\u0259c\u0259r rayonunda xidm\u0259ti v\u0259zif\u0259sini yerin\u0259 yetir\u0259rk\u0259n Az\u0259rbaycan Televiziyas\u0131n\u0131n operatoru Sirac Ab\u0131\u015fov, Az\u0259rbaycan D\u00f6vl\u0259t \u0130nformasiya Agentliyinin (AZ\u018fRTAC) \u0259m\u0259kda\u015f\u0131 M\u0259h\u0259rr\u0259m \u0130brahimov v\u0259 K\u0259lb\u0259c\u0259r Rayon \u0130cra Hakimiyy\u0259ti ba\u015f\u00e7\u0131s\u0131n\u0131n Susuzluq k\u0259nd inzibati dair\u0259si \u00fczr\u0259 n\u00fcmay\u0259nd\u0259sinin m\u00fcavini Arif \u018fliyev minaya d\u00fc\u015f\u0259r\u0259k h\u0259lak olublar, 4 n\u0259f\u0259r is\u0259 yaralan\u0131b.<\/p>\n<div id=\"AdviadNativeVideo0\" class=\"AdviadNativeVideo\"><\/div>\n<p>K\u0259lb\u0259c\u0259rd\u0259 ba\u015f ver\u0259n d\u0259h\u015f\u0259tli hadis\u0259 i\u015f\u011faldan azad edilmi\u015f rayonlar\u0131 t\u0259rk etm\u0259y\u0259 m\u0259cbur olan Erm\u0259nistan\u0131n bu \u0259razil\u0259rd\u0259 q\u0259sd\u0259n minalar yerl\u0259\u015fdirdiyini bir daha s\u00fcbut edir. Bu yax\u0131nlarda Erm\u0259nistan silahl\u0131 q\u00fcvv\u0259l\u0259rinin diversant qrupunun bir ne\u00e7\u0259 \u00fczv\u00fcn\u00fcn K\u0259lb\u0259c\u0259r istiqam\u0259tind\u0259n Az\u0259rbaycan \u0259razisin\u0259 daxil olaraq yollar\u0131 minalama\u011fa c\u0259hd ed\u0259rk\u0259n yaxaland\u0131\u011f\u0131na diqq\u0259t c\u0259lb edilib.<\/p>\n<p>R\u0259smi Bak\u0131n\u0131n mina x\u0259rit\u0259l\u0259rinin t\u0259qdim edilm\u0259si il\u0259 ba\u011fl\u0131 beyn\u0259lxalq s\u0259viyy\u0259d\u0259 \u00e7oxsayl\u0131 \u00e7a\u011f\u0131r\u0131\u015flar\u0131na baxmayaraq, Erm\u0259nistan\u0131n indiy\u0259d\u0259k bundan imtina etdiyi, beyn\u0259lxalq humanitar h\u00fcququ pozma\u011fa v\u0259 Az\u0259rbaycana qar\u015f\u0131 terror siyas\u0259ti h\u0259yata ke\u00e7irm\u0259y\u0259 davam etdiyi vur\u011fulan\u0131b.<\/p>\n<p>&nbsp;<\/p>\n<div class=\"gallery\">\n<div class=\"gallery-i\"><img src=\"https:\/\/cdn.oxu.az\/uploads\/W1siZiIsIjIwMjEvMDYvMDUvMTUvMzYvMTQvNzhiYjU5YjgtMDMwMC00Mzg1LThkZmItYjFlYTRiYmZhZjMyLzIuanBnIl0sWyJwIiwiZW5jb2RlIiwianBnIiwiLXF1YWxpdHkgODAiXSxbInAiLCJ0aHVtYiIsIjU5MHg1OTBcdTAwM2UiXV0?sha=eae74886aef62682\" alt=\"\" \/><\/p>\n<div class=\"gallery-i-caption\"><\/div>\n<\/div>\n<div class=\"gallery-i\"><img src=\"https:\/\/cdn.oxu.az\/uploads\/W1siZiIsIjIwMjEvMDYvMDUvMTUvMzYvMTQvODkwODFkNzEtNjZkYi00OWYyLTkxZWUtYjAwNmRmZTA3MGY1LzEgKDEpLmpwZyJdLFsicCIsImVuY29kZSIsImpwZyIsIi1xdWFsaXR5IDgwIl0sWyJwIiwidGh1bWIiLCI1OTB4NTkwXHUwMDNlIl1d?sha=959cbaa7c983fc40\" alt=\"\" \/><\/div>\n<\/div>\n","protected":false},"excerpt":{"rendered":"<p>Az\u0259rbaycan-Monteneqro \u0130qtisadi v\u0259 M\u0259d\u0259niyy\u0259t M\u0259rk\u0259zinin t\u0259\u015f\u0259bb\u00fcs\u00fc il\u0259 \u00f6lk\u0259nin\u00a0https:\/\/skalaradio.com\u00a0v\u0259\u00a0https:\/\/www.aktuelno.me\u00a0\u00a0x\u0259b\u0259r saytlar\u0131nda K\u0259lb\u0259c\u0259rd\u0259 mina partlamas\u0131 n\u0259tic\u0259sind\u0259 Az\u0259rbaycan jurnalistl\u0259rinin v\u0259 m\u00fclki \u015f\u0259xsl\u0259rin h\u0259lak olmas\u0131 bar\u0259d\u0259 \u0259trafl\u0131 m\u0259lumat yay\u0131l\u0131b. Bu bar\u0259d\u0259 Diasporla \u0130\u015f \u00fczr\u0259 D\u00f6vl\u0259t Komit\u0259sind\u0259n m\u0259lumat verilib. Bildirilib ki, K\u0259lb\u0259c\u0259r rayonunda xidm\u0259ti v\u0259zif\u0259sini yerin\u0259 yetir\u0259rk\u0259n Az\u0259rbaycan Televiziyas\u0131n\u0131n operatoru Sirac Ab\u0131\u015fov, Az\u0259rbaycan D\u00f6vl\u0259t \u0130nformasiya Agentliyinin (AZ\u018fRTAC) \u0259m\u0259kda\u015f\u0131 M\u0259h\u0259rr\u0259m \u0130brahimov v\u0259 K\u0259lb\u0259c\u0259r Rayon \u0130cra Hakimiyy\u0259ti ba\u015f\u00e7\u0131s\u0131n\u0131n Susuzluq k\u0259nd inzibati dair\u0259si \u00fczr\u0259 n\u00fcmay\u0259nd\u0259sinin m\u00fcavini Arif \u018fliyev minaya d\u00fc\u015f\u0259r\u0259k h\u0259lak olublar, 4 n\u0259f\u0259r is\u0259 yaralan\u0131b. K\u0259lb\u0259c\u0259rd\u0259 ba\u015f ver\u0259n d\u0259h\u015f\u0259tli hadis\u0259 i\u015f\u011faldan azad edilmi\u015f rayonlar\u0131 t\u0259rk etm\u0259y\u0259 m\u0259cbur olan&hellip;<\/p>\n","protected":false},"author":2,"featured_media":344068,"comment_status":"closed","ping_status":"closed","sticky":false,"template":"","format":"standard","meta":{"om_disable_all_campaigns":false,"_monsterinsights_skip_tracking":false,"_monsterinsights_sitenote_active":false,"_monsterinsights_sitenote_note":"","_monsterinsights_sitenote_category":0},"categories":[26],"tags":[],"aioseo_notices":[],"gutentor_comment":0,"rttpg_featured_image_url":{"full":["https:\/\/arantv.az\/wp-content\/uploads\/2021\/06\/a588623f-75a9-40e0-aa1a-c331412c3ff6-1.jpg",620,440,false],"landscape":["https:\/\/arantv.az\/wp-content\/uploads\/2021\/06\/a588623f-75a9-40e0-aa1a-c331412c3ff6-1.jpg",620,440,false],"portraits":["https:\/\/arantv.az\/wp-content\/uploads\/2021\/06\/a588623f-75a9-40e0-aa1a-c331412c3ff6-1.jpg",620,440,false],"thumbnail":["https:\/\/arantv.az\/wp-content\/uploads\/2021\/06\/a588623f-75a9-40e0-aa1a-c331412c3ff6-1-500x280.jpg",500,280,true],"medium":["https:\/\/arantv.az\/wp-content\/uploads\/2021\/06\/a588623f-75a9-40e0-aa1a-c331412c3ff6-1-514x365.jpg",514,365,true],"large":["https:\/\/arantv.az\/wp-content\/uploads\/2021\/06\/a588623f-75a9-40e0-aa1a-c331412c3ff6-1.jpg",620,440,false],"1536x1536":["https:\/\/arantv.az\/wp-content\/uploads\/2021\/06\/a588623f-75a9-40e0-aa1a-c331412c3ff6-1.jpg",620,440,false],"2048x2048":["https:\/\/arantv.az\/wp-content\/uploads\/2021\/06\/a588623f-75a9-40e0-aa1a-c331412c3ff6-1.jpg",620,440,false],"post-thumbnail":["https:\/\/arantv.az\/wp-content\/uploads\/2021\/06\/a588623f-75a9-40e0-aa1a-c331412c3ff6-1-240x172.jpg",240,172,true],"advps-thumb-one":["https:\/\/arantv.az\/wp-content\/uploads\/2021\/06\/a588623f-75a9-40e0-aa1a-c331412c3ff6-1.jpg",620,440,false]},"rttpg_author":{"display_name":"V\u00fcsal Rafiqo\u011flu","author_link":"https:\/\/arantv.az\/?author=2"},"rttpg_comment":0,"rttpg_category":"<a href=\"https:\/\/arantv.az\/?cat=26\" rel=\"category\">Sosial<\/a>","rttpg_excerpt":"Az\u0259rbaycan-Monteneqro \u0130qtisadi v\u0259 M\u0259d\u0259niyy\u0259t M\u0259rk\u0259zinin t\u0259\u015f\u0259bb\u00fcs\u00fc il\u0259 \u00f6lk\u0259nin\u00a0https:\/\/skalaradio.com\u00a0v\u0259\u00a0https:\/\/www.aktuelno.me\u00a0\u00a0x\u0259b\u0259r saytlar\u0131nda K\u0259lb\u0259c\u0259rd\u0259 mina partlamas\u0131 n\u0259tic\u0259sind\u0259 Az\u0259rbaycan jurnalistl\u0259rinin v\u0259 m\u00fclki \u015f\u0259xsl\u0259rin h\u0259lak olmas\u0131 bar\u0259d\u0259 \u0259trafl\u0131 m\u0259lumat yay\u0131l\u0131b. Bu bar\u0259d\u0259 Diasporla \u0130\u015f \u00fczr\u0259 D\u00f6vl\u0259t Komit\u0259sind\u0259n m\u0259lumat verilib. Bildirilib ki, K\u0259lb\u0259c\u0259r rayonunda xidm\u0259ti v\u0259zif\u0259sini yerin\u0259 yetir\u0259rk\u0259n Az\u0259rbaycan Televiziyas\u0131n\u0131n operatoru Sirac Ab\u0131\u015fov, Az\u0259rbaycan D\u00f6vl\u0259t \u0130nformasiya Agentliyinin (AZ\u018fRTAC) \u0259m\u0259kda\u015f\u0131 M\u0259h\u0259rr\u0259m \u0130brahimov v\u0259&hellip;","_links":{"self":[{"href":"https:\/\/arantv.az\/index.php?rest_route=\/wp\/v2\/posts\/344242"}],"collection":[{"href":"https:\/\/arantv.az\/index.php?rest_route=\/wp\/v2\/posts"}],"about":[{"href":"https:\/\/arantv.az\/index.php?rest_route=\/wp\/v2\/types\/post"}],"author":[{"embeddable":true,"href":"https:\/\/arantv.az\/index.php?rest_route=\/wp\/v2\/users\/2"}],"replies":[{"embeddable":true,"href":"https:\/\/arantv.az\/index.php?rest_route=%2Fwp%2Fv2%2Fcomments&post=344242"}],"version-history":[{"count":0,"href":"https:\/\/arantv.az\/index.php?rest_route=\/wp\/v2\/posts\/344242\/revisions"}],"wp:featuredmedia":[{"embeddable":true,"href":"https:\/\/arantv.az\/index.php?rest_route=\/wp\/v2\/media\/344068"}],"wp:attachment":[{"href":"https:\/\/arantv.az\/index.php?rest_route=%2Fwp%2Fv2%2Fmedia&parent=344242"}],"wp:term":[{"taxonomy":"category","embeddable":true,"href":"https:\/\/arantv.az\/index.php?rest_route=%2Fwp%2Fv2%2Fcategories&post=344242"},{"taxonomy":"post_tag","embeddable":true,"href":"https:\/\/arantv.az\/index.php?rest_route=%2Fwp%2Fv2%2Ftags&post=344242"}],"curies":[{"name":"wp","href":"https:\/\/api.w.org\/{rel}","templated":true}]}}