{"id":344244,"date":"2021-06-05T16:49:43","date_gmt":"2021-06-05T13:49:43","guid":{"rendered":"https:\/\/arantv.az\/?p=344244"},"modified":"2021-06-05T16:49:43","modified_gmt":"2021-06-05T13:49:43","slug":"az%c9%99rbaycan-rus-icmasindan-v%c9%99kil-abdullayevin-olumu-il%c9%99-bagli-b%c9%99yanat","status":"publish","type":"post","link":"https:\/\/arantv.az\/?p=344244","title":{"rendered":"Az\u0259rbaycan Rus \u0130cmas\u0131ndan V\u0259kil Abdullayevin \u00f6l\u00fcm\u00fc il\u0259 ba\u011fl\u0131 B\u018fYANAT"},"content":{"rendered":"<p>\u0130yunun 5-d\u0259 Az\u0259rbaycan Rus \u0130cmas\u0131n\u0131n s\u0259dri, Az\u0259rbaycan Respublikas\u0131 Milli M\u0259clisinin deputat\u0131 Mixail Zabelin V\u0259kil Abdullayevin \u00f6l\u00fcm\u00fc il\u0259 ba\u011fl\u0131 b\u0259yanatla \u00e7\u0131x\u0131\u015f edib.<\/p>\n<p><strong>ARANTV.AZ<\/strong>\u00a0 x\u0259b\u0259r verir ki, b\u0259yanatda deyilir:<\/p>\n<p>\u201cAz\u0259rbaycan Rus \u0130cmas\u0131 Rusiya Federasiyas\u0131n\u0131n Novosibirsk vilay\u0259tind\u0259 19 ya\u015fl\u0131 az\u0259rbaycanl\u0131 V\u0259kil Abdullayevin g\u00fcll\u0259l\u0259nm\u0259si il\u0259 n\u0259tic\u0259l\u0259nmi\u015f faci\u0259li hadis\u0259y\u0259 g\u00f6r\u0259 d\u0259rin narahatl\u0131\u011f\u0131n\u0131 bildirir.<\/p>\n<div id=\"AdviadNativeVideo0\" class=\"AdviadNativeVideo\"><\/div>\n<p>Az\u0259rbaycan Rus \u0130cmas\u0131, respublika ictimaiyy\u0259ti bel\u0259 hesab ed\u0259 bil\u0259rdi ki, faci\u0259li hadis\u0259 t\u0259sad\u00fcf n\u0259tic\u0259sind\u0259 ba\u015f verib, lakin, \u0259g\u0259r Rusiya Federasiyas\u0131 \u0130ctimai Palatas\u0131n\u0131n \u00fczv\u00fc, \u201cYedinaya Rossiya\u201d partiyas\u0131ndan RF D\u00f6vl\u0259t Dumas\u0131na deputatl\u0131\u011fa namiz\u0259d Mariya Butinan\u0131n polis i\u015f\u00e7isinin cinay\u0259tkar \u0259m\u0259ll\u0259rin\u0259 haqq qazand\u0131ran, Rusiya ictimaiyy\u0259tini istintaq orqanlar\u0131na t\u0259zyiq g\u00f6st\u0259rm\u0259y\u0259 m\u0259cbur etm\u0259k m\u0259qs\u0259dil\u0259 mill\u0259tl\u0259raras\u0131 ayr\u0131-se\u00e7kiliyi q\u0131z\u0131\u015fd\u0131ran t\u0259xribat\u00e7\u0131 s\u00f6zl\u0259ri olmasayd\u0131, biz \u0259min olard\u0131q ki, Rusiyan\u0131n istintaq orqanlar\u0131 bu faci\u0259ni h\u0259rt\u0259r\u0259fli ara\u015fd\u0131racaq v\u0259 polis i\u015f\u00e7isi \u2013 ba\u015f leytenant A.Qusev layiqli c\u0259zas\u0131n\u0131 alacaq.<\/p>\n<p>Mariya Butinan\u0131n s\u00f6zl\u0259ri biz\u0259 &#8211; beyn\u0259lmil\u0259l, multikultural Az\u0259rbaycan c\u0259miyy\u0259tind\u0259 ya\u015fayan rus v\u0259t\u0259nda\u015flar\u0131na a\u00e7\u0131q-a\u015fkar mill\u0259t\u00e7ilik v\u0259 \u015fovinizm t\u0259siri ba\u011f\u0131\u015flad\u0131.<\/p>\n<p>Respublikan\u0131n 120 minlik rus \u0259halisini t\u0259msil ed\u0259n Az\u0259rbaycan Rus \u0130cmas\u0131 M.Butinan\u0131n t\u0259xribat\u00e7\u0131 b\u0259yanatlar\u0131na q\u0259ti etiraz\u0131n\u0131 bildirir.<\/p>\n<p>Biz \u0259minik ki, \u201cYedinaya Rossiya\u201d partiyas\u0131n\u0131n v\u0259 Rusiya Federasiyas\u0131 \u0130ctimai Palatas\u0131n\u0131n r\u0259hb\u0259rliyi \u00f6z n\u00fcmay\u0259nd\u0259sinin mill\u0259t\u00e7i fikirl\u0259rin\u0259 prinsipial qiym\u0259t ver\u0259c\u0259k v\u0259 hesab edirik ki, Rusiya Federasiyas\u0131n\u0131n m\u00f6t\u0259b\u0259r orqanlar\u0131nda bel\u0259 bir insana yer olmamal\u0131d\u0131r.<\/p>\n<p>Az\u0259rbaycan Rus \u0130cmas\u0131 \u00fcmidvar oldu\u011funu bildirir ki, Rusiya ictimaiyy\u0259ti, \u00f6lk\u0259 parlamenti v\u0259 h\u00f6kum\u0259ti mill\u0259tl\u0259raras\u0131 s\u00fclh\u00fcn qorunub saxlan\u0131lmas\u0131 \u00fc\u00e7\u00fcn z\u0259ruri t\u0259dbirl\u0259r g\u00f6r\u0259c\u0259k. Biz \u0259minik ki, iki xalq aras\u0131nda d\u0259rin k\u00f6kl\u0259r\u0259 malik \u0259n\u0259n\u0259vi dostluq v\u0259 qarda\u015fl\u0131q \u0259laq\u0259l\u0259ri bundan sonra da geni\u015fl\u0259n\u0259c\u0259k\u201d.AZ\u018fRTAC<\/p>\n","protected":false},"excerpt":{"rendered":"<p>\u0130yunun 5-d\u0259 Az\u0259rbaycan Rus \u0130cmas\u0131n\u0131n s\u0259dri, Az\u0259rbaycan Respublikas\u0131 Milli M\u0259clisinin deputat\u0131 Mixail Zabelin V\u0259kil Abdullayevin \u00f6l\u00fcm\u00fc il\u0259 ba\u011fl\u0131 b\u0259yanatla \u00e7\u0131x\u0131\u015f edib. ARANTV.AZ\u00a0 x\u0259b\u0259r verir ki, b\u0259yanatda deyilir: \u201cAz\u0259rbaycan Rus \u0130cmas\u0131 Rusiya Federasiyas\u0131n\u0131n Novosibirsk vilay\u0259tind\u0259 19 ya\u015fl\u0131 az\u0259rbaycanl\u0131 V\u0259kil Abdullayevin g\u00fcll\u0259l\u0259nm\u0259si il\u0259 n\u0259tic\u0259l\u0259nmi\u015f faci\u0259li hadis\u0259y\u0259 g\u00f6r\u0259 d\u0259rin narahatl\u0131\u011f\u0131n\u0131 bildirir. Az\u0259rbaycan Rus \u0130cmas\u0131, respublika ictimaiyy\u0259ti bel\u0259 hesab ed\u0259 bil\u0259rdi ki, faci\u0259li hadis\u0259 t\u0259sad\u00fcf n\u0259tic\u0259sind\u0259 ba\u015f verib, lakin, \u0259g\u0259r Rusiya Federasiyas\u0131 \u0130ctimai Palatas\u0131n\u0131n \u00fczv\u00fc, \u201cYedinaya Rossiya\u201d partiyas\u0131ndan RF D\u00f6vl\u0259t Dumas\u0131na deputatl\u0131\u011fa namiz\u0259d Mariya Butinan\u0131n polis i\u015f\u00e7isinin cinay\u0259tkar \u0259m\u0259ll\u0259rin\u0259 haqq qazand\u0131ran, Rusiya ictimaiyy\u0259tini istintaq&hellip;<\/p>\n","protected":false},"author":2,"featured_media":344245,"comment_status":"closed","ping_status":"closed","sticky":false,"template":"","format":"standard","meta":{"om_disable_all_campaigns":false,"_monsterinsights_skip_tracking":false,"_monsterinsights_sitenote_active":false,"_monsterinsights_sitenote_note":"","_monsterinsights_sitenote_category":0},"categories":[26],"tags":[],"aioseo_notices":[],"gutentor_comment":0,"rttpg_featured_image_url":{"full":["https:\/\/arantv.az\/wp-content\/uploads\/2021\/06\/page-2.jpg",620,434,false],"landscape":["https:\/\/arantv.az\/wp-content\/uploads\/2021\/06\/page-2.jpg",620,434,false],"portraits":["https:\/\/arantv.az\/wp-content\/uploads\/2021\/06\/page-2.jpg",620,434,false],"thumbnail":["https:\/\/arantv.az\/wp-content\/uploads\/2021\/06\/page-2-500x280.jpg",500,280,true],"medium":["https:\/\/arantv.az\/wp-content\/uploads\/2021\/06\/page-2-521x365.jpg",521,365,true],"large":["https:\/\/arantv.az\/wp-content\/uploads\/2021\/06\/page-2.jpg",620,434,false],"1536x1536":["https:\/\/arantv.az\/wp-content\/uploads\/2021\/06\/page-2.jpg",620,434,false],"2048x2048":["https:\/\/arantv.az\/wp-content\/uploads\/2021\/06\/page-2.jpg",620,434,false],"post-thumbnail":["https:\/\/arantv.az\/wp-content\/uploads\/2021\/06\/page-2-240x172.jpg",240,172,true],"advps-thumb-one":["https:\/\/arantv.az\/wp-content\/uploads\/2021\/06\/page-2.jpg",620,434,false]},"rttpg_author":{"display_name":"V\u00fcsal Rafiqo\u011flu","author_link":"https:\/\/arantv.az\/?author=2"},"rttpg_comment":0,"rttpg_category":"<a href=\"https:\/\/arantv.az\/?cat=26\" rel=\"category\">Sosial<\/a>","rttpg_excerpt":"\u0130yunun 5-d\u0259 Az\u0259rbaycan Rus \u0130cmas\u0131n\u0131n s\u0259dri, Az\u0259rbaycan Respublikas\u0131 Milli M\u0259clisinin deputat\u0131 Mixail Zabelin V\u0259kil Abdullayevin \u00f6l\u00fcm\u00fc il\u0259 ba\u011fl\u0131 b\u0259yanatla \u00e7\u0131x\u0131\u015f edib. ARANTV.AZ\u00a0 x\u0259b\u0259r verir ki, b\u0259yanatda deyilir: \u201cAz\u0259rbaycan Rus \u0130cmas\u0131 Rusiya Federasiyas\u0131n\u0131n Novosibirsk vilay\u0259tind\u0259 19 ya\u015fl\u0131 az\u0259rbaycanl\u0131 V\u0259kil Abdullayevin g\u00fcll\u0259l\u0259nm\u0259si il\u0259 n\u0259tic\u0259l\u0259nmi\u015f faci\u0259li hadis\u0259y\u0259 g\u00f6r\u0259 d\u0259rin narahatl\u0131\u011f\u0131n\u0131 bildirir. Az\u0259rbaycan Rus \u0130cmas\u0131, respublika ictimaiyy\u0259ti bel\u0259 hesab&hellip;","_links":{"self":[{"href":"https:\/\/arantv.az\/index.php?rest_route=\/wp\/v2\/posts\/344244"}],"collection":[{"href":"https:\/\/arantv.az\/index.php?rest_route=\/wp\/v2\/posts"}],"about":[{"href":"https:\/\/arantv.az\/index.php?rest_route=\/wp\/v2\/types\/post"}],"author":[{"embeddable":true,"href":"https:\/\/arantv.az\/index.php?rest_route=\/wp\/v2\/users\/2"}],"replies":[{"embeddable":true,"href":"https:\/\/arantv.az\/index.php?rest_route=%2Fwp%2Fv2%2Fcomments&post=344244"}],"version-history":[{"count":0,"href":"https:\/\/arantv.az\/index.php?rest_route=\/wp\/v2\/posts\/344244\/revisions"}],"wp:featuredmedia":[{"embeddable":true,"href":"https:\/\/arantv.az\/index.php?rest_route=\/wp\/v2\/media\/344245"}],"wp:attachment":[{"href":"https:\/\/arantv.az\/index.php?rest_route=%2Fwp%2Fv2%2Fmedia&parent=344244"}],"wp:term":[{"taxonomy":"category","embeddable":true,"href":"https:\/\/arantv.az\/index.php?rest_route=%2Fwp%2Fv2%2Fcategories&post=344244"},{"taxonomy":"post_tag","embeddable":true,"href":"https:\/\/arantv.az\/index.php?rest_route=%2Fwp%2Fv2%2Ftags&post=344244"}],"curies":[{"name":"wp","href":"https:\/\/api.w.org\/{rel}","templated":true}]}}