{"id":344250,"date":"2021-06-05T16:51:55","date_gmt":"2021-06-05T13:51:55","guid":{"rendered":"https:\/\/arantv.az\/?p=344250"},"modified":"2021-06-05T16:51:55","modified_gmt":"2021-06-05T13:51:55","slug":"avropa-ittifaqinin-numay%c9%99nd%c9%99si-k%c9%99lb%c9%99c%c9%99rd%c9%99ki-hadis%c9%99y%c9%99-munasib%c9%99t-bildirdi-foto","status":"publish","type":"post","link":"https:\/\/arantv.az\/?p=344250","title":{"rendered":"Avropa \u0130ttifaq\u0131n\u0131n n\u00fcmay\u0259nd\u0259si K\u0259lb\u0259c\u0259rd\u0259ki hadis\u0259y\u0259 m\u00fcnasib\u0259t bildirdi \u2013 FOTO"},"content":{"rendered":"<p>Avropa \u0130ttifaq\u0131n\u0131n Xarici \u0259laq\u0259l\u0259r \u00fczr\u0259 r\u0259smi n\u00fcmay\u0259nd\u0259 Piter Sano \u201cTwitter\u201d hesab\u0131nda K\u0259lb\u0259c\u0259rd\u0259 ba\u015f ver\u0259n hadis\u0259y\u0259 m\u00fcnasib\u0259t bildirib.<\/p>\n<p><strong>ARANTV.AZ<\/strong>-\u0131n m\u0259lumat\u0131na \u0259sas\u0259n, o qeyd edib ki, Az\u0259rbaycan\u0131n i\u015f\u011faldan azad edilmi\u015f \u0259razil\u0259rind\u0259 minalar\u0131n t\u0259mizl\u0259nm\u0259si \u00fc\u00e7\u00fcn laz\u0131mi m\u0259lumat m\u00fcbadil\u0259si h\u0259yata ke\u00e7irilm\u0259lidir.<\/p>\n<p>Qeyd ed\u0259k ki, iyunun 4-d\u0259 saat 11 rad\u0259l\u0259rind\u0259 xidm\u0259ti v\u0259zif\u0259l\u0259rinin icras\u0131 il\u0259 \u0259laq\u0259dar i\u015f\u011faldan azad edilmi\u015f\u00a0K\u0259lb\u0259c\u0259r rayonuna ezam olunan\u00a0televiziya kanallar\u0131n\u0131n v\u0259 x\u0259b\u0259r agentlikl\u0259rinin \u0259m\u0259kda\u015flar\u0131n\u0131n oldu\u011fu \u201cKamAZ\u201d markal\u0131\u00a0avtomobil\u00a0rayonun Susuzluq k\u0259ndi istiqam\u0259tind\u0259 h\u0259r\u0259k\u0259td\u0259 olark\u0259n tank \u0259leyhin\u0259 minaya d\u00fc\u015f\u00fcb.<\/p>\n<div id=\"AdviadNativeVideo0\" class=\"AdviadNativeVideo\"><\/div>\n<p>N\u0259tic\u0259d\u0259 3 n\u0259f\u0259r \u2013 Sirac Ab\u0131\u015fov (Az TV telekanal\u0131n\u0131n operatoru), M\u0259h\u0259rr\u0259m \u0130brahimov (AZ\u018fRTAC x\u0259b\u0259r agentliyinin \u0259m\u0259kda\u015f\u0131), Arif \u018fliyev (R\u0130H ba\u015f\u00e7\u0131s\u0131n\u0131n Susuzluq k\u0259nd inzibati \u0259razi dair\u0259si \u00fczr\u0259 n\u00fcmay\u0259nd\u0259sinin m\u00fcavini) h\u0259lak olub.<\/p>\n<p>Dig\u0259r 4 n\u0259f\u0259r is\u0259 m\u00fcxt\u0259lif d\u0259r\u0259c\u0259li b\u0259d\u0259n x\u0259sar\u0259tl\u0259ri almaqla x\u0259st\u0259xanaya yerl\u0259\u015fdirilib.<\/p>\n<div>\n<div class=\"twitter-tweet twitter-tweet-rendered\"><iframe id=\"twitter-widget-0\" class=\"\" title=\"Twitter Tweet\" src=\"https:\/\/platform.twitter.com\/embed\/Tweet.html?creatorScreenName=oxuaz&amp;dnt=false&amp;embedId=twitter-widget-0&amp;features=eyJ0ZndfZXhwZXJpbWVudHNfY29va2llX2V4cGlyYXRpb24iOnsiYnVja2V0IjoxMjA5NjAwLCJ2ZXJzaW9uIjpudWxsfSwidGZ3X2hvcml6b25fdHdlZXRfZW1iZWRfOTU1NSI6eyJidWNrZXQiOiJodGUiLCJ2ZXJzaW9uIjpudWxsfSwidGZ3X3R3ZWV0X2VtYmVkX2NsaWNrYWJpbGl0eV8xMjEwMiI6eyJidWNrZXQiOiJjb250cm9sIiwidmVyc2lvbiI6bnVsbH19&amp;frame=false&amp;hideCard=false&amp;hideThread=false&amp;id=1400896078401183747&amp;lang=en&amp;origin=https%3A%2F%2Foxu.az%2Fpolitics%2F500712&amp;sessionId=a54162b8c2da0badb034b9ae572bf11830fae580&amp;siteScreenName=oxuaz&amp;theme=light&amp;widgetsVersion=82e1070%3A1619632193066&amp;width=550px\" frameborder=\"0\" scrolling=\"no\" allowfullscreen=\"allowfullscreen\" data-tweet-id=\"1400896078401183747\" data-mce-fragment=\"1\"><\/iframe><\/div>\n<\/div>\n<p>&nbsp;<\/p>\n","protected":false},"excerpt":{"rendered":"<p>Avropa \u0130ttifaq\u0131n\u0131n Xarici \u0259laq\u0259l\u0259r \u00fczr\u0259 r\u0259smi n\u00fcmay\u0259nd\u0259 Piter Sano \u201cTwitter\u201d hesab\u0131nda K\u0259lb\u0259c\u0259rd\u0259 ba\u015f ver\u0259n hadis\u0259y\u0259 m\u00fcnasib\u0259t bildirib. ARANTV.AZ-\u0131n m\u0259lumat\u0131na \u0259sas\u0259n, o qeyd edib ki, Az\u0259rbaycan\u0131n i\u015f\u011faldan azad edilmi\u015f \u0259razil\u0259rind\u0259 minalar\u0131n t\u0259mizl\u0259nm\u0259si \u00fc\u00e7\u00fcn laz\u0131mi m\u0259lumat m\u00fcbadil\u0259si h\u0259yata ke\u00e7irilm\u0259lidir. Qeyd ed\u0259k ki, iyunun 4-d\u0259 saat 11 rad\u0259l\u0259rind\u0259 xidm\u0259ti v\u0259zif\u0259l\u0259rinin icras\u0131 il\u0259 \u0259laq\u0259dar i\u015f\u011faldan azad edilmi\u015f\u00a0K\u0259lb\u0259c\u0259r rayonuna ezam olunan\u00a0televiziya kanallar\u0131n\u0131n v\u0259 x\u0259b\u0259r agentlikl\u0259rinin \u0259m\u0259kda\u015flar\u0131n\u0131n oldu\u011fu \u201cKamAZ\u201d markal\u0131\u00a0avtomobil\u00a0rayonun Susuzluq k\u0259ndi istiqam\u0259tind\u0259 h\u0259r\u0259k\u0259td\u0259 olark\u0259n tank \u0259leyhin\u0259 minaya d\u00fc\u015f\u00fcb. N\u0259tic\u0259d\u0259 3 n\u0259f\u0259r \u2013 Sirac Ab\u0131\u015fov (Az TV telekanal\u0131n\u0131n operatoru), M\u0259h\u0259rr\u0259m \u0130brahimov (AZ\u018fRTAC x\u0259b\u0259r agentliyinin \u0259m\u0259kda\u015f\u0131), Arif&hellip;<\/p>\n","protected":false},"author":2,"featured_media":344251,"comment_status":"closed","ping_status":"closed","sticky":false,"template":"","format":"standard","meta":{"om_disable_all_campaigns":false,"_monsterinsights_skip_tracking":false,"_monsterinsights_sitenote_active":false,"_monsterinsights_sitenote_note":"","_monsterinsights_sitenote_category":0},"categories":[4],"tags":[],"aioseo_notices":[],"gutentor_comment":0,"rttpg_featured_image_url":{"full":["https:\/\/arantv.az\/wp-content\/uploads\/2021\/06\/stano-299379.jpg",620,348,false],"landscape":["https:\/\/arantv.az\/wp-content\/uploads\/2021\/06\/stano-299379.jpg",620,348,false],"portraits":["https:\/\/arantv.az\/wp-content\/uploads\/2021\/06\/stano-299379.jpg",620,348,false],"thumbnail":["https:\/\/arantv.az\/wp-content\/uploads\/2021\/06\/stano-299379-500x280.jpg",500,280,true],"medium":["https:\/\/arantv.az\/wp-content\/uploads\/2021\/06\/stano-299379.jpg",620,348,false],"large":["https:\/\/arantv.az\/wp-content\/uploads\/2021\/06\/stano-299379.jpg",620,348,false],"1536x1536":["https:\/\/arantv.az\/wp-content\/uploads\/2021\/06\/stano-299379.jpg",620,348,false],"2048x2048":["https:\/\/arantv.az\/wp-content\/uploads\/2021\/06\/stano-299379.jpg",620,348,false],"post-thumbnail":["https:\/\/arantv.az\/wp-content\/uploads\/2021\/06\/stano-299379-240x172.jpg",240,172,true],"advps-thumb-one":["https:\/\/arantv.az\/wp-content\/uploads\/2021\/06\/stano-299379.jpg",620,348,false]},"rttpg_author":{"display_name":"V\u00fcsal Rafiqo\u011flu","author_link":"https:\/\/arantv.az\/?author=2"},"rttpg_comment":0,"rttpg_category":"<a href=\"https:\/\/arantv.az\/?cat=4\" rel=\"category\">Siyas\u0259t<\/a>","rttpg_excerpt":"Avropa \u0130ttifaq\u0131n\u0131n Xarici \u0259laq\u0259l\u0259r \u00fczr\u0259 r\u0259smi n\u00fcmay\u0259nd\u0259 Piter Sano \u201cTwitter\u201d hesab\u0131nda K\u0259lb\u0259c\u0259rd\u0259 ba\u015f ver\u0259n hadis\u0259y\u0259 m\u00fcnasib\u0259t bildirib. ARANTV.AZ-\u0131n m\u0259lumat\u0131na \u0259sas\u0259n, o qeyd edib ki, Az\u0259rbaycan\u0131n i\u015f\u011faldan azad edilmi\u015f \u0259razil\u0259rind\u0259 minalar\u0131n t\u0259mizl\u0259nm\u0259si \u00fc\u00e7\u00fcn laz\u0131mi m\u0259lumat m\u00fcbadil\u0259si h\u0259yata ke\u00e7irilm\u0259lidir. Qeyd ed\u0259k ki, iyunun 4-d\u0259 saat 11 rad\u0259l\u0259rind\u0259 xidm\u0259ti v\u0259zif\u0259l\u0259rinin icras\u0131 il\u0259 \u0259laq\u0259dar i\u015f\u011faldan azad edilmi\u015f\u00a0K\u0259lb\u0259c\u0259r rayonuna ezam&hellip;","_links":{"self":[{"href":"https:\/\/arantv.az\/index.php?rest_route=\/wp\/v2\/posts\/344250"}],"collection":[{"href":"https:\/\/arantv.az\/index.php?rest_route=\/wp\/v2\/posts"}],"about":[{"href":"https:\/\/arantv.az\/index.php?rest_route=\/wp\/v2\/types\/post"}],"author":[{"embeddable":true,"href":"https:\/\/arantv.az\/index.php?rest_route=\/wp\/v2\/users\/2"}],"replies":[{"embeddable":true,"href":"https:\/\/arantv.az\/index.php?rest_route=%2Fwp%2Fv2%2Fcomments&post=344250"}],"version-history":[{"count":0,"href":"https:\/\/arantv.az\/index.php?rest_route=\/wp\/v2\/posts\/344250\/revisions"}],"wp:featuredmedia":[{"embeddable":true,"href":"https:\/\/arantv.az\/index.php?rest_route=\/wp\/v2\/media\/344251"}],"wp:attachment":[{"href":"https:\/\/arantv.az\/index.php?rest_route=%2Fwp%2Fv2%2Fmedia&parent=344250"}],"wp:term":[{"taxonomy":"category","embeddable":true,"href":"https:\/\/arantv.az\/index.php?rest_route=%2Fwp%2Fv2%2Fcategories&post=344250"},{"taxonomy":"post_tag","embeddable":true,"href":"https:\/\/arantv.az\/index.php?rest_route=%2Fwp%2Fv2%2Ftags&post=344250"}],"curies":[{"name":"wp","href":"https:\/\/api.w.org\/{rel}","templated":true}]}}