{"id":344253,"date":"2021-06-05T16:52:48","date_gmt":"2021-06-05T13:52:48","guid":{"rendered":"https:\/\/arantv.az\/?p=344253"},"modified":"2021-06-05T16:52:48","modified_gmt":"2021-06-05T13:52:48","slug":"s%c9%99rq-t%c9%99r%c9%99fdasligi-v%c9%99t%c9%99ndas-c%c9%99miyy%c9%99tind%c9%99n-s%c9%99hid-media-numay%c9%99nd%c9%99l%c9%99ri-il%c9%99-bagli-cagiris","status":"publish","type":"post","link":"https:\/\/arantv.az\/?p=344253","title":{"rendered":"\u015e\u0259rq T\u0259r\u0259fda\u015fl\u0131\u011f\u0131 V\u0259t\u0259nda\u015f C\u0259miyy\u0259tind\u0259n \u015f\u0259hid media n\u00fcmay\u0259nd\u0259l\u0259ri il\u0259 ba\u011fl\u0131 \u00c7A\u011eIRI\u015e"},"content":{"rendered":"<p>\u015e\u0259rq T\u0259r\u0259fda\u015fl\u0131\u011f\u0131 V\u0259t\u0259nda\u015f C\u0259miyy\u0259ti Forumunun Az\u0259rbaycan Milli Platformas\u0131 K\u0259lb\u0259c\u0259r rayonu \u0259razisind\u0259 \u015f\u0259hid olmu\u015f media n\u00fcmay\u0259nd\u0259l\u0259ri il\u0259 ba\u011fl\u0131 beyn\u0259lxalq ictimaiyy\u0259t\u0259 \u00e7a\u011f\u0131r\u0131\u015f edib.<\/p>\n<p>\u00c7a\u011f\u0131r\u0131\u015fda bildirilir:<\/p>\n<div id=\"AdviadNativeVideo0\" class=\"AdviadNativeVideo\"><\/div>\n<p>\u201c\u0130yunun 4-\u00fc saat 11 rad\u0259l\u0259rind\u0259 xidm\u0259ti v\u0259zif\u0259l\u0259rinin icras\u0131 il\u0259 \u0259laq\u0259dar i\u015f\u011faldan azad edilmi\u015f K\u0259lb\u0259c\u0259r rayonuna ezam olunan televiziya kanallar\u0131n\u0131n v\u0259 x\u0259b\u0259r agentlikl\u0259rinin \u0259m\u0259kda\u015flar\u0131n\u0131n oldu\u011fu \u201cKamAZ\u201d markal\u0131 s\u0259rni\u015fin avtomobili erm\u0259ni silahl\u0131 q\u00fcvv\u0259l\u0259ri t\u0259r\u0259find\u0259n \u0259raziy\u0259 yerl\u0259\u015fdiril\u0259n minaya d\u00fc\u015f\u0259r\u0259k h\u0259lak olub, media n\u00fcmay\u0259nd\u0259l\u0259ri Sirac Ab\u0131\u015fov (AzTV telekanal\u0131n\u0131n operatoru), M\u0259h\u0259rr\u0259m \u0130brahimov AZ\u018fRTAC x\u0259b\u0259r agentliyinin \u0259m\u0259kda\u015f\u0131) v\u0259 Arif \u018fliyev (R\u0130H ba\u015f\u00e7\u0131s\u0131n\u0131n Susuzluq k\u0259nd inzibati \u0259razi dair\u0259si \u00fczr\u0259 n\u00fcmay\u0259nd\u0259sinin m\u00fcavini) il\u0259 \u0259laq\u0259dar \u015e\u0259rq T\u0259r\u0259fda\u015fl\u0131\u011f\u0131 V\u0259t\u0259nda\u015f C\u0259miyy\u0259ti Forumunun Az\u0259rbaycan Milli Platformas\u0131 g\u00fcnahs\u0131z insanlar\u0131n \u015f\u0259hid olmas\u0131na v\u0259 Erm\u0259nistan h\u00f6kum\u0259tinin bu g\u00fcn\u0259 kimi d\u0259f\u0259l\u0259rl\u0259 m\u00fcraci\u0259t edilm\u0259sin\u0259 r\u0259\u011fm\u0259n h\u0259l\u0259 d\u0259 minal\u0131 \u0259razil\u0259rin x\u0259rit\u0259l\u0259rini t\u0259qdim etm\u0259m\u0259si il\u0259 ba\u011fl\u0131 \u00e7a\u011f\u0131r\u0131\u015f edib.<\/p>\n<p>71 qeyri-h\u00f6kum\u0259t t\u0259\u015fkilat\u0131n\u0131 \u00f6z\u00fcnd\u0259 birl\u0259\u015fdir\u0259n \u015e\u0259rq T\u0259r\u0259fda\u015fl\u0131\u011f\u0131 V\u0259t\u0259nda\u015f C\u0259miyy\u0259ti Forumunun Az\u0259rbaycan Milli Platformas\u0131 d\u00fcnya ictimaiyy\u0259ti v\u0259 beyn\u0259lxalq t\u0259\u015fkilatlar\u0131na m\u00fcraci\u0259t ed\u0259r\u0259k, Erm\u0259nistan\u0131 minalar\u0131n x\u0259rit\u0259l\u0259rini a\u00e7\u0131qlamad\u0131\u011f\u0131na g\u00f6r\u0259 q\u0131nama\u011fa v\u0259 minalanm\u0131\u015f \u0259razil\u0259rin oldu\u011fu yerl\u0259r bar\u0259d\u0259 m\u0259lumat ver\u0259r\u0259k r\u0259smi Yerevan\u0131 beyn\u0259lxalq al\u0259min h\u00fcquq normalar\u0131 il\u0259 \u00f6hd\u0259likl\u0259rini yerin\u0259 yetirm\u0259k \u00fc\u00e7\u00fcn inand\u0131rma\u011fa \u00e7a\u011f\u0131r\u0131b\u201d.<\/p>\n","protected":false},"excerpt":{"rendered":"<p>\u015e\u0259rq T\u0259r\u0259fda\u015fl\u0131\u011f\u0131 V\u0259t\u0259nda\u015f C\u0259miyy\u0259ti Forumunun Az\u0259rbaycan Milli Platformas\u0131 K\u0259lb\u0259c\u0259r rayonu \u0259razisind\u0259 \u015f\u0259hid olmu\u015f media n\u00fcmay\u0259nd\u0259l\u0259ri il\u0259 ba\u011fl\u0131 beyn\u0259lxalq ictimaiyy\u0259t\u0259 \u00e7a\u011f\u0131r\u0131\u015f edib. \u00c7a\u011f\u0131r\u0131\u015fda bildirilir: \u201c\u0130yunun 4-\u00fc saat 11 rad\u0259l\u0259rind\u0259 xidm\u0259ti v\u0259zif\u0259l\u0259rinin icras\u0131 il\u0259 \u0259laq\u0259dar i\u015f\u011faldan azad edilmi\u015f K\u0259lb\u0259c\u0259r rayonuna ezam olunan televiziya kanallar\u0131n\u0131n v\u0259 x\u0259b\u0259r agentlikl\u0259rinin \u0259m\u0259kda\u015flar\u0131n\u0131n oldu\u011fu \u201cKamAZ\u201d markal\u0131 s\u0259rni\u015fin avtomobili erm\u0259ni silahl\u0131 q\u00fcvv\u0259l\u0259ri t\u0259r\u0259find\u0259n \u0259raziy\u0259 yerl\u0259\u015fdiril\u0259n minaya d\u00fc\u015f\u0259r\u0259k h\u0259lak olub, media n\u00fcmay\u0259nd\u0259l\u0259ri Sirac Ab\u0131\u015fov (AzTV telekanal\u0131n\u0131n operatoru), M\u0259h\u0259rr\u0259m \u0130brahimov AZ\u018fRTAC x\u0259b\u0259r agentliyinin \u0259m\u0259kda\u015f\u0131) v\u0259 Arif \u018fliyev (R\u0130H ba\u015f\u00e7\u0131s\u0131n\u0131n Susuzluq k\u0259nd inzibati \u0259razi dair\u0259si \u00fczr\u0259 n\u00fcmay\u0259nd\u0259sinin m\u00fcavini) il\u0259 \u0259laq\u0259dar \u015e\u0259rq&hellip;<\/p>\n","protected":false},"author":2,"featured_media":344254,"comment_status":"closed","ping_status":"closed","sticky":false,"template":"","format":"standard","meta":{"om_disable_all_campaigns":false,"_monsterinsights_skip_tracking":false,"_monsterinsights_sitenote_active":false,"_monsterinsights_sitenote_note":"","_monsterinsights_sitenote_category":0},"categories":[26],"tags":[],"aioseo_notices":[],"gutentor_comment":0,"rttpg_featured_image_url":{"full":["https:\/\/arantv.az\/wp-content\/uploads\/2021\/06\/bu-1.jpg",620,440,false],"landscape":["https:\/\/arantv.az\/wp-content\/uploads\/2021\/06\/bu-1.jpg",620,440,false],"portraits":["https:\/\/arantv.az\/wp-content\/uploads\/2021\/06\/bu-1.jpg",620,440,false],"thumbnail":["https:\/\/arantv.az\/wp-content\/uploads\/2021\/06\/bu-1-500x280.jpg",500,280,true],"medium":["https:\/\/arantv.az\/wp-content\/uploads\/2021\/06\/bu-1-514x365.jpg",514,365,true],"large":["https:\/\/arantv.az\/wp-content\/uploads\/2021\/06\/bu-1.jpg",620,440,false],"1536x1536":["https:\/\/arantv.az\/wp-content\/uploads\/2021\/06\/bu-1.jpg",620,440,false],"2048x2048":["https:\/\/arantv.az\/wp-content\/uploads\/2021\/06\/bu-1.jpg",620,440,false],"post-thumbnail":["https:\/\/arantv.az\/wp-content\/uploads\/2021\/06\/bu-1-240x172.jpg",240,172,true],"advps-thumb-one":["https:\/\/arantv.az\/wp-content\/uploads\/2021\/06\/bu-1.jpg",620,440,false]},"rttpg_author":{"display_name":"V\u00fcsal Rafiqo\u011flu","author_link":"https:\/\/arantv.az\/?author=2"},"rttpg_comment":0,"rttpg_category":"<a href=\"https:\/\/arantv.az\/?cat=26\" rel=\"category\">Sosial<\/a>","rttpg_excerpt":"\u015e\u0259rq T\u0259r\u0259fda\u015fl\u0131\u011f\u0131 V\u0259t\u0259nda\u015f C\u0259miyy\u0259ti Forumunun Az\u0259rbaycan Milli Platformas\u0131 K\u0259lb\u0259c\u0259r rayonu \u0259razisind\u0259 \u015f\u0259hid olmu\u015f media n\u00fcmay\u0259nd\u0259l\u0259ri il\u0259 ba\u011fl\u0131 beyn\u0259lxalq ictimaiyy\u0259t\u0259 \u00e7a\u011f\u0131r\u0131\u015f edib. \u00c7a\u011f\u0131r\u0131\u015fda bildirilir: \u201c\u0130yunun 4-\u00fc saat 11 rad\u0259l\u0259rind\u0259 xidm\u0259ti v\u0259zif\u0259l\u0259rinin icras\u0131 il\u0259 \u0259laq\u0259dar i\u015f\u011faldan azad edilmi\u015f K\u0259lb\u0259c\u0259r rayonuna ezam olunan televiziya kanallar\u0131n\u0131n v\u0259 x\u0259b\u0259r agentlikl\u0259rinin \u0259m\u0259kda\u015flar\u0131n\u0131n oldu\u011fu \u201cKamAZ\u201d markal\u0131 s\u0259rni\u015fin avtomobili erm\u0259ni silahl\u0131 q\u00fcvv\u0259l\u0259ri t\u0259r\u0259find\u0259n&hellip;","_links":{"self":[{"href":"https:\/\/arantv.az\/index.php?rest_route=\/wp\/v2\/posts\/344253"}],"collection":[{"href":"https:\/\/arantv.az\/index.php?rest_route=\/wp\/v2\/posts"}],"about":[{"href":"https:\/\/arantv.az\/index.php?rest_route=\/wp\/v2\/types\/post"}],"author":[{"embeddable":true,"href":"https:\/\/arantv.az\/index.php?rest_route=\/wp\/v2\/users\/2"}],"replies":[{"embeddable":true,"href":"https:\/\/arantv.az\/index.php?rest_route=%2Fwp%2Fv2%2Fcomments&post=344253"}],"version-history":[{"count":0,"href":"https:\/\/arantv.az\/index.php?rest_route=\/wp\/v2\/posts\/344253\/revisions"}],"wp:featuredmedia":[{"embeddable":true,"href":"https:\/\/arantv.az\/index.php?rest_route=\/wp\/v2\/media\/344254"}],"wp:attachment":[{"href":"https:\/\/arantv.az\/index.php?rest_route=%2Fwp%2Fv2%2Fmedia&parent=344253"}],"wp:term":[{"taxonomy":"category","embeddable":true,"href":"https:\/\/arantv.az\/index.php?rest_route=%2Fwp%2Fv2%2Fcategories&post=344253"},{"taxonomy":"post_tag","embeddable":true,"href":"https:\/\/arantv.az\/index.php?rest_route=%2Fwp%2Fv2%2Ftags&post=344253"}],"curies":[{"name":"wp","href":"https:\/\/api.w.org\/{rel}","templated":true}]}}