{"id":344263,"date":"2021-06-05T16:56:13","date_gmt":"2021-06-05T13:56:13","guid":{"rendered":"https:\/\/arantv.az\/?p=344263"},"modified":"2021-06-05T16:56:13","modified_gmt":"2021-06-05T13:56:13","slug":"xuraman-qasimovaya-istiqlal-ordeni-verildi-s%c9%99r%c9%99ncam","status":"publish","type":"post","link":"https:\/\/arantv.az\/?p=344263","title":{"rendered":"Xuraman Qas\u0131movaya \u201c\u0130stiqlal\u201d ordeni verildi &#8211; S\u018fR\u018fNCAM"},"content":{"rendered":"<p>Prezident \u0130lham \u018fliyev Xuraman \u018fkr\u0259m q\u0131z\u0131 Qas\u0131movan\u0131n \u201c\u0130stiqlal\u201d ordeni il\u0259 t\u0259ltif edilm\u0259si haqq\u0131nda s\u0259r\u0259ncam imzalay\u0131b.<\/p>\n<p>Bununla ba\u011fl\u0131\u00a0<a href=\"https:\/\/president.az\/articles\/51979\" target=\"_blank\" rel=\"noopener\">prezident.az<\/a>\u00a0m\u0259lumat yay\u0131b.<\/p>\n<div id=\"AdviadNativeVideo0\" class=\"AdviadNativeVideo\"><\/div>\n<p>S\u0259r\u0259ncama \u0259sas\u0259n, X.Qas\u0131mova Az\u0259rbaycan m\u0259d\u0259niyy\u0259tinin inki\u015faf\u0131nda x\u00fcsusi xidm\u0259tl\u0259rin\u0259 v\u0259 uzunm\u00fcdd\u0259tli s\u0259m\u0259r\u0259li f\u0259aliyy\u0259tin\u0259 g\u00f6r\u0259 t\u0259ltif edilib.<\/p>\n<p>Qeyd ed\u0259k ki, iyunun 6-da Xalq artisti X.Qas\u0131movan\u0131n 70 ya\u015f\u0131 tamam olur.<\/p>\n","protected":false},"excerpt":{"rendered":"<p>Prezident \u0130lham \u018fliyev Xuraman \u018fkr\u0259m q\u0131z\u0131 Qas\u0131movan\u0131n \u201c\u0130stiqlal\u201d ordeni il\u0259 t\u0259ltif edilm\u0259si haqq\u0131nda s\u0259r\u0259ncam imzalay\u0131b. Bununla ba\u011fl\u0131\u00a0prezident.az\u00a0m\u0259lumat yay\u0131b. S\u0259r\u0259ncama \u0259sas\u0259n, X.Qas\u0131mova Az\u0259rbaycan m\u0259d\u0259niyy\u0259tinin inki\u015faf\u0131nda x\u00fcsusi xidm\u0259tl\u0259rin\u0259 v\u0259 uzunm\u00fcdd\u0259tli s\u0259m\u0259r\u0259li f\u0259aliyy\u0259tin\u0259 g\u00f6r\u0259 t\u0259ltif edilib. Qeyd ed\u0259k ki, iyunun 6-da Xalq artisti X.Qas\u0131movan\u0131n 70 ya\u015f\u0131 tamam olur.<\/p>\n","protected":false},"author":2,"featured_media":344264,"comment_status":"closed","ping_status":"closed","sticky":false,"template":"","format":"standard","meta":{"om_disable_all_campaigns":false,"_monsterinsights_skip_tracking":false,"_monsterinsights_sitenote_active":false,"_monsterinsights_sitenote_note":"","_monsterinsights_sitenote_category":0},"categories":[4],"tags":[],"aioseo_notices":[],"gutentor_comment":0,"rttpg_featured_image_url":{"full":["https:\/\/arantv.az\/wp-content\/uploads\/2021\/06\/1593434541_6b527ce8fd10d0ba0e5d47aad655327a.jpg",620,465,false],"landscape":["https:\/\/arantv.az\/wp-content\/uploads\/2021\/06\/1593434541_6b527ce8fd10d0ba0e5d47aad655327a.jpg",620,465,false],"portraits":["https:\/\/arantv.az\/wp-content\/uploads\/2021\/06\/1593434541_6b527ce8fd10d0ba0e5d47aad655327a.jpg",620,465,false],"thumbnail":["https:\/\/arantv.az\/wp-content\/uploads\/2021\/06\/1593434541_6b527ce8fd10d0ba0e5d47aad655327a-500x280.jpg",500,280,true],"medium":["https:\/\/arantv.az\/wp-content\/uploads\/2021\/06\/1593434541_6b527ce8fd10d0ba0e5d47aad655327a-487x365.jpg",487,365,true],"large":["https:\/\/arantv.az\/wp-content\/uploads\/2021\/06\/1593434541_6b527ce8fd10d0ba0e5d47aad655327a.jpg",620,465,false],"1536x1536":["https:\/\/arantv.az\/wp-content\/uploads\/2021\/06\/1593434541_6b527ce8fd10d0ba0e5d47aad655327a.jpg",620,465,false],"2048x2048":["https:\/\/arantv.az\/wp-content\/uploads\/2021\/06\/1593434541_6b527ce8fd10d0ba0e5d47aad655327a.jpg",620,465,false],"post-thumbnail":["https:\/\/arantv.az\/wp-content\/uploads\/2021\/06\/1593434541_6b527ce8fd10d0ba0e5d47aad655327a-240x172.jpg",240,172,true],"advps-thumb-one":["https:\/\/arantv.az\/wp-content\/uploads\/2021\/06\/1593434541_6b527ce8fd10d0ba0e5d47aad655327a.jpg",620,465,false]},"rttpg_author":{"display_name":"V\u00fcsal Rafiqo\u011flu","author_link":"https:\/\/arantv.az\/?author=2"},"rttpg_comment":0,"rttpg_category":"<a href=\"https:\/\/arantv.az\/?cat=4\" rel=\"category\">Siyas\u0259t<\/a>","rttpg_excerpt":"Prezident \u0130lham \u018fliyev Xuraman \u018fkr\u0259m q\u0131z\u0131 Qas\u0131movan\u0131n \u201c\u0130stiqlal\u201d ordeni il\u0259 t\u0259ltif edilm\u0259si haqq\u0131nda s\u0259r\u0259ncam imzalay\u0131b. Bununla ba\u011fl\u0131\u00a0prezident.az\u00a0m\u0259lumat yay\u0131b. S\u0259r\u0259ncama \u0259sas\u0259n, X.Qas\u0131mova Az\u0259rbaycan m\u0259d\u0259niyy\u0259tinin inki\u015faf\u0131nda x\u00fcsusi xidm\u0259tl\u0259rin\u0259 v\u0259 uzunm\u00fcdd\u0259tli s\u0259m\u0259r\u0259li f\u0259aliyy\u0259tin\u0259 g\u00f6r\u0259 t\u0259ltif edilib. Qeyd ed\u0259k ki, iyunun 6-da Xalq artisti X.Qas\u0131movan\u0131n 70 ya\u015f\u0131 tamam olur.","_links":{"self":[{"href":"https:\/\/arantv.az\/index.php?rest_route=\/wp\/v2\/posts\/344263"}],"collection":[{"href":"https:\/\/arantv.az\/index.php?rest_route=\/wp\/v2\/posts"}],"about":[{"href":"https:\/\/arantv.az\/index.php?rest_route=\/wp\/v2\/types\/post"}],"author":[{"embeddable":true,"href":"https:\/\/arantv.az\/index.php?rest_route=\/wp\/v2\/users\/2"}],"replies":[{"embeddable":true,"href":"https:\/\/arantv.az\/index.php?rest_route=%2Fwp%2Fv2%2Fcomments&post=344263"}],"version-history":[{"count":0,"href":"https:\/\/arantv.az\/index.php?rest_route=\/wp\/v2\/posts\/344263\/revisions"}],"wp:featuredmedia":[{"embeddable":true,"href":"https:\/\/arantv.az\/index.php?rest_route=\/wp\/v2\/media\/344264"}],"wp:attachment":[{"href":"https:\/\/arantv.az\/index.php?rest_route=%2Fwp%2Fv2%2Fmedia&parent=344263"}],"wp:term":[{"taxonomy":"category","embeddable":true,"href":"https:\/\/arantv.az\/index.php?rest_route=%2Fwp%2Fv2%2Fcategories&post=344263"},{"taxonomy":"post_tag","embeddable":true,"href":"https:\/\/arantv.az\/index.php?rest_route=%2Fwp%2Fv2%2Ftags&post=344263"}],"curies":[{"name":"wp","href":"https:\/\/api.w.org\/{rel}","templated":true}]}}