{"id":344269,"date":"2021-06-05T16:58:01","date_gmt":"2021-06-05T13:58:01","guid":{"rendered":"https:\/\/arantv.az\/?p=344269"},"modified":"2021-06-05T16:58:01","modified_gmt":"2021-06-05T13:58:01","slug":"v%c9%99kil-abdullayevin-anasi-oglumu-q%c9%99tl%c9%99-yetir%c9%99n%c9%99-%c9%99n-agir-c%c9%99za-t%c9%99l%c9%99b-edir%c9%99m","status":"publish","type":"post","link":"https:\/\/arantv.az\/?p=344269","title":{"rendered":"V\u0259kil Abdullayevin anas\u0131: \u201cO\u011flumu q\u0259tl\u0259 yetir\u0259n\u0259 \u0259n a\u011f\u0131r c\u0259za t\u0259l\u0259b edir\u0259m\u201d"},"content":{"rendered":"<p>\u201cO\u011flumu q\u0259tl\u0259 yetir\u0259n polis \u0259m\u0259kda\u015f\u0131n\u0131n \u0259n s\u0259rt \u015f\u0259kild\u0259 c\u0259zaland\u0131r\u0131lmas\u0131n\u0131 t\u0259l\u0259b edir\u0259m\u201d.<\/p>\n<p>Bunu \u201cReport\u201dun yerli b\u00fcrosuna m\u00fcsahib\u0259sind\u0259 V\u0259kil Abdullayevin anas\u0131 Samir\u0259 Abdullayeva deyib.<\/p>\n<div id=\"AdviadNativeVideo0\" class=\"AdviadNativeVideo\"><\/div>\n<p>O, o\u011flunu \u00f6l\u00fcmc\u00fcl yaralayan yol polisi m\u00fcf\u0259tti\u015finin \u00f6t\u0259n g\u00fcn azadl\u0131\u011fa burax\u0131lmas\u0131na etiraz\u0131n\u0131 ifad\u0259 edib:<\/p>\n<p>\u201cV\u0259kilin he\u00e7 bir g\u00fcnah\u0131 olmay\u0131b. Polis silahla qorxuda, havaya at\u0259\u015f a\u00e7a bil\u0259rdi. Amma o\u011flumu gicgah nahiy\u0259sind\u0259n \u00f6l\u00fcmc\u00fcl yaralay\u0131b\u201d.<\/p>\n<p>S.Abdullayeva Rusiyan\u0131n h\u00fcquq-m\u00fchafiz\u0259 orqanlar\u0131n\u0131 o\u011flunun q\u0259tli il\u0259 ba\u011fl\u0131 istintaq\u0131 \u015f\u0259ffaf v\u0259 \u0259dal\u0259tli \u015f\u0259kild\u0259 aparma\u011fa \u00e7a\u011f\u0131r\u0131b.<\/p>\n","protected":false},"excerpt":{"rendered":"<p>\u201cO\u011flumu q\u0259tl\u0259 yetir\u0259n polis \u0259m\u0259kda\u015f\u0131n\u0131n \u0259n s\u0259rt \u015f\u0259kild\u0259 c\u0259zaland\u0131r\u0131lmas\u0131n\u0131 t\u0259l\u0259b edir\u0259m\u201d. Bunu \u201cReport\u201dun yerli b\u00fcrosuna m\u00fcsahib\u0259sind\u0259 V\u0259kil Abdullayevin anas\u0131 Samir\u0259 Abdullayeva deyib. O, o\u011flunu \u00f6l\u00fcmc\u00fcl yaralayan yol polisi m\u00fcf\u0259tti\u015finin \u00f6t\u0259n g\u00fcn azadl\u0131\u011fa burax\u0131lmas\u0131na etiraz\u0131n\u0131 ifad\u0259 edib: \u201cV\u0259kilin he\u00e7 bir g\u00fcnah\u0131 olmay\u0131b. Polis silahla qorxuda, havaya at\u0259\u015f a\u00e7a bil\u0259rdi. Amma o\u011flumu gicgah nahiy\u0259sind\u0259n \u00f6l\u00fcmc\u00fcl yaralay\u0131b\u201d. S.Abdullayeva Rusiyan\u0131n h\u00fcquq-m\u00fchafiz\u0259 orqanlar\u0131n\u0131 o\u011flunun q\u0259tli il\u0259 ba\u011fl\u0131 istintaq\u0131 \u015f\u0259ffaf v\u0259 \u0259dal\u0259tli \u015f\u0259kild\u0259 aparma\u011fa \u00e7a\u011f\u0131r\u0131b.<\/p>\n","protected":false},"author":2,"featured_media":344270,"comment_status":"closed","ping_status":"closed","sticky":false,"template":"","format":"standard","meta":{"om_disable_all_campaigns":false,"_monsterinsights_skip_tracking":false,"_monsterinsights_sitenote_active":false,"_monsterinsights_sitenote_note":"","_monsterinsights_sitenote_category":0},"categories":[26],"tags":[],"aioseo_notices":[],"gutentor_comment":0,"rttpg_featured_image_url":{"full":["https:\/\/arantv.az\/wp-content\/uploads\/2021\/06\/fgh.jpg",620,387,false],"landscape":["https:\/\/arantv.az\/wp-content\/uploads\/2021\/06\/fgh.jpg",620,387,false],"portraits":["https:\/\/arantv.az\/wp-content\/uploads\/2021\/06\/fgh.jpg",620,387,false],"thumbnail":["https:\/\/arantv.az\/wp-content\/uploads\/2021\/06\/fgh-500x280.jpg",500,280,true],"medium":["https:\/\/arantv.az\/wp-content\/uploads\/2021\/06\/fgh-585x365.jpg",585,365,true],"large":["https:\/\/arantv.az\/wp-content\/uploads\/2021\/06\/fgh.jpg",620,387,false],"1536x1536":["https:\/\/arantv.az\/wp-content\/uploads\/2021\/06\/fgh.jpg",620,387,false],"2048x2048":["https:\/\/arantv.az\/wp-content\/uploads\/2021\/06\/fgh.jpg",620,387,false],"post-thumbnail":["https:\/\/arantv.az\/wp-content\/uploads\/2021\/06\/fgh-240x172.jpg",240,172,true],"advps-thumb-one":["https:\/\/arantv.az\/wp-content\/uploads\/2021\/06\/fgh.jpg",620,387,false]},"rttpg_author":{"display_name":"V\u00fcsal Rafiqo\u011flu","author_link":"https:\/\/arantv.az\/?author=2"},"rttpg_comment":0,"rttpg_category":"<a href=\"https:\/\/arantv.az\/?cat=26\" rel=\"category\">Sosial<\/a>","rttpg_excerpt":"\u201cO\u011flumu q\u0259tl\u0259 yetir\u0259n polis \u0259m\u0259kda\u015f\u0131n\u0131n \u0259n s\u0259rt \u015f\u0259kild\u0259 c\u0259zaland\u0131r\u0131lmas\u0131n\u0131 t\u0259l\u0259b edir\u0259m\u201d. Bunu \u201cReport\u201dun yerli b\u00fcrosuna m\u00fcsahib\u0259sind\u0259 V\u0259kil Abdullayevin anas\u0131 Samir\u0259 Abdullayeva deyib. O, o\u011flunu \u00f6l\u00fcmc\u00fcl yaralayan yol polisi m\u00fcf\u0259tti\u015finin \u00f6t\u0259n g\u00fcn azadl\u0131\u011fa burax\u0131lmas\u0131na etiraz\u0131n\u0131 ifad\u0259 edib: \u201cV\u0259kilin he\u00e7 bir g\u00fcnah\u0131 olmay\u0131b. Polis silahla qorxuda, havaya at\u0259\u015f a\u00e7a bil\u0259rdi. Amma o\u011flumu gicgah nahiy\u0259sind\u0259n \u00f6l\u00fcmc\u00fcl yaralay\u0131b\u201d. S.Abdullayeva&hellip;","_links":{"self":[{"href":"https:\/\/arantv.az\/index.php?rest_route=\/wp\/v2\/posts\/344269"}],"collection":[{"href":"https:\/\/arantv.az\/index.php?rest_route=\/wp\/v2\/posts"}],"about":[{"href":"https:\/\/arantv.az\/index.php?rest_route=\/wp\/v2\/types\/post"}],"author":[{"embeddable":true,"href":"https:\/\/arantv.az\/index.php?rest_route=\/wp\/v2\/users\/2"}],"replies":[{"embeddable":true,"href":"https:\/\/arantv.az\/index.php?rest_route=%2Fwp%2Fv2%2Fcomments&post=344269"}],"version-history":[{"count":0,"href":"https:\/\/arantv.az\/index.php?rest_route=\/wp\/v2\/posts\/344269\/revisions"}],"wp:featuredmedia":[{"embeddable":true,"href":"https:\/\/arantv.az\/index.php?rest_route=\/wp\/v2\/media\/344270"}],"wp:attachment":[{"href":"https:\/\/arantv.az\/index.php?rest_route=%2Fwp%2Fv2%2Fmedia&parent=344269"}],"wp:term":[{"taxonomy":"category","embeddable":true,"href":"https:\/\/arantv.az\/index.php?rest_route=%2Fwp%2Fv2%2Fcategories&post=344269"},{"taxonomy":"post_tag","embeddable":true,"href":"https:\/\/arantv.az\/index.php?rest_route=%2Fwp%2Fv2%2Ftags&post=344269"}],"curies":[{"name":"wp","href":"https:\/\/api.w.org\/{rel}","templated":true}]}}