{"id":344275,"date":"2021-06-05T17:01:37","date_gmt":"2021-06-05T14:01:37","guid":{"rendered":"https:\/\/arantv.az\/?p=344275"},"modified":"2021-06-05T17:01:37","modified_gmt":"2021-06-05T14:01:37","slug":"nazir-xarici-ezamiyy%c9%99t%c9%99-ged%c9%99n-diplomatlarla-gorusub","status":"publish","type":"post","link":"https:\/\/arantv.az\/?p=344275","title":{"rendered":"Nazir xarici ezamiyy\u0259t\u0259 ged\u0259n diplomatlarla g\u00f6r\u00fc\u015f\u00fcb"},"content":{"rendered":"<p>5 iyun 2021-ci il tarixind\u0259 xarici i\u015fl\u0259r naziri Ceyhun Bayramovun rotasiya qaydas\u0131nda xarici ezamiyy\u0259t\u0259 ged\u0259n diplomatlarla g\u00f6r\u00fc\u015f\u00fcb.<\/p>\n<p><strong>ARANTV.AZ<\/strong>\u00a0x\u0259b\u0259r verir ki, nazir Ceyhun Bayramov Az\u0259rbaycan\u0131n xarici \u00f6lk\u0259l\u0259rd\u0259ki diplomatik n\u00fcmay\u0259nd\u0259lik v\u0259 konsulluqlar\u0131nda f\u0259aliyy\u0259t g\u00f6st\u0259r\u0259c\u0259k diplomatlar\u0131 t\u0259yinatlar\u0131 m\u00fcnasib\u0259til\u0259 t\u0259brik edib. Nazir, \u00f6lk\u0259miz \u00fc\u00e7\u00fcn tarixi bir d\u00f6n\u0259md\u0259 h\u0259yata ke\u00e7\u0259n bu t\u0259yinat\u0131n, \u00f6lk\u0259mizin beyn\u0259lxalq m\u00fcst\u0259vid\u0259 layiqli \u015f\u0259kild\u0259 t\u0259msil\u00e7iliyi bax\u0131m\u0131ndan h\u0259r bir diplomat\u0131n \u00fcz\u0259rin\u0259 b\u00f6y\u00fck m\u0259suliyy\u0259t qoydu\u011funu qeyd edib v\u0259 bu x\u00fcsusda, diplomatlar\u0131m\u0131z\u0131n h\u0259rt\u0259r\u0259fli haz\u0131rl\u0131\u011f\u0131n\u0131n vacib oldu\u011funu vur\u011fulay\u0131b.<\/p>\n<p>Nazir Az\u0259rbaycan Respublikas\u0131n\u0131n Prezidenti, Ali Ba\u015f Komandan \u0130lham \u018fliyevin r\u0259hb\u0259rliyi alt\u0131nda, M\u00fcz\u0259ff\u0259r Az\u0259rbaycan Ordusunun \u0259ld\u0259 etdiyi q\u0259l\u0259b\u0259d\u0259n sonra b\u00f6lg\u0259d\u0259 yaranm\u0131\u015f yeni reall\u0131qlar, \u00f6lk\u0259mizin xarici siyas\u0259tinin bu reall\u0131qlara uy\u011fun olaraq h\u0259yata ke\u00e7irilm\u0259si, Az\u0259rbaycan\u0131n maraqlar\u0131n\u0131n beyn\u0259lxalq m\u00fcst\u0259vid\u0259 t\u0259min olunmas\u0131, diplomatlar\u0131n t\u0259msil\u00e7iliyin v\u0259zif\u0259l\u0259ri v\u0259 dig\u0259r m\u00f6vzular bar\u0259d\u0259 diplomatlara \u0259trafl\u0131 m\u0259lumat verib.<\/p>\n<p>Diplomatlarla geni\u015f fikir m\u00fcbadil\u0259si aparan nazir, onlar\u0131n suallar\u0131n\u0131 cavabland\u0131r\u0131b.<\/p>\n<p><img src=\"https:\/\/ikisahil.az\/upload\/\/2021\/06\/05\/\/-07dd4d5a162289178475447651510327727.jpg\" alt=\"\" \/><\/p>\n","protected":false},"excerpt":{"rendered":"<p>5 iyun 2021-ci il tarixind\u0259 xarici i\u015fl\u0259r naziri Ceyhun Bayramovun rotasiya qaydas\u0131nda xarici ezamiyy\u0259t\u0259 ged\u0259n diplomatlarla g\u00f6r\u00fc\u015f\u00fcb. ARANTV.AZ\u00a0x\u0259b\u0259r verir ki, nazir Ceyhun Bayramov Az\u0259rbaycan\u0131n xarici \u00f6lk\u0259l\u0259rd\u0259ki diplomatik n\u00fcmay\u0259nd\u0259lik v\u0259 konsulluqlar\u0131nda f\u0259aliyy\u0259t g\u00f6st\u0259r\u0259c\u0259k diplomatlar\u0131 t\u0259yinatlar\u0131 m\u00fcnasib\u0259til\u0259 t\u0259brik edib. Nazir, \u00f6lk\u0259miz \u00fc\u00e7\u00fcn tarixi bir d\u00f6n\u0259md\u0259 h\u0259yata ke\u00e7\u0259n bu t\u0259yinat\u0131n, \u00f6lk\u0259mizin beyn\u0259lxalq m\u00fcst\u0259vid\u0259 layiqli \u015f\u0259kild\u0259 t\u0259msil\u00e7iliyi bax\u0131m\u0131ndan h\u0259r bir diplomat\u0131n \u00fcz\u0259rin\u0259 b\u00f6y\u00fck m\u0259suliyy\u0259t qoydu\u011funu qeyd edib v\u0259 bu x\u00fcsusda, diplomatlar\u0131m\u0131z\u0131n h\u0259rt\u0259r\u0259fli haz\u0131rl\u0131\u011f\u0131n\u0131n vacib oldu\u011funu vur\u011fulay\u0131b. Nazir Az\u0259rbaycan Respublikas\u0131n\u0131n Prezidenti, Ali Ba\u015f Komandan \u0130lham \u018fliyevin r\u0259hb\u0259rliyi alt\u0131nda, M\u00fcz\u0259ff\u0259r Az\u0259rbaycan Ordusunun \u0259ld\u0259 etdiyi q\u0259l\u0259b\u0259d\u0259n sonra&hellip;<\/p>\n","protected":false},"author":2,"featured_media":344276,"comment_status":"closed","ping_status":"closed","sticky":false,"template":"","format":"standard","meta":{"om_disable_all_campaigns":false,"_monsterinsights_skip_tracking":false,"_monsterinsights_sitenote_active":false,"_monsterinsights_sitenote_note":"","_monsterinsights_sitenote_category":0},"categories":[4],"tags":[],"aioseo_notices":[],"gutentor_comment":0,"rttpg_featured_image_url":{"full":["https:\/\/arantv.az\/wp-content\/uploads\/2021\/06\/ec1f850d162289174864767053610541576.jpg",975,540,false],"landscape":["https:\/\/arantv.az\/wp-content\/uploads\/2021\/06\/ec1f850d162289174864767053610541576.jpg",975,540,false],"portraits":["https:\/\/arantv.az\/wp-content\/uploads\/2021\/06\/ec1f850d162289174864767053610541576.jpg",975,540,false],"thumbnail":["https:\/\/arantv.az\/wp-content\/uploads\/2021\/06\/ec1f850d162289174864767053610541576-500x280.jpg",500,280,true],"medium":["https:\/\/arantv.az\/wp-content\/uploads\/2021\/06\/ec1f850d162289174864767053610541576-660x365.jpg",660,365,true],"large":["https:\/\/arantv.az\/wp-content\/uploads\/2021\/06\/ec1f850d162289174864767053610541576-840x465.jpg",640,354,true],"1536x1536":["https:\/\/arantv.az\/wp-content\/uploads\/2021\/06\/ec1f850d162289174864767053610541576.jpg",975,540,false],"2048x2048":["https:\/\/arantv.az\/wp-content\/uploads\/2021\/06\/ec1f850d162289174864767053610541576.jpg",975,540,false],"post-thumbnail":["https:\/\/arantv.az\/wp-content\/uploads\/2021\/06\/ec1f850d162289174864767053610541576-240x172.jpg",240,172,true],"advps-thumb-one":["https:\/\/arantv.az\/wp-content\/uploads\/2021\/06\/ec1f850d162289174864767053610541576.jpg",975,540,false]},"rttpg_author":{"display_name":"V\u00fcsal Rafiqo\u011flu","author_link":"https:\/\/arantv.az\/?author=2"},"rttpg_comment":0,"rttpg_category":"<a href=\"https:\/\/arantv.az\/?cat=4\" rel=\"category\">Siyas\u0259t<\/a>","rttpg_excerpt":"5 iyun 2021-ci il tarixind\u0259 xarici i\u015fl\u0259r naziri Ceyhun Bayramovun rotasiya qaydas\u0131nda xarici ezamiyy\u0259t\u0259 ged\u0259n diplomatlarla g\u00f6r\u00fc\u015f\u00fcb. ARANTV.AZ\u00a0x\u0259b\u0259r verir ki, nazir Ceyhun Bayramov Az\u0259rbaycan\u0131n xarici \u00f6lk\u0259l\u0259rd\u0259ki diplomatik n\u00fcmay\u0259nd\u0259lik v\u0259 konsulluqlar\u0131nda f\u0259aliyy\u0259t g\u00f6st\u0259r\u0259c\u0259k diplomatlar\u0131 t\u0259yinatlar\u0131 m\u00fcnasib\u0259til\u0259 t\u0259brik edib. Nazir, \u00f6lk\u0259miz \u00fc\u00e7\u00fcn tarixi bir d\u00f6n\u0259md\u0259 h\u0259yata ke\u00e7\u0259n bu t\u0259yinat\u0131n, \u00f6lk\u0259mizin beyn\u0259lxalq m\u00fcst\u0259vid\u0259 layiqli \u015f\u0259kild\u0259 t\u0259msil\u00e7iliyi bax\u0131m\u0131ndan h\u0259r&hellip;","_links":{"self":[{"href":"https:\/\/arantv.az\/index.php?rest_route=\/wp\/v2\/posts\/344275"}],"collection":[{"href":"https:\/\/arantv.az\/index.php?rest_route=\/wp\/v2\/posts"}],"about":[{"href":"https:\/\/arantv.az\/index.php?rest_route=\/wp\/v2\/types\/post"}],"author":[{"embeddable":true,"href":"https:\/\/arantv.az\/index.php?rest_route=\/wp\/v2\/users\/2"}],"replies":[{"embeddable":true,"href":"https:\/\/arantv.az\/index.php?rest_route=%2Fwp%2Fv2%2Fcomments&post=344275"}],"version-history":[{"count":0,"href":"https:\/\/arantv.az\/index.php?rest_route=\/wp\/v2\/posts\/344275\/revisions"}],"wp:featuredmedia":[{"embeddable":true,"href":"https:\/\/arantv.az\/index.php?rest_route=\/wp\/v2\/media\/344276"}],"wp:attachment":[{"href":"https:\/\/arantv.az\/index.php?rest_route=%2Fwp%2Fv2%2Fmedia&parent=344275"}],"wp:term":[{"taxonomy":"category","embeddable":true,"href":"https:\/\/arantv.az\/index.php?rest_route=%2Fwp%2Fv2%2Fcategories&post=344275"},{"taxonomy":"post_tag","embeddable":true,"href":"https:\/\/arantv.az\/index.php?rest_route=%2Fwp%2Fv2%2Ftags&post=344275"}],"curies":[{"name":"wp","href":"https:\/\/api.w.org\/{rel}","templated":true}]}}