{"id":344474,"date":"2021-06-07T09:37:15","date_gmt":"2021-06-07T06:37:15","guid":{"rendered":"http:\/\/arantv.az\/?p=344474"},"modified":"2021-06-07T09:37:15","modified_gmt":"2021-06-07T06:37:15","slug":"erm%c9%99nistanda-seckiqabagi-t%c9%99sviqat-kampaniyasi-basladi","status":"publish","type":"post","link":"https:\/\/arantv.az\/?p=344474","title":{"rendered":"Erm\u0259nistanda se\u00e7kiqaba\u011f\u0131 t\u0259\u015fviqat kampaniyas\u0131 ba\u015flad\u0131"},"content":{"rendered":"<p><strong>Erm\u0259nistanda erk\u0259n parlament se\u00e7kil\u0259rinin se\u00e7kiqaba\u011f\u0131 t\u0259\u015fviqat\u0131 d\u00f6vr\u00fc r\u0259sm\u0259n ba\u015flay\u0131b.<\/strong><\/p>\n<p><strong>ARANTV.AZ<\/strong>\u00a0 &#8220;Qafqazinfo&#8221;ya istinad\u0259n x\u0259b\u0259r verir ki, t\u0259\u015fviqat d\u00f6vr\u00fc iyunun 18-d\u0259k davam ed\u0259c\u0259k, iyunun 19-u is\u0259 &#8220;s\u00fckut g\u00fcn\u00fc&#8221; olacaq. Se\u00e7kil\u0259r is\u0259 iyunun 20-d\u0259 ke\u00e7iril\u0259c\u0259k.<\/p>\n<p>Se\u00e7kil\u0259rd\u0259 i\u015ftirak etm\u0259k \u00fc\u00e7\u00fcn rekord sayda &#8211; 23 partiya v\u0259 4 blok qeydiyyatdan ke\u00e7ib.<\/p>\n<p>M\u00fct\u0259x\u0259ssisl\u0259r\u0259 g\u00f6r\u0259, &#8220;M\u00fclki M\u00fcqavil\u0259&#8221;\u00a0partiyas\u0131 (lideri &#8211; Nikol Pa\u015finyan), &#8220;Hayastan&#8221;\u00a0bloku (Robert Ko\u00e7aryan), &#8220;\u015e\u0259r\u0259fim var&#8221;\u00a0bloku ( Artur Vanetsyan) v\u0259 &#8220;\u00c7i\u00e7\u0259kl\u0259n\u0259n Erm\u0259nistan&#8221; partiyas\u0131n\u0131n (Qaqik Tsarukyan), h\u0259m\u00e7inin\u00a0&#8220;Maarifl\u0259nmi\u015f Erm\u0259nistan&#8221;\u00a0(Edmon Marukyan) v\u0259 &#8220;Erm\u0259ni Milli Konqresi&#8221;nin (Levon Ter-Petrosyan) parlament\u0259 daxil olmaq \u015fans\u0131 var.<\/p>\n<p>D\u00f6vl\u0259t televiziyas\u0131nda t\u0259\u015fviqat kampaniyas\u0131 \u00fc\u00e7\u00fcn partiyalara v\u0259 bloklara \u00f6d\u0259ni\u015fsiz 30 d\u0259qiq\u0259, \u00f6d\u0259ni\u015fli 60 d\u0259qiq\u0259, d\u00f6vl\u0259t radiosunda is\u0259 \u00f6d\u0259ni\u015fsiz 60 d\u0259qiq\u0259, \u00f6d\u0259ni\u015fli 90 d\u0259qiq\u0259 vaxt ayr\u0131lacaq.Qeyd ed\u0259k ki, Erm\u0259nistanda se\u00e7icil\u0259r reyestrin\u0259 daxil olan \u00fcmumi se\u00e7icil\u0259rin say\u0131 2 milyon 581 min 93 n\u0259f\u0259rdir.<\/p>\n","protected":false},"excerpt":{"rendered":"<p>Erm\u0259nistanda erk\u0259n parlament se\u00e7kil\u0259rinin se\u00e7kiqaba\u011f\u0131 t\u0259\u015fviqat\u0131 d\u00f6vr\u00fc r\u0259sm\u0259n ba\u015flay\u0131b. ARANTV.AZ\u00a0 &#8220;Qafqazinfo&#8221;ya istinad\u0259n x\u0259b\u0259r verir ki, t\u0259\u015fviqat d\u00f6vr\u00fc iyunun 18-d\u0259k davam ed\u0259c\u0259k, iyunun 19-u is\u0259 &#8220;s\u00fckut g\u00fcn\u00fc&#8221; olacaq. Se\u00e7kil\u0259r is\u0259 iyunun 20-d\u0259 ke\u00e7iril\u0259c\u0259k. Se\u00e7kil\u0259rd\u0259 i\u015ftirak etm\u0259k \u00fc\u00e7\u00fcn rekord sayda &#8211; 23 partiya v\u0259 4 blok qeydiyyatdan ke\u00e7ib. M\u00fct\u0259x\u0259ssisl\u0259r\u0259 g\u00f6r\u0259, &#8220;M\u00fclki M\u00fcqavil\u0259&#8221;\u00a0partiyas\u0131 (lideri &#8211; Nikol Pa\u015finyan), &#8220;Hayastan&#8221;\u00a0bloku (Robert Ko\u00e7aryan), &#8220;\u015e\u0259r\u0259fim var&#8221;\u00a0bloku ( Artur Vanetsyan) v\u0259 &#8220;\u00c7i\u00e7\u0259kl\u0259n\u0259n Erm\u0259nistan&#8221; partiyas\u0131n\u0131n (Qaqik Tsarukyan), h\u0259m\u00e7inin\u00a0&#8220;Maarifl\u0259nmi\u015f Erm\u0259nistan&#8221;\u00a0(Edmon Marukyan) v\u0259 &#8220;Erm\u0259ni Milli Konqresi&#8221;nin (Levon Ter-Petrosyan) parlament\u0259 daxil olmaq \u015fans\u0131 var. D\u00f6vl\u0259t televiziyas\u0131nda t\u0259\u015fviqat kampaniyas\u0131 \u00fc\u00e7\u00fcn partiyalara v\u0259 bloklara&hellip;<\/p>\n","protected":false},"author":2,"featured_media":344475,"comment_status":"closed","ping_status":"closed","sticky":false,"template":"","format":"standard","meta":{"om_disable_all_campaigns":false,"_monsterinsights_skip_tracking":false,"_monsterinsights_sitenote_active":false,"_monsterinsights_sitenote_note":"","_monsterinsights_sitenote_category":0},"categories":[7],"tags":[],"aioseo_notices":[],"gutentor_comment":0,"rttpg_featured_image_url":{"full":["https:\/\/arantv.az\/wp-content\/uploads\/2021\/06\/ermenistan_0285-1.jpg",800,600,false],"landscape":["https:\/\/arantv.az\/wp-content\/uploads\/2021\/06\/ermenistan_0285-1.jpg",800,600,false],"portraits":["https:\/\/arantv.az\/wp-content\/uploads\/2021\/06\/ermenistan_0285-1.jpg",800,600,false],"thumbnail":["https:\/\/arantv.az\/wp-content\/uploads\/2021\/06\/ermenistan_0285-1-500x280.jpg",500,280,true],"medium":["https:\/\/arantv.az\/wp-content\/uploads\/2021\/06\/ermenistan_0285-1-487x365.jpg",487,365,true],"large":["https:\/\/arantv.az\/wp-content\/uploads\/2021\/06\/ermenistan_0285-1.jpg",640,480,false],"1536x1536":["https:\/\/arantv.az\/wp-content\/uploads\/2021\/06\/ermenistan_0285-1.jpg",800,600,false],"2048x2048":["https:\/\/arantv.az\/wp-content\/uploads\/2021\/06\/ermenistan_0285-1.jpg",800,600,false],"post-thumbnail":["https:\/\/arantv.az\/wp-content\/uploads\/2021\/06\/ermenistan_0285-1-240x172.jpg",240,172,true],"advps-thumb-one":["https:\/\/arantv.az\/wp-content\/uploads\/2021\/06\/ermenistan_0285-1.jpg",800,600,false]},"rttpg_author":{"display_name":"V\u00fcsal Rafiqo\u011flu","author_link":"https:\/\/arantv.az\/?author=2"},"rttpg_comment":0,"rttpg_category":"<a href=\"https:\/\/arantv.az\/?cat=7\" rel=\"category\">D\u00fcnya<\/a>","rttpg_excerpt":"Erm\u0259nistanda erk\u0259n parlament se\u00e7kil\u0259rinin se\u00e7kiqaba\u011f\u0131 t\u0259\u015fviqat\u0131 d\u00f6vr\u00fc r\u0259sm\u0259n ba\u015flay\u0131b. ARANTV.AZ\u00a0 &#8220;Qafqazinfo&#8221;ya istinad\u0259n x\u0259b\u0259r verir ki, t\u0259\u015fviqat d\u00f6vr\u00fc iyunun 18-d\u0259k davam ed\u0259c\u0259k, iyunun 19-u is\u0259 &#8220;s\u00fckut g\u00fcn\u00fc&#8221; olacaq. Se\u00e7kil\u0259r is\u0259 iyunun 20-d\u0259 ke\u00e7iril\u0259c\u0259k. Se\u00e7kil\u0259rd\u0259 i\u015ftirak etm\u0259k \u00fc\u00e7\u00fcn rekord sayda &#8211; 23 partiya v\u0259 4 blok qeydiyyatdan ke\u00e7ib. M\u00fct\u0259x\u0259ssisl\u0259r\u0259 g\u00f6r\u0259, &#8220;M\u00fclki M\u00fcqavil\u0259&#8221;\u00a0partiyas\u0131 (lideri &#8211; Nikol Pa\u015finyan), &#8220;Hayastan&#8221;\u00a0bloku&hellip;","_links":{"self":[{"href":"https:\/\/arantv.az\/index.php?rest_route=\/wp\/v2\/posts\/344474"}],"collection":[{"href":"https:\/\/arantv.az\/index.php?rest_route=\/wp\/v2\/posts"}],"about":[{"href":"https:\/\/arantv.az\/index.php?rest_route=\/wp\/v2\/types\/post"}],"author":[{"embeddable":true,"href":"https:\/\/arantv.az\/index.php?rest_route=\/wp\/v2\/users\/2"}],"replies":[{"embeddable":true,"href":"https:\/\/arantv.az\/index.php?rest_route=%2Fwp%2Fv2%2Fcomments&post=344474"}],"version-history":[{"count":0,"href":"https:\/\/arantv.az\/index.php?rest_route=\/wp\/v2\/posts\/344474\/revisions"}],"wp:featuredmedia":[{"embeddable":true,"href":"https:\/\/arantv.az\/index.php?rest_route=\/wp\/v2\/media\/344475"}],"wp:attachment":[{"href":"https:\/\/arantv.az\/index.php?rest_route=%2Fwp%2Fv2%2Fmedia&parent=344474"}],"wp:term":[{"taxonomy":"category","embeddable":true,"href":"https:\/\/arantv.az\/index.php?rest_route=%2Fwp%2Fv2%2Fcategories&post=344474"},{"taxonomy":"post_tag","embeddable":true,"href":"https:\/\/arantv.az\/index.php?rest_route=%2Fwp%2Fv2%2Ftags&post=344474"}],"curies":[{"name":"wp","href":"https:\/\/api.w.org\/{rel}","templated":true}]}}