{"id":344498,"date":"2021-06-07T09:59:44","date_gmt":"2021-06-07T06:59:44","guid":{"rendered":"http:\/\/arantv.az\/?p=344498"},"modified":"2021-06-07T09:59:44","modified_gmt":"2021-06-07T06:59:44","slug":"k%c9%99lb%c9%99c%c9%99rd%c9%99ki-terror-hadis%c9%99sin%c9%99-dunya-ekspertl%c9%99ri-munasib%c9%99t-bildirdi-video","status":"publish","type":"post","link":"https:\/\/arantv.az\/?p=344498","title":{"rendered":"K\u0259lb\u0259c\u0259rd\u0259ki terror hadis\u0259sin\u0259 d\u00fcnya ekspertl\u0259ri m\u00fcnasib\u0259t bildirdi &#8211; V\u0130DEO"},"content":{"rendered":"<div class=\"article_text\">\n<p>K\u0259lb\u0259c\u0259r rayonunda jurnalistl\u0259rimizin minaya d\u00fc\u015f\u0259r\u0259k \u015f\u0259hid olmas\u0131 il\u0259 n\u0259tic\u0259l\u0259n\u0259n terror hadis\u0259sin\u0259 d\u00fcnya \u00f6lk\u0259l\u0259rinin ekspertl\u0259ri d\u0259 m\u00fcnasib\u0259t bildiribl\u0259r. Onlar Erm\u0259nistan\u0131, t\u00f6r\u0259tdiyi terror hadis\u0259sini q\u0131nayan b\u0259yanatlar s\u0259sl\u0259ndiribl\u0259r. Bildiribl\u0259r ki, d\u00fcnya ictimaiyy\u0259ti t\u0259r\u0259find\u0259n ciddi add\u0131mlar at\u0131lmal\u0131, Erm\u0259nistan etdiyi \u0259m\u0259l\u0259 g\u00f6r\u0259 q\u0131nanmal\u0131 v\u0259 t\u0259cili \u015f\u0259kild\u0259 minalanm\u0131\u015f \u0259razil\u0259rin x\u0259rit\u0259l\u0259rini t\u0259qdim etm\u0259lidir.<\/p>\n<p><strong>ARANTV.AZ<\/strong> X\u018fZ\u018fR TV-y\u0259 istinad\u0259n x\u0259b\u0259r verir ki, i\u015f\u011faldan azad olunmu\u015f \u0259razil\u0259rd\u0259 Erm\u0259nistan silahl\u0131 q\u00fcvv\u0259l\u0259ri t\u0259r\u0259find\u0259n da\u011f\u0131d\u0131lm\u0131\u015f ya\u015fay\u0131\u015f m\u0259nt\u0259q\u0259l\u0259rinin \u00e7\u0259kili\u015fini h\u0259yata ke\u00e7ir\u0259rk\u0259n \u015f\u0259hid olan jurnalistl\u0259rimiz haqq\u0131nda xarici \u00f6lk\u0259l\u0259rin ekspertl\u0259ri d\u0259 sosial \u015f\u0259b\u0259k\u0259l\u0259rd\u0259 m\u00fcnasib\u0259t bildiribl\u0259r.<\/p>\n<p>&#8221;Minalanm\u0131\u015f \u0259razil\u0259rin x\u0259rit\u0259sinin olmamas\u0131 Rusiyan\u0131n Qaraba\u011fdak\u0131 s\u00fclhm\u0259raml\u0131 missiyas\u0131na da t\u0259sir g\u00f6st\u0259rir. Bunu Rusiyal\u0131 ekspert, tarix elml\u0259ri namiz\u0259di Natalya Yeryomina K\u0259lb\u0259c\u0259r rayonunda az\u0259rbaycanl\u0131 jurnalistl\u0259rin minaya d\u00fc\u015f\u0259r\u0259k h\u0259lak olmas\u0131n\u0131 \u015f\u0259rh ed\u0259rk\u0259n deyib. O bildirib ki, mina sah\u0259l\u0259rinin x\u0259rit\u0259si olmadan \u0259razini stabill\u0259\u015fdirm\u0259k v\u0259 regionda \u0259laq\u0259l\u0259rin b\u0259rpa olunmas\u0131 y\u00f6n\u00fcnd\u0259 ir\u0259lil\u0259m\u0259k m\u00fcmk\u00fcn olmayacaq. Ekspert Erm\u0259nistan\u0131n mina x\u0259rit\u0259l\u0259rini verm\u0259m\u0259sini ciddi problem adland\u0131r\u0131b. &#8220;Minalanm\u0131\u015f \u0259razil\u0259rin x\u0259rit\u0259sinin olmamas\u0131 Rusiyan\u0131n s\u00fclhm\u0259raml\u0131 missiyas\u0131na da t\u0259sir edir. Rusiya t\u0259r\u0259fi \u00f6z tap\u015f\u0131r\u0131qlar\u0131n\u0131 yerin\u0259 yetir\u0259 bilm\u0259k \u00fc\u00e7\u00fcn minalar bar\u0259d\u0259 m\u0259lumatlar\u0131 almaqda maraql\u0131d\u0131r&#8221;.-dey\u0259 ekspert \u0259lav\u0259 edib.<\/p>\n<p>\u0130kinci Qaraba\u011f m\u00fcharib\u0259si zaman\u0131 v\u0259 ondan sonrak\u0131 d\u00f6vrd\u0259 Fransa r\u0259hb\u0259rliyinin m\u00f6vqeyi h\u0259r k\u0259s\u0259 b\u0259llidir. Lakin frans\u0131z deputat he\u00e7 d\u0259 \u00f6lk\u0259 r\u0259hb\u0259rliyi kimi d\u00fc\u015f\u00fcnm\u00fcr. Fransan\u0131n deputat\u0131 Xan\u0131m Frederik D\u00fcma \u00f6z\u00fcn\u00fcn Tvitter heab\u0131nda etdiyi payla\u015f\u0131m\u0131nda bildirib ki, Fransa v\u0259 beyn\u0259lxalq ictimaiyy\u0259t Erm\u0259nistandan minalanm\u0131\u015f \u0259razil\u0259rin x\u0259rit\u0259sini verm\u0259sini t\u0259l\u0259b etm\u0259lidir. O \u015f\u0259xsi s\u0259hif\u0259sind\u0259 bildirib ki, &#8220;\u0130kisi jurnalist olmaqla 3 m\u00fclki \u015f\u0259xs Az\u0259rbaycan\u0131n K\u0259lb\u0259c\u0259r rayonunda minaya d\u00fc\u015f\u0259r\u0259k h\u0259lak olub. \u0130st\u0259r Erm\u0259nistanda, ist\u0259rs\u0259 d\u0259 Az\u0259rbaycanda m\u00fclki \u015f\u0259xsl\u0259r m\u00fcnaqi\u015f\u0259 girovu olmamal\u0131d\u0131r. H\u0259r iki t\u0259r\u0259f beyn\u0259lxalq h\u00fcquqa \u0259m\u0259l etm\u0259lidir.Fransa v\u0259 beyn\u0259lxalq ictimaiyy\u0259t Erm\u0259nistandan minalar\u0131n basd\u0131r\u0131ld\u0131\u011f\u0131 \u0259razil\u0259rd\u0259 yerl\u0259\u015fm\u0259 x\u0259rit\u0259sini verm\u0259sini t\u0259l\u0259b etm\u0259lidir&#8221;<\/p>\n<p>Birt\u0259r\u0259fli m\u00f6vqe s\u0259rgil\u0259y\u0259n Bayden administrasiyas\u0131ndan f\u0259rqli olaraq AB\u015e-\u0131n &#8220;South Five Strategies&#8221; y\u0259hudi t\u0259\u015fkilat\u0131n\u0131n prezidenti Ceyson Ep\u015fteyb d\u0259 dig\u0259r ekspertl\u0259rl\u0259 eyni fikird\u0259dir. Onun s\u00f6zl\u0259rin\u0259 g\u00f6r\u0259, d\u00fcnya ictimaiyy\u0259ti bu t\u0259hl\u00fck\u0259nin aradan qald\u0131r\u0131lmas\u0131 \u00fc\u00e7\u00fcn \u00e7ox az i\u015f g\u00f6r\u00fcb, n\u0259tic\u0259d\u0259 120-y\u0259 yax\u0131n Az\u0259rbaycan v\u0259t\u0259nda\u015f\u0131 h\u0259yat\u0131n\u0131 itirib. Ceyson Ep\u015fteyb bildirib ki, Bayden administrasiyas\u0131 Erm\u0259nistan\u0131n mina x\u0259rit\u0259l\u0259rini t\u0259hvil verm\u0259si il\u0259 ba\u011fl\u0131 m\u0259suliyy\u0259t da\u015f\u0131d\u0131\u011f\u0131n\u0131 b\u0259yan etm\u0259lidir ki, g\u00fcnahs\u0131z insanlar\u0131n \u00f6l\u00fcm\u00fcn\u00fcn qar\u015f\u0131s\u0131 al\u0131ns\u0131n.<\/p>\n<p>\u0130kinci Qaraba\u011f m\u00fcharib\u0259sind\u0259 daima yan\u0131m\u0131zda olan Pakistan jurnalistl\u0259rimiz\u0259 qar\u015f\u0131 t\u00f6r\u0259dil\u0259n terror hadis\u0259sind\u0259 d\u0259 d\u0259st\u0259yini \u0259sirg\u0259m\u0259yib. Pakistanl\u0131 ekspert Xalid Taymur \u018fkr\u0259m terror hadis\u0259sil\u0259 ba\u011fl\u0131 m\u00fcnasib\u0259t bildirib. Onun s\u00f6zl\u0259rin\u0259 g\u00f6r\u0259 Erm\u0259nistan d\u00f6vl\u0259t s\u0259viyy\u0259sind\u0259 terror\u00e7uluq v\u0259 t\u0259xribatla m\u0259\u015f\u011ful olma\u011f\u0131 dayand\u0131rm\u0131r. D\u00fcnya ictimaiyy\u0259ti d\u0259rhal bu faci\u0259y\u0259 reaksiya g\u00f6st\u0259rm\u0259lidir. Ekspert bildirib ki,b\u00fct\u00fcn d\u00fcnya erm\u0259nil\u0259rin v\u0259 onlar\u0131n v\u0259h\u015filikl\u0259rinin \u0259sl \u00fcz\u00fcn\u00fc g\u00f6rd\u00fc. Ona g\u00f6r\u0259 d\u0259 d\u00fcnya n\u0259hay\u0259t, susqunlu\u011funu pozmal\u0131, Erm\u0259nistan bar\u0259sind\u0259 ciddi t\u0259dbirl\u0259r g\u00f6rm\u0259li, \u00f6lk\u0259 r\u0259hb\u0259rliyin\u0259 t\u0259zyiql\u0259r g\u00f6st\u0259rm\u0259lidir ki, minalanm\u0131\u015f \u0259razil\u0259rin x\u0259rit\u0259sini versin. Bunu humanitar bax\u0131mdan etm\u0259k laz\u0131md\u0131r. Bu aspektd\u0259 Az\u0259rbaycanla qon\u015fu \u00f6lk\u0259l\u0259rin, m\u00fctt\u0259fiql\u0259rin s\u0259y g\u00f6st\u0259rm\u0259si vacibdir.-dey\u0259 ekspert \u0259lav\u0259 edib. Onun fikrinc\u0259, \u0259sas problem ondan ibar\u0259tdir ki, Erm\u0259nistan\u0131n \u0259m\u0259ll\u0259ri \u0259vv\u0259lki kimi regionda t\u0259hl\u00fck\u0259sizliy\u0259 t\u0259hdid t\u00f6r\u0259dir v\u0259 bu \u00f6lk\u0259 \u00f6z beyn\u0259lxalq \u00f6hd\u0259likl\u0259rini yerin\u0259 yetirmir.<\/p>\n<p><ins id=\"ainsyndicationid162305266678865\" class=\"ainsyndicationid162305266678865\" data-ad-slot=\"3420\" data-ainsyndication-status=\"done\"><ins><\/ins><\/ins>Ukrayna Milli Universitetinin &#8220;Kiyev-Mogilyan akademiyas\u0131&#8221;n\u0131n britaniyal\u0131 professoru Taras Kuzio da terror hadis\u0259sil\u0259 ba\u011fl\u0131 a\u00e7\u0131qlama verib. O bildirib ki, Erm\u0259nistan\u0131n minalanm\u0131\u015f \u0259razil\u0259rin x\u0259rit\u0259l\u0259rini t\u0259qdim etm\u0259kd\u0259n imtina etm\u0259si beyn\u0259lxalq ictimaiyy\u0259t t\u0259r\u0259find\u0259n q\u0131nanmal\u0131d\u0131r. Onun s\u00f6zl\u0259rin\u0259 g\u00f6r\u0259, bu m\u0259s\u0259l\u0259 t\u0259cili olaraq BMT, Avropa \u015euras\u0131 v\u0259 AT\u018fT-in parlament assambleyalar\u0131nda qald\u0131r\u0131lmal\u0131 v\u0259 Erm\u0259nistan\u0131n minalanm\u0131\u015f \u0259razil\u0259rin x\u0259rit\u0259l\u0259rini verm\u0259kd\u0259n imtina etm\u0259si pisl\u0259nilm\u0259lidir.<\/p>\n<p>Xat\u0131rladaq ki, iyunun 4-d\u0259 Az\u0259rbaycan Televiziyas\u0131n\u0131n operatoru 1989-cu il t\u0259v\u0259ll\u00fcdl\u00fc Sirac Ab\u0131\u015fov v\u0259 1982-ci il t\u0259v\u0259ll\u00fcdl\u00fc Az\u0259rtac \u0130nformasiya Agentliyinin \u0259m\u0259kda\u015f\u0131 M\u0259h\u0259rr\u0259m \u0130brahimov K\u0259lb\u0259c\u0259r rayonunda xidm\u0259ti v\u0259zif\u0259l\u0259rini yerin\u0259 yetir\u0259rk\u0259n minaya d\u00fc\u015f\u0259r\u0259k h\u0259lak olublar.<\/p>\n<p>&nbsp;<\/p>\n<p><iframe loading=\"lazy\" src=\"https:\/\/daytube.az\/embed\/108318\" width=\"670\" height=\"400\" frameborder=\"0\" allowfullscreen=\"allowfullscreen\" data-mce-fragment=\"1\"><\/iframe><\/p>\n<\/div>\n<div class=\"social-banner\"><\/div>\n","protected":false},"excerpt":{"rendered":"<p>K\u0259lb\u0259c\u0259r rayonunda jurnalistl\u0259rimizin minaya d\u00fc\u015f\u0259r\u0259k \u015f\u0259hid olmas\u0131 il\u0259 n\u0259tic\u0259l\u0259n\u0259n terror hadis\u0259sin\u0259 d\u00fcnya \u00f6lk\u0259l\u0259rinin ekspertl\u0259ri d\u0259 m\u00fcnasib\u0259t bildiribl\u0259r. Onlar Erm\u0259nistan\u0131, t\u00f6r\u0259tdiyi terror hadis\u0259sini q\u0131nayan b\u0259yanatlar s\u0259sl\u0259ndiribl\u0259r. Bildiribl\u0259r ki, d\u00fcnya ictimaiyy\u0259ti t\u0259r\u0259find\u0259n ciddi add\u0131mlar at\u0131lmal\u0131, Erm\u0259nistan etdiyi \u0259m\u0259l\u0259 g\u00f6r\u0259 q\u0131nanmal\u0131 v\u0259 t\u0259cili \u015f\u0259kild\u0259 minalanm\u0131\u015f \u0259razil\u0259rin x\u0259rit\u0259l\u0259rini t\u0259qdim etm\u0259lidir. ARANTV.AZ X\u018fZ\u018fR TV-y\u0259 istinad\u0259n x\u0259b\u0259r verir ki, i\u015f\u011faldan azad olunmu\u015f \u0259razil\u0259rd\u0259 Erm\u0259nistan silahl\u0131 q\u00fcvv\u0259l\u0259ri t\u0259r\u0259find\u0259n da\u011f\u0131d\u0131lm\u0131\u015f ya\u015fay\u0131\u015f m\u0259nt\u0259q\u0259l\u0259rinin \u00e7\u0259kili\u015fini h\u0259yata ke\u00e7ir\u0259rk\u0259n \u015f\u0259hid olan jurnalistl\u0259rimiz haqq\u0131nda xarici \u00f6lk\u0259l\u0259rin ekspertl\u0259ri d\u0259 sosial \u015f\u0259b\u0259k\u0259l\u0259rd\u0259 m\u00fcnasib\u0259t bildiribl\u0259r. &#8221;Minalanm\u0131\u015f \u0259razil\u0259rin x\u0259rit\u0259sinin olmamas\u0131 Rusiyan\u0131n Qaraba\u011fdak\u0131 s\u00fclhm\u0259raml\u0131 missiyas\u0131na da t\u0259sir g\u00f6st\u0259rir.&hellip;<\/p>\n","protected":false},"author":2,"featured_media":344499,"comment_status":"closed","ping_status":"closed","sticky":false,"template":"","format":"standard","meta":{"om_disable_all_campaigns":false,"_monsterinsights_skip_tracking":false,"_monsterinsights_sitenote_active":false,"_monsterinsights_sitenote_note":"","_monsterinsights_sitenote_category":0},"categories":[26],"tags":[],"aioseo_notices":[],"gutentor_comment":0,"rttpg_featured_image_url":{"full":["https:\/\/arantv.az\/wp-content\/uploads\/2021\/06\/954536.jpg",800,600,false],"landscape":["https:\/\/arantv.az\/wp-content\/uploads\/2021\/06\/954536.jpg",800,600,false],"portraits":["https:\/\/arantv.az\/wp-content\/uploads\/2021\/06\/954536.jpg",800,600,false],"thumbnail":["https:\/\/arantv.az\/wp-content\/uploads\/2021\/06\/954536-500x280.jpg",500,280,true],"medium":["https:\/\/arantv.az\/wp-content\/uploads\/2021\/06\/954536-487x365.jpg",487,365,true],"large":["https:\/\/arantv.az\/wp-content\/uploads\/2021\/06\/954536.jpg",640,480,false],"1536x1536":["https:\/\/arantv.az\/wp-content\/uploads\/2021\/06\/954536.jpg",800,600,false],"2048x2048":["https:\/\/arantv.az\/wp-content\/uploads\/2021\/06\/954536.jpg",800,600,false],"post-thumbnail":["https:\/\/arantv.az\/wp-content\/uploads\/2021\/06\/954536-240x172.jpg",240,172,true],"advps-thumb-one":["https:\/\/arantv.az\/wp-content\/uploads\/2021\/06\/954536.jpg",800,600,false]},"rttpg_author":{"display_name":"V\u00fcsal Rafiqo\u011flu","author_link":"https:\/\/arantv.az\/?author=2"},"rttpg_comment":0,"rttpg_category":"<a href=\"https:\/\/arantv.az\/?cat=26\" rel=\"category\">Sosial<\/a>","rttpg_excerpt":"K\u0259lb\u0259c\u0259r rayonunda jurnalistl\u0259rimizin minaya d\u00fc\u015f\u0259r\u0259k \u015f\u0259hid olmas\u0131 il\u0259 n\u0259tic\u0259l\u0259n\u0259n terror hadis\u0259sin\u0259 d\u00fcnya \u00f6lk\u0259l\u0259rinin ekspertl\u0259ri d\u0259 m\u00fcnasib\u0259t bildiribl\u0259r. Onlar Erm\u0259nistan\u0131, t\u00f6r\u0259tdiyi terror hadis\u0259sini q\u0131nayan b\u0259yanatlar s\u0259sl\u0259ndiribl\u0259r. Bildiribl\u0259r ki, d\u00fcnya ictimaiyy\u0259ti t\u0259r\u0259find\u0259n ciddi add\u0131mlar at\u0131lmal\u0131, Erm\u0259nistan etdiyi \u0259m\u0259l\u0259 g\u00f6r\u0259 q\u0131nanmal\u0131 v\u0259 t\u0259cili \u015f\u0259kild\u0259 minalanm\u0131\u015f \u0259razil\u0259rin x\u0259rit\u0259l\u0259rini t\u0259qdim etm\u0259lidir. ARANTV.AZ X\u018fZ\u018fR TV-y\u0259 istinad\u0259n x\u0259b\u0259r verir ki, i\u015f\u011faldan azad&hellip;","_links":{"self":[{"href":"https:\/\/arantv.az\/index.php?rest_route=\/wp\/v2\/posts\/344498"}],"collection":[{"href":"https:\/\/arantv.az\/index.php?rest_route=\/wp\/v2\/posts"}],"about":[{"href":"https:\/\/arantv.az\/index.php?rest_route=\/wp\/v2\/types\/post"}],"author":[{"embeddable":true,"href":"https:\/\/arantv.az\/index.php?rest_route=\/wp\/v2\/users\/2"}],"replies":[{"embeddable":true,"href":"https:\/\/arantv.az\/index.php?rest_route=%2Fwp%2Fv2%2Fcomments&post=344498"}],"version-history":[{"count":0,"href":"https:\/\/arantv.az\/index.php?rest_route=\/wp\/v2\/posts\/344498\/revisions"}],"wp:featuredmedia":[{"embeddable":true,"href":"https:\/\/arantv.az\/index.php?rest_route=\/wp\/v2\/media\/344499"}],"wp:attachment":[{"href":"https:\/\/arantv.az\/index.php?rest_route=%2Fwp%2Fv2%2Fmedia&parent=344498"}],"wp:term":[{"taxonomy":"category","embeddable":true,"href":"https:\/\/arantv.az\/index.php?rest_route=%2Fwp%2Fv2%2Fcategories&post=344498"},{"taxonomy":"post_tag","embeddable":true,"href":"https:\/\/arantv.az\/index.php?rest_route=%2Fwp%2Fv2%2Ftags&post=344498"}],"curies":[{"name":"wp","href":"https:\/\/api.w.org\/{rel}","templated":true}]}}