{"id":344501,"date":"2021-06-07T10:01:49","date_gmt":"2021-06-07T07:01:49","guid":{"rendered":"http:\/\/arantv.az\/?p=344501"},"modified":"2021-06-07T10:01:49","modified_gmt":"2021-06-07T07:01:49","slug":"cecelinin-baki-konsertind%c9%99-karantin-qaydalari-pozuldu-video","status":"publish","type":"post","link":"https:\/\/arantv.az\/?p=344501","title":{"rendered":"Cecelinin Bak\u0131 konsertind\u0259 karantin qaydalar\u0131 pozuldu V\u0130DEO"},"content":{"rendered":"<div class=\"content lead font-weight-normal\">\n<p>T\u00fcrkiy\u0259nin m\u0259\u015fhur m\u00fc\u011f\u0259nnisi Mustafa Cecelinin \u015f\u0259nb\u0259 g\u00fcn\u00fc Bak\u0131da ke\u00e7irdiyi konsert proqram\u0131nda karantin qaydalar\u0131 kobud \u015f\u0259kild\u0259 pozulub.<\/p>\n<p><strong>ARANTV.AZ\u00a0 x\u0259b\u0259r verir ki,<\/strong>\u00a0ifa\u00e7\u0131n\u0131n \u201c\u0130stanbul Meyhane Bilg\u0259h\u201d restoran\u0131n\u0131n a\u00e7\u0131l\u0131\u015f\u0131ndak\u0131 \u00e7\u0131x\u0131\u015f\u0131 zaman\u0131\u00a0ia\u015f\u0259 obyektl\u0259rind\u0259 aya\u011fa qalxan h\u0259r k\u0259sin maska taxmas\u0131, sosial m\u0259saf\u0259, k\u00fctl\u0259vi t\u0259dbirl\u0259rin ke\u00e7irilm\u0259si bar\u0259d\u0259 qoyulan qaydalar he\u00e7\u0259 say\u0131l\u0131b.\u00a0Qaydalar\u0131n a\u00e7\u0131q-a\u015fkar pozuldu\u011fu kadrlar restoran\u0131n instaqram s\u0259hif\u0259sind\u0259 d\u0259 n\u00fcmayi\u015fkarcas\u0131na payla\u015f\u0131l\u0131b.<\/p>\n<p>H\u0259tta Mustafa Ceceli Az\u0259rbaycan \u0259razisind\u0259 \u00fcmumi karantin rejiminin l\u0259\u011fv edilmi\u015f kimi ba\u015fa d\u00fc\u015f\u0259r\u0259k g\u00f6r\u00fcnt\u00fcl\u0259ri instaqram hesab\u0131nda payla\u015f\u0131b, tezlikl\u0259 T\u00fcrkiy\u0259d\u0259 d\u0259 konsertl\u0259rin ke\u00e7irilm\u0259sini arzulad\u0131\u011f\u0131n\u0131 bildirib:<\/p>\n<p>\u201cS\u0259hn\u0259 \u00fc\u00e7\u00fcn \u00e7ox dar\u0131xm\u0131\u015fam. Bu g\u00f6r\u00fcnt\u00fcl\u0259rl\u0259 \u0259n q\u0131sa zamanda T\u00fcrkiy\u0259d\u0259 d\u0259 qovu\u015far\u0131q! Konsertl\u0259r yenid\u0259n ba\u015flayar. Bak\u0131da bizi co\u015f\u011fu il\u0259 qar\u015f\u0131layan, bir a\u011f\u0131zdan mahn\u0131lar\u0131m\u0131 s\u00f6yl\u0259y\u0259n h\u0259r k\u0259s\u0259 t\u0259\u015f\u0259kk\u00fcrl\u0259r\u201d.<\/p>\n<p>H\u0259m\u00e7inin, s\u00f6z\u00fcged\u0259n gec\u0259d\u0259 qonaqlar\u0131n m\u0259rk\u0259zi r\u0259qs meydan\u00e7as\u0131nda r\u0259qsi, \u0259yl\u0259nm\u0259si toy m\u0259clisl\u0259rind\u0259n he\u00e7 bir f\u0259rqinin olmad\u0131\u011f\u0131 g\u00f6r\u00fcn\u00fcr. Kadrlarda r\u0259qs ed\u0259n \u015f\u0259xsl\u0259rin say\u0131n\u0131n 100 n\u0259f\u0259rd\u0259n \u00e7ox oldu\u011fu ba\u015fa d\u00fc\u015f\u00fcl\u00fcr.<\/p>\n<p>Bu m\u0259qamda xat\u0131rladaq ki, Milli M\u0259clisin deputatlar\u0131 Q\u0259nir\u0259 Pa\u015fayeva,\u00a0 Sabir R\u00fcst\u0259mxanl\u0131, Fazil Mustafa, Naqif H\u0259mz\u0259yev a\u00e7\u0131q havada toy \u015f\u0259nlikl\u0259rinin ke\u00e7irilm\u0259sin\u0259 icaz\u0259 verilm\u0259siyl\u0259 ba\u011fl\u0131 Operativ Q\u0259rargaha \u00e7a\u011f\u0131r\u0131\u015f ets\u0259 d\u0259, bu bar\u0259d\u0259 h\u0259r hans\u0131 m\u00fcsb\u0259t add\u0131m at\u0131lmay\u0131b.<\/p>\n<p><iframe loading=\"lazy\" src=\"https:\/\/ok.ru\/videoembed\/2555420674666\" width=\"740\" height=\"404\" frameborder=\"0\" allowfullscreen=\"allowfullscreen\" data-mce-fragment=\"1\"><\/iframe><\/p>\n<div class=\"clearfix\"><\/div>\n<\/div>\n<div class=\"fotorama--hidden\"><\/div>\n<div id=\"galleryList\" class=\"fotorama fotorama1623052815298\" data-nav=\"thumbs\" data-width=\"100%\" data-thumbwidth=\"90\" data-thumbheight=\"60\" data-allowfullscreen=\"true\" data-autoplay=\"3000\" data-ratio=\"1.5\" data-keyboard=\"true\" data-fit=\"contain\">\n<div class=\"fotorama__wrap fotorama__wrap--css3 fotorama__wrap--slide fotorama__wrap--toggle-arrows fotorama__wrap--no-controls\">\n<div class=\"fotorama__stage\">\n<div class=\"fotorama__fullscreen-icon\" tabindex=\"0\" role=\"button\"><\/div>\n<div class=\"fotorama__stage__shaft\">\n<div class=\"fotorama__stage__frame fotorama__loaded fotorama__loaded--img\"><img class=\"fotorama__img\" src=\"https:\/\/ikisahil.az\/photo\/0x0_2\/upload\/gallery\/2021\/06\/07\/-ff2cc3b816230485063204213641016823.png\" \/><\/div>\n<div class=\"fotorama__stage__frame fotorama__loaded fotorama__loaded--img fotorama__active\"><img class=\"fotorama__img\" src=\"https:\/\/ikisahil.az\/photo\/0x0_2\/upload\/gallery\/2021\/06\/07\/-f51238cd162304850663488065810194181.png\" \/><\/div>\n<div class=\"fotorama__stage__frame fotorama__loaded fotorama__loaded--img\"><img class=\"fotorama__img\" src=\"https:\/\/ikisahil.az\/photo\/0x0_2\/upload\/gallery\/2021\/06\/07\/-608b30e4162304850632241260010092915.png\" \/><\/div>\n<\/div>\n<div class=\"fotorama__arr fotorama__arr--prev fotorama__arr--disabled\" tabindex=\"-1\" role=\"button\"><\/div>\n<div class=\"fotorama__arr fotorama__arr--next\" tabindex=\"0\" role=\"button\"><\/div>\n<div class=\"fotorama__video-close\"><\/div>\n<\/div>\n<div class=\"fotorama__nav-wrap\">\n<div class=\"fotorama__nav fotorama__nav--thumbs\">\n<div class=\"fotorama__nav__shaft\">\n<div class=\"fotorama__thumb-border\"><\/div>\n<div class=\"fotorama__nav__frame fotorama__nav__frame--thumb fotorama__active\" tabindex=\"0\" role=\"button\"><\/div>\n<\/div>\n<\/div>\n<\/div>\n<\/div>\n<\/div>\n<div class=\"sharing my-2 row no-gutters d-print-none\">\n<div class=\"col-md-3\"><\/div>\n<\/div>\n","protected":false},"excerpt":{"rendered":"<p>T\u00fcrkiy\u0259nin m\u0259\u015fhur m\u00fc\u011f\u0259nnisi Mustafa Cecelinin \u015f\u0259nb\u0259 g\u00fcn\u00fc Bak\u0131da ke\u00e7irdiyi konsert proqram\u0131nda karantin qaydalar\u0131 kobud \u015f\u0259kild\u0259 pozulub. ARANTV.AZ\u00a0 x\u0259b\u0259r verir ki,\u00a0ifa\u00e7\u0131n\u0131n \u201c\u0130stanbul Meyhane Bilg\u0259h\u201d restoran\u0131n\u0131n a\u00e7\u0131l\u0131\u015f\u0131ndak\u0131 \u00e7\u0131x\u0131\u015f\u0131 zaman\u0131\u00a0ia\u015f\u0259 obyektl\u0259rind\u0259 aya\u011fa qalxan h\u0259r k\u0259sin maska taxmas\u0131, sosial m\u0259saf\u0259, k\u00fctl\u0259vi t\u0259dbirl\u0259rin ke\u00e7irilm\u0259si bar\u0259d\u0259 qoyulan qaydalar he\u00e7\u0259 say\u0131l\u0131b.\u00a0Qaydalar\u0131n a\u00e7\u0131q-a\u015fkar pozuldu\u011fu kadrlar restoran\u0131n instaqram s\u0259hif\u0259sind\u0259 d\u0259 n\u00fcmayi\u015fkarcas\u0131na payla\u015f\u0131l\u0131b. H\u0259tta Mustafa Ceceli Az\u0259rbaycan \u0259razisind\u0259 \u00fcmumi karantin rejiminin l\u0259\u011fv edilmi\u015f kimi ba\u015fa d\u00fc\u015f\u0259r\u0259k g\u00f6r\u00fcnt\u00fcl\u0259ri instaqram hesab\u0131nda payla\u015f\u0131b, tezlikl\u0259 T\u00fcrkiy\u0259d\u0259 d\u0259 konsertl\u0259rin ke\u00e7irilm\u0259sini arzulad\u0131\u011f\u0131n\u0131 bildirib: \u201cS\u0259hn\u0259 \u00fc\u00e7\u00fcn \u00e7ox dar\u0131xm\u0131\u015fam. Bu g\u00f6r\u00fcnt\u00fcl\u0259rl\u0259 \u0259n q\u0131sa zamanda T\u00fcrkiy\u0259d\u0259 d\u0259 qovu\u015far\u0131q! Konsertl\u0259r&hellip;<\/p>\n","protected":false},"author":2,"featured_media":344502,"comment_status":"closed","ping_status":"closed","sticky":false,"template":"","format":"standard","meta":{"om_disable_all_campaigns":false,"_monsterinsights_skip_tracking":false,"_monsterinsights_sitenote_active":false,"_monsterinsights_sitenote_note":"","_monsterinsights_sitenote_category":0},"categories":[20],"tags":[],"aioseo_notices":[],"gutentor_comment":0,"rttpg_featured_image_url":{"full":["https:\/\/arantv.az\/wp-content\/uploads\/2021\/06\/beda24c1162304846977431197011084840.png",975,540,false],"landscape":["https:\/\/arantv.az\/wp-content\/uploads\/2021\/06\/beda24c1162304846977431197011084840.png",975,540,false],"portraits":["https:\/\/arantv.az\/wp-content\/uploads\/2021\/06\/beda24c1162304846977431197011084840.png",975,540,false],"thumbnail":["https:\/\/arantv.az\/wp-content\/uploads\/2021\/06\/beda24c1162304846977431197011084840-500x280.png",500,280,true],"medium":["https:\/\/arantv.az\/wp-content\/uploads\/2021\/06\/beda24c1162304846977431197011084840-660x365.png",660,365,true],"large":["https:\/\/arantv.az\/wp-content\/uploads\/2021\/06\/beda24c1162304846977431197011084840-840x465.png",640,354,true],"1536x1536":["https:\/\/arantv.az\/wp-content\/uploads\/2021\/06\/beda24c1162304846977431197011084840.png",975,540,false],"2048x2048":["https:\/\/arantv.az\/wp-content\/uploads\/2021\/06\/beda24c1162304846977431197011084840.png",975,540,false],"post-thumbnail":["https:\/\/arantv.az\/wp-content\/uploads\/2021\/06\/beda24c1162304846977431197011084840-240x172.png",240,172,true],"advps-thumb-one":["https:\/\/arantv.az\/wp-content\/uploads\/2021\/06\/beda24c1162304846977431197011084840.png",975,540,false]},"rttpg_author":{"display_name":"V\u00fcsal Rafiqo\u011flu","author_link":"https:\/\/arantv.az\/?author=2"},"rttpg_comment":0,"rttpg_category":"<a href=\"https:\/\/arantv.az\/?cat=20\" rel=\"category\">\u015eou biznes<\/a>","rttpg_excerpt":"T\u00fcrkiy\u0259nin m\u0259\u015fhur m\u00fc\u011f\u0259nnisi Mustafa Cecelinin \u015f\u0259nb\u0259 g\u00fcn\u00fc Bak\u0131da ke\u00e7irdiyi konsert proqram\u0131nda karantin qaydalar\u0131 kobud \u015f\u0259kild\u0259 pozulub. ARANTV.AZ\u00a0 x\u0259b\u0259r verir ki,\u00a0ifa\u00e7\u0131n\u0131n \u201c\u0130stanbul Meyhane Bilg\u0259h\u201d restoran\u0131n\u0131n a\u00e7\u0131l\u0131\u015f\u0131ndak\u0131 \u00e7\u0131x\u0131\u015f\u0131 zaman\u0131\u00a0ia\u015f\u0259 obyektl\u0259rind\u0259 aya\u011fa qalxan h\u0259r k\u0259sin maska taxmas\u0131, sosial m\u0259saf\u0259, k\u00fctl\u0259vi t\u0259dbirl\u0259rin ke\u00e7irilm\u0259si bar\u0259d\u0259 qoyulan qaydalar he\u00e7\u0259 say\u0131l\u0131b.\u00a0Qaydalar\u0131n a\u00e7\u0131q-a\u015fkar pozuldu\u011fu kadrlar restoran\u0131n instaqram s\u0259hif\u0259sind\u0259 d\u0259 n\u00fcmayi\u015fkarcas\u0131na payla\u015f\u0131l\u0131b. H\u0259tta Mustafa&hellip;","_links":{"self":[{"href":"https:\/\/arantv.az\/index.php?rest_route=\/wp\/v2\/posts\/344501"}],"collection":[{"href":"https:\/\/arantv.az\/index.php?rest_route=\/wp\/v2\/posts"}],"about":[{"href":"https:\/\/arantv.az\/index.php?rest_route=\/wp\/v2\/types\/post"}],"author":[{"embeddable":true,"href":"https:\/\/arantv.az\/index.php?rest_route=\/wp\/v2\/users\/2"}],"replies":[{"embeddable":true,"href":"https:\/\/arantv.az\/index.php?rest_route=%2Fwp%2Fv2%2Fcomments&post=344501"}],"version-history":[{"count":0,"href":"https:\/\/arantv.az\/index.php?rest_route=\/wp\/v2\/posts\/344501\/revisions"}],"wp:featuredmedia":[{"embeddable":true,"href":"https:\/\/arantv.az\/index.php?rest_route=\/wp\/v2\/media\/344502"}],"wp:attachment":[{"href":"https:\/\/arantv.az\/index.php?rest_route=%2Fwp%2Fv2%2Fmedia&parent=344501"}],"wp:term":[{"taxonomy":"category","embeddable":true,"href":"https:\/\/arantv.az\/index.php?rest_route=%2Fwp%2Fv2%2Fcategories&post=344501"},{"taxonomy":"post_tag","embeddable":true,"href":"https:\/\/arantv.az\/index.php?rest_route=%2Fwp%2Fv2%2Ftags&post=344501"}],"curies":[{"name":"wp","href":"https:\/\/api.w.org\/{rel}","templated":true}]}}