{"id":34602,"date":"2019-01-24T13:11:22","date_gmt":"2019-01-24T10:11:22","guid":{"rendered":"http:\/\/arantv.az\/?p=34602"},"modified":"2019-01-24T13:11:22","modified_gmt":"2019-01-24T10:11:22","slug":"parkinql%c9%99rd%c9%99n-yigilan-pullar-hara-gedir-video","status":"publish","type":"post","link":"https:\/\/arantv.az\/?p=34602","title":{"rendered":"Parkinql\u0259rd\u0259n y\u0131\u011f\u0131lan pullar hara gedir? \u2013 V\u0130DEO"},"content":{"rendered":"<p>\u00d6t\u0259n g\u00fcn BNA-nin s\u0259dri V\u00fcsal K\u0259rimli jurnalistl\u0259r\u0259 a\u00e7\u0131qlamas\u0131nda bildirdi ki, Bak\u0131da f\u0259aliyy\u0259t g\u00f6st\u0259r\u0259n yer\u00fcst\u00fc parkinql\u0259rd\u0259 y\u0131\u011f\u0131lan v\u0259saitin agentlikl\u0259 he\u00e7 bir \u0259laq\u0259si yoxdur. \u0130ndi h\u0259r k\u0259si bir sual maraqland\u0131r\u0131r. B\u0259s, y\u0131\u011f\u0131lan pullar hara gedir?<\/p>\n<p><b>ARANTV.AZ<\/b>-\u0131n x\u0259b\u0259rin\u0259 g\u00f6r\u0259, ARB TV m\u0259s\u0259l\u0259 il\u0259 ba\u011fl\u0131 paytaxt\u0131n m\u00fcxt\u0259lif istiqam\u0259tl\u0259rind\u0259 ara\u015fd\u0131rma apar\u0131b.<\/p>\n<p>Bura 28 May metrosunun qar\u015f\u0131s\u0131nda f\u0259aliyy\u0259t g\u00f6st\u0259r\u0259n yer\u00fcst\u00fc parkinq yeridir.\u00a0\u018frazid\u0259 t\u0259qrib\u0259n 20-d\u0259n \u00e7ox i\u015f\u00e7i parkinq xidm\u0259ti il\u0259 m\u0259\u015f\u011ful olur. Bu \u015f\u0259xsl\u0259rin g\u00f6st\u0259rdikl\u0259ri f\u0259aliyy\u0259t\u0259 dair h\u0259r hans\u0131 s\u0259n\u0259dl\u0259rinin olmad\u0131\u011f\u0131n\u0131 da dem\u0259k yerin\u0259 d\u00fc\u015f\u0259r.<\/p>\n<div id=\"AdributorNativeVideo0\" class=\"AdributorNativeVideo\"><\/div>\n<p>\u201cBura \u00f6d\u0259ni\u015fsiz deyil, q\u0259bz verir\u0259m. Biz BNA-ya bax\u0131r\u0131q\u201d, &#8211; dey\u0259 parkinq n\u0259zar\u0259t\u00e7isil\u0259rind\u0259 biri bildirib.<\/p>\n<p>Dig\u0259ri is\u0259 h\u0259l\u0259 iki g\u00fcn i\u015fl\u0259diyini v\u0259 bu s\u0259b\u0259bd\u0259n dan\u0131\u015fa bilm\u0259y\u0259c\u0259yini qeyd edib.<\/p>\n<p>Ekspertl\u0259r is\u0259 bildirirl\u0259r ki, parklanma yerl\u0259ri BNA-n\u0259 h\u0259val\u0259 olunsa da, h\u0259l\u0259lik qurum yaln\u0131z yeralt\u0131 parinql\u0259r\u0259 n\u0259zar\u0259t edir.<\/p>\n<p>Yer\u00fcst\u00fc parkinql\u0259r h\u0259l\u0259lik he\u00e7 bir quruma h\u0259val\u0259 olunmad\u0131\u011f\u0131 \u00fc\u00e7\u00fcn xidm\u0259td\u0259n istifad\u0259 \u00f6d\u0259ni\u015fsizdir.<\/p>\n<p>\u201cQanunsuz f\u0259aliyy\u0259tdir. O aparatlar he\u00e7 bir m\u0259rk\u0259zi bazaya, he\u00e7 bir sistem\u0259 qo\u015fulu deyil. S\u00fcr\u00fcc\u00fcl\u0259ri qorxudurlar. \u00d6d\u0259ni\u015f etm\u0259s\u0259niz c\u0259rim\u0259l\u0259n\u0259c\u0259ksiniz deyib, onlardan 1, 2 manat pul al\u0131rlar\u201d, &#8211; dey\u0259 ekspert Elm\u0259ddin Muradl\u0131 vur\u011fulay\u0131b.<\/p>\n<p>G\u00f6r\u00fcn\u0259n odur ki, m\u0259s\u0259l\u0259 il\u0259 ba\u011fl\u0131 x\u00fcsusi normativl\u0259r olmad\u0131\u011f\u0131ndan pulsuz f\u0259aliyy\u0259t g\u00f6st\u0259rm\u0259li olan parkinql\u0259rd\u0259 dayanmaq \u00fc\u00e7\u00fcn h\u0259l\u0259 bir m\u00fcdd\u0259t n\u0259zar\u0259tsiz n\u0259zar\u0259t\u00e7il\u0259r\u0259 pul \u00f6d\u0259m\u0259li olaca\u011f\u0131q.<\/p>\n<div><iframe loading=\"lazy\" src=\"https:\/\/www.youtube.com\/embed\/SWHRcJ3KFps\" width=\"600\" height=\"400\" frameborder=\"0\" allowfullscreen=\"allowfullscreen\" data-mce-fragment=\"1\"><\/iframe><\/div>\n<p>&nbsp;<\/p>\n","protected":false},"excerpt":{"rendered":"<p>\u00d6t\u0259n g\u00fcn BNA-nin s\u0259dri V\u00fcsal K\u0259rimli jurnalistl\u0259r\u0259 a\u00e7\u0131qlamas\u0131nda bildirdi ki, Bak\u0131da f\u0259aliyy\u0259t g\u00f6st\u0259r\u0259n yer\u00fcst\u00fc parkinql\u0259rd\u0259 y\u0131\u011f\u0131lan v\u0259saitin agentlikl\u0259 he\u00e7 bir \u0259laq\u0259si yoxdur. \u0130ndi h\u0259r k\u0259si bir sual maraqland\u0131r\u0131r. B\u0259s, y\u0131\u011f\u0131lan pullar hara gedir? ARANTV.AZ-\u0131n x\u0259b\u0259rin\u0259 g\u00f6r\u0259, ARB TV m\u0259s\u0259l\u0259 il\u0259 ba\u011fl\u0131 paytaxt\u0131n m\u00fcxt\u0259lif istiqam\u0259tl\u0259rind\u0259 ara\u015fd\u0131rma apar\u0131b. Bura 28 May metrosunun qar\u015f\u0131s\u0131nda f\u0259aliyy\u0259t g\u00f6st\u0259r\u0259n yer\u00fcst\u00fc parkinq yeridir.\u00a0\u018frazid\u0259 t\u0259qrib\u0259n 20-d\u0259n \u00e7ox i\u015f\u00e7i parkinq xidm\u0259ti il\u0259 m\u0259\u015f\u011ful olur. Bu \u015f\u0259xsl\u0259rin g\u00f6st\u0259rdikl\u0259ri f\u0259aliyy\u0259t\u0259 dair h\u0259r hans\u0131 s\u0259n\u0259dl\u0259rinin olmad\u0131\u011f\u0131n\u0131 da dem\u0259k yerin\u0259 d\u00fc\u015f\u0259r. \u201cBura \u00f6d\u0259ni\u015fsiz deyil, q\u0259bz verir\u0259m. Biz BNA-ya bax\u0131r\u0131q\u201d, &#8211; dey\u0259 parkinq n\u0259zar\u0259t\u00e7isil\u0259rind\u0259&hellip;<\/p>\n","protected":false},"author":2,"featured_media":34603,"comment_status":"closed","ping_status":"closed","sticky":false,"template":"","format":"standard","meta":{"om_disable_all_campaigns":false,"_monsterinsights_skip_tracking":false,"_monsterinsights_sitenote_active":false,"_monsterinsights_sitenote_note":"","_monsterinsights_sitenote_category":0},"categories":[1],"tags":[],"aioseo_notices":[],"gutentor_comment":0,"rttpg_featured_image_url":{"full":["https:\/\/arantv.az\/wp-content\/uploads\/2019\/01\/parkinq-sekil-1.jpg",620,413,false],"landscape":["https:\/\/arantv.az\/wp-content\/uploads\/2019\/01\/parkinq-sekil-1.jpg",620,413,false],"portraits":["https:\/\/arantv.az\/wp-content\/uploads\/2019\/01\/parkinq-sekil-1.jpg",620,413,false],"thumbnail":["https:\/\/arantv.az\/wp-content\/uploads\/2019\/01\/parkinq-sekil-1-150x150.jpg",150,150,true],"medium":["https:\/\/arantv.az\/wp-content\/uploads\/2019\/01\/parkinq-sekil-1-300x200.jpg",300,200,true],"large":["https:\/\/arantv.az\/wp-content\/uploads\/2019\/01\/parkinq-sekil-1.jpg",620,413,false],"1536x1536":["https:\/\/arantv.az\/wp-content\/uploads\/2019\/01\/parkinq-sekil-1.jpg",620,413,false],"2048x2048":["https:\/\/arantv.az\/wp-content\/uploads\/2019\/01\/parkinq-sekil-1.jpg",620,413,false],"post-thumbnail":["https:\/\/arantv.az\/wp-content\/uploads\/2019\/01\/parkinq-sekil-1-240x172.jpg",240,172,true],"advps-thumb-one":["https:\/\/arantv.az\/wp-content\/uploads\/2019\/01\/parkinq-sekil-1.jpg",620,413,false]},"rttpg_author":{"display_name":"V\u00fcsal Rafiqo\u011flu","author_link":"https:\/\/arantv.az\/?author=2"},"rttpg_comment":0,"rttpg_category":"<a href=\"https:\/\/arantv.az\/?cat=1\" rel=\"category\">C\u0259miyy\u0259t<\/a>","rttpg_excerpt":"\u00d6t\u0259n g\u00fcn BNA-nin s\u0259dri V\u00fcsal K\u0259rimli jurnalistl\u0259r\u0259 a\u00e7\u0131qlamas\u0131nda bildirdi ki, Bak\u0131da f\u0259aliyy\u0259t g\u00f6st\u0259r\u0259n yer\u00fcst\u00fc parkinql\u0259rd\u0259 y\u0131\u011f\u0131lan v\u0259saitin agentlikl\u0259 he\u00e7 bir \u0259laq\u0259si yoxdur. \u0130ndi h\u0259r k\u0259si bir sual maraqland\u0131r\u0131r. B\u0259s, y\u0131\u011f\u0131lan pullar hara gedir? ARANTV.AZ-\u0131n x\u0259b\u0259rin\u0259 g\u00f6r\u0259, ARB TV m\u0259s\u0259l\u0259 il\u0259 ba\u011fl\u0131 paytaxt\u0131n m\u00fcxt\u0259lif istiqam\u0259tl\u0259rind\u0259 ara\u015fd\u0131rma apar\u0131b. Bura 28 May metrosunun qar\u015f\u0131s\u0131nda f\u0259aliyy\u0259t g\u00f6st\u0259r\u0259n yer\u00fcst\u00fc parkinq&hellip;","_links":{"self":[{"href":"https:\/\/arantv.az\/index.php?rest_route=\/wp\/v2\/posts\/34602"}],"collection":[{"href":"https:\/\/arantv.az\/index.php?rest_route=\/wp\/v2\/posts"}],"about":[{"href":"https:\/\/arantv.az\/index.php?rest_route=\/wp\/v2\/types\/post"}],"author":[{"embeddable":true,"href":"https:\/\/arantv.az\/index.php?rest_route=\/wp\/v2\/users\/2"}],"replies":[{"embeddable":true,"href":"https:\/\/arantv.az\/index.php?rest_route=%2Fwp%2Fv2%2Fcomments&post=34602"}],"version-history":[{"count":0,"href":"https:\/\/arantv.az\/index.php?rest_route=\/wp\/v2\/posts\/34602\/revisions"}],"wp:featuredmedia":[{"embeddable":true,"href":"https:\/\/arantv.az\/index.php?rest_route=\/wp\/v2\/media\/34603"}],"wp:attachment":[{"href":"https:\/\/arantv.az\/index.php?rest_route=%2Fwp%2Fv2%2Fmedia&parent=34602"}],"wp:term":[{"taxonomy":"category","embeddable":true,"href":"https:\/\/arantv.az\/index.php?rest_route=%2Fwp%2Fv2%2Fcategories&post=34602"},{"taxonomy":"post_tag","embeddable":true,"href":"https:\/\/arantv.az\/index.php?rest_route=%2Fwp%2Fv2%2Ftags&post=34602"}],"curies":[{"name":"wp","href":"https:\/\/api.w.org\/{rel}","templated":true}]}}