{"id":34606,"date":"2019-01-24T13:12:09","date_gmt":"2019-01-24T10:12:09","guid":{"rendered":"http:\/\/arantv.az\/?p=34606"},"modified":"2019-01-24T13:12:09","modified_gmt":"2019-01-24T10:12:09","slug":"deputat-aspa-da-qarabag-muharib%c9%99si-%c9%99lill%c9%99rind%c9%99n-danisdi","status":"publish","type":"post","link":"https:\/\/arantv.az\/?p=34606","title":{"rendered":"Deputat A\u015ePA-da Qaraba\u011f m\u00fcharib\u0259si \u0259lill\u0259rind\u0259n dan\u0131\u015fd\u0131"},"content":{"rendered":"<p>Erm\u0259nistan\u0131n Az\u0259rbaycan torpaqlar\u0131n\u0131 i\u015f\u011fal etm\u0259si n\u0259tic\u0259sind\u0259 \u00f6lk\u0259mizd\u0259 minl\u0259rl\u0259 insan \u0259lil olub. \u018flill\u0259rin i\u015fl\u0259 t\u0259minat\u0131 \u00fc\u00e7\u00fcn qanunvericilikd\u0259 bir s\u0131ra \u00f6n\u0259mli d\u0259yi\u015fiklikl\u0259r edilib. M\u0259\u015f\u011fulluq haqq\u0131nda qanun v\u0259 proqramlarda \u0259lill\u0259rin i\u015fl\u0259 t\u0259minat\u0131 m\u0259s\u0259l\u0259si \u0259n \u00f6n\u0259mli prioritetl\u0259rd\u0259ndir. H\u0259r il Qaraba\u011f m\u00fcharib\u0259si \u0259lill\u0259ri d\u0259 daxil olmaqla, y\u00fczl\u0259rl\u0259 \u0259lil d\u00f6vl\u0259t t\u0259r\u0259find\u0259n pulsuz m\u0259nzill\u0259 t\u0259min olunur.<\/p>\n<p><b>ARANTV.AZ\u00a0<\/b>x\u0259b\u0259r verir ki, bu fikirl\u0259ri Az\u0259rbaycan\u0131n A\u015ePA-dak\u0131 n\u00fcmay\u0259nd\u0259 hey\u0259tinin \u00fczv\u00fc, Azad Demokratlar Qrupunun vitse-prezidenti Q\u0259nir\u0259 Pa\u015fayeva qurumun q\u0131\u015f sessiyas\u0131 \u00e7\u0259r\u00e7iv\u0259sind\u0259 \u201c\u0130\u015f\u0259 q\u0259bulda ayr\u0131-se\u00e7kilik\u201d v\u0259 \u201cFiziki m\u0259hdudiyy\u0259tli inkl\u00fcziv i\u015f\u00e7i q\u00fcvv\u0259si \u00fc\u00e7\u00fcn\u201d adl\u0131 m\u0259ruz\u0259l\u0259rin m\u00fczakir\u0259si zaman\u0131 s\u00f6yl\u0259yib.<\/p>\n<p>Mill\u0259t v\u0259kili\u00a0 bildirib ki, \u00fczv \u00f6lk\u0259l\u0259r sa\u011flaml\u0131q imkanlar\u0131 m\u0259hdud olan insanlar\u0131n t\u0259hsili, onlar\u0131n i\u015fl\u0259 t\u0259minat\u0131 istiqam\u0259tind\u0259 s\u0259yl\u0259rini daha da art\u0131rmal\u0131d\u0131rlar:<\/p>\n<div id=\"AdributorNativeVideo0\" class=\"AdributorNativeVideo\"><\/div>\n<p>\u201cFiziki m\u0259hdudiyy\u0259tli insanlar\u0131n t\u0259hsili, onlar\u0131n h\u0259r hans\u0131 bir pe\u015f\u0259y\u0259 y\u00fcks\u0259k s\u0259viyy\u0259d\u0259 yiy\u0259l\u0259nm\u0259sin\u0259 d\u0259st\u0259k proqramlar\u0131 art\u0131r\u0131lmal\u0131d\u0131r. Bu, onlar\u0131n i\u015fl\u0259 t\u0259minat\u0131n\u0131 asanla\u015fd\u0131ran ba\u015fl\u0131ca amill\u0259rd\u0259n biridir\u201d.<\/p>\n<p>Deputat m\u0259ruz\u0259\u00e7inin \u00fczv \u00f6lk\u0259l\u0259r\u0259 \u00e7a\u011f\u0131r\u0131\u015flar\u0131n\u0131 d\u0259st\u0259kl\u0259diyini s\u00f6yl\u0259yib:<\/p>\n<p>\u201cM\u0259ruz\u0259d\u0259 \u00fczv \u00f6lk\u0259l\u0259r\u0259 edil\u0259n \u00e7a\u011f\u0131r\u0131\u015flar aras\u0131nda bu m\u00f6vzuda \u0259halinin maarifl\u0259ndirilm\u0259si, t\u0259bli\u011fat\u0131n rolu x\u00fcsusi vur\u011fulan\u0131r ki, biz bunu d\u0259st\u0259kl\u0259yirik. \u018flill\u0259rin \u0259m\u0259k bazar\u0131nda i\u015ftirak\u0131n\u0131n t\u0259\u015fviqind\u0259 qeyri-h\u00f6kum\u0259t t\u0259\u015fkilatlar\u0131n\u0131n oynad\u0131\u011f\u0131 \u00f6n\u0259mli rolu n\u0259z\u0259r\u0259 alaraq bu c\u00fcr t\u0259\u015fkilatlar\u0131n maliyy\u0259 v\u0259saiti il\u0259 d\u0259st\u0259kl\u0259nm\u0259si art\u0131r\u0131lmal\u0131d\u0131r.<\/p>\n<p>\u00d6lk\u0259mizd\u0259 m\u0259ruz\u0259d\u0259 qeyd olunan m\u0259s\u0259l\u0259l\u0259r\u0259 x\u00fcsusi diqq\u0259t verilir. \u018flilliyi olan \u015f\u0259xsl\u0259rin qeyri-h\u00f6kum\u0259t t\u0259\u015fkilatlar\u0131 yaradaraq \u0259lill\u0259rl\u0259 ba\u011fl\u0131 \u00e7al\u0131\u015fmas\u0131 d\u0259st\u0259kl\u0259nir. Eyni zamanda, \u0259lill\u0259rin yaratd\u0131\u011f\u0131, el\u0259c\u0259 d\u0259 \u0259lill\u0259rl\u0259 ba\u011fl\u0131 layih\u0259l\u0259r h\u0259yata ke\u00e7ir\u0259n t\u0259\u015fkilatlar\u0131n f\u0259aliyy\u0259tin\u0259 maliyy\u0259 d\u0259st\u0259yi g\u00f6st\u0259rilir.<\/p>\n<p>Az\u0259rbaycan Respublikas\u0131n\u0131n Prezidenti yan\u0131nda Qeyri-H\u00f6kum\u0259t T\u0259\u015fkilatlar\u0131na D\u00f6vl\u0259t D\u0259st\u0259yi \u015euras\u0131, G\u0259ncl\u0259r Fondu, \u018fm\u0259k v\u0259 \u018fhalinin Sosial M\u00fcdafi\u0259si Nazirliyi vasit\u0259sil\u0259 h\u0259r il \u0259lill\u0259rl\u0259 ba\u011fl\u0131 y\u00fczl\u0259rl\u0259 layih\u0259nin h\u0259yata ke\u00e7irilm\u0259si \u00fc\u00e7\u00fcn qeyri-h\u00f6kum\u0259t t\u0259\u015fkilatlar\u0131na d\u0259st\u0259k g\u00f6st\u0259rilir\u201d.oxu.az<\/p>\n","protected":false},"excerpt":{"rendered":"<p>Erm\u0259nistan\u0131n Az\u0259rbaycan torpaqlar\u0131n\u0131 i\u015f\u011fal etm\u0259si n\u0259tic\u0259sind\u0259 \u00f6lk\u0259mizd\u0259 minl\u0259rl\u0259 insan \u0259lil olub. \u018flill\u0259rin i\u015fl\u0259 t\u0259minat\u0131 \u00fc\u00e7\u00fcn qanunvericilikd\u0259 bir s\u0131ra \u00f6n\u0259mli d\u0259yi\u015fiklikl\u0259r edilib. M\u0259\u015f\u011fulluq haqq\u0131nda qanun v\u0259 proqramlarda \u0259lill\u0259rin i\u015fl\u0259 t\u0259minat\u0131 m\u0259s\u0259l\u0259si \u0259n \u00f6n\u0259mli prioritetl\u0259rd\u0259ndir. H\u0259r il Qaraba\u011f m\u00fcharib\u0259si \u0259lill\u0259ri d\u0259 daxil olmaqla, y\u00fczl\u0259rl\u0259 \u0259lil d\u00f6vl\u0259t t\u0259r\u0259find\u0259n pulsuz m\u0259nzill\u0259 t\u0259min olunur. ARANTV.AZ\u00a0x\u0259b\u0259r verir ki, bu fikirl\u0259ri Az\u0259rbaycan\u0131n A\u015ePA-dak\u0131 n\u00fcmay\u0259nd\u0259 hey\u0259tinin \u00fczv\u00fc, Azad Demokratlar Qrupunun vitse-prezidenti Q\u0259nir\u0259 Pa\u015fayeva qurumun q\u0131\u015f sessiyas\u0131 \u00e7\u0259r\u00e7iv\u0259sind\u0259 \u201c\u0130\u015f\u0259 q\u0259bulda ayr\u0131-se\u00e7kilik\u201d v\u0259 \u201cFiziki m\u0259hdudiyy\u0259tli inkl\u00fcziv i\u015f\u00e7i q\u00fcvv\u0259si \u00fc\u00e7\u00fcn\u201d adl\u0131 m\u0259ruz\u0259l\u0259rin m\u00fczakir\u0259si zaman\u0131 s\u00f6yl\u0259yib. Mill\u0259t v\u0259kili\u00a0 bildirib ki, \u00fczv \u00f6lk\u0259l\u0259r&hellip;<\/p>\n","protected":false},"author":2,"featured_media":34607,"comment_status":"closed","ping_status":"closed","sticky":false,"template":"","format":"standard","meta":{"om_disable_all_campaigns":false,"_monsterinsights_skip_tracking":false,"_monsterinsights_sitenote_active":false,"_monsterinsights_sitenote_note":"","_monsterinsights_sitenote_category":0},"categories":[4],"tags":[],"aioseo_notices":[],"gutentor_comment":0,"rttpg_featured_image_url":{"full":["https:\/\/arantv.az\/wp-content\/uploads\/2019\/01\/1544165972_qenirefdfd-1.jpg",620,389,false],"landscape":["https:\/\/arantv.az\/wp-content\/uploads\/2019\/01\/1544165972_qenirefdfd-1.jpg",620,389,false],"portraits":["https:\/\/arantv.az\/wp-content\/uploads\/2019\/01\/1544165972_qenirefdfd-1.jpg",620,389,false],"thumbnail":["https:\/\/arantv.az\/wp-content\/uploads\/2019\/01\/1544165972_qenirefdfd-1-150x150.jpg",150,150,true],"medium":["https:\/\/arantv.az\/wp-content\/uploads\/2019\/01\/1544165972_qenirefdfd-1-300x188.jpg",300,188,true],"large":["https:\/\/arantv.az\/wp-content\/uploads\/2019\/01\/1544165972_qenirefdfd-1.jpg",620,389,false],"1536x1536":["https:\/\/arantv.az\/wp-content\/uploads\/2019\/01\/1544165972_qenirefdfd-1.jpg",620,389,false],"2048x2048":["https:\/\/arantv.az\/wp-content\/uploads\/2019\/01\/1544165972_qenirefdfd-1.jpg",620,389,false],"post-thumbnail":["https:\/\/arantv.az\/wp-content\/uploads\/2019\/01\/1544165972_qenirefdfd-1-240x172.jpg",240,172,true],"advps-thumb-one":["https:\/\/arantv.az\/wp-content\/uploads\/2019\/01\/1544165972_qenirefdfd-1.jpg",620,389,false]},"rttpg_author":{"display_name":"V\u00fcsal Rafiqo\u011flu","author_link":"https:\/\/arantv.az\/?author=2"},"rttpg_comment":0,"rttpg_category":"<a href=\"https:\/\/arantv.az\/?cat=4\" rel=\"category\">Siyas\u0259t<\/a>","rttpg_excerpt":"Erm\u0259nistan\u0131n Az\u0259rbaycan torpaqlar\u0131n\u0131 i\u015f\u011fal etm\u0259si n\u0259tic\u0259sind\u0259 \u00f6lk\u0259mizd\u0259 minl\u0259rl\u0259 insan \u0259lil olub. \u018flill\u0259rin i\u015fl\u0259 t\u0259minat\u0131 \u00fc\u00e7\u00fcn qanunvericilikd\u0259 bir s\u0131ra \u00f6n\u0259mli d\u0259yi\u015fiklikl\u0259r edilib. M\u0259\u015f\u011fulluq haqq\u0131nda qanun v\u0259 proqramlarda \u0259lill\u0259rin i\u015fl\u0259 t\u0259minat\u0131 m\u0259s\u0259l\u0259si \u0259n \u00f6n\u0259mli prioritetl\u0259rd\u0259ndir. H\u0259r il Qaraba\u011f m\u00fcharib\u0259si \u0259lill\u0259ri d\u0259 daxil olmaqla, y\u00fczl\u0259rl\u0259 \u0259lil d\u00f6vl\u0259t t\u0259r\u0259find\u0259n pulsuz m\u0259nzill\u0259 t\u0259min olunur. ARANTV.AZ\u00a0x\u0259b\u0259r verir ki, bu fikirl\u0259ri Az\u0259rbaycan\u0131n&hellip;","_links":{"self":[{"href":"https:\/\/arantv.az\/index.php?rest_route=\/wp\/v2\/posts\/34606"}],"collection":[{"href":"https:\/\/arantv.az\/index.php?rest_route=\/wp\/v2\/posts"}],"about":[{"href":"https:\/\/arantv.az\/index.php?rest_route=\/wp\/v2\/types\/post"}],"author":[{"embeddable":true,"href":"https:\/\/arantv.az\/index.php?rest_route=\/wp\/v2\/users\/2"}],"replies":[{"embeddable":true,"href":"https:\/\/arantv.az\/index.php?rest_route=%2Fwp%2Fv2%2Fcomments&post=34606"}],"version-history":[{"count":0,"href":"https:\/\/arantv.az\/index.php?rest_route=\/wp\/v2\/posts\/34606\/revisions"}],"wp:featuredmedia":[{"embeddable":true,"href":"https:\/\/arantv.az\/index.php?rest_route=\/wp\/v2\/media\/34607"}],"wp:attachment":[{"href":"https:\/\/arantv.az\/index.php?rest_route=%2Fwp%2Fv2%2Fmedia&parent=34606"}],"wp:term":[{"taxonomy":"category","embeddable":true,"href":"https:\/\/arantv.az\/index.php?rest_route=%2Fwp%2Fv2%2Fcategories&post=34606"},{"taxonomy":"post_tag","embeddable":true,"href":"https:\/\/arantv.az\/index.php?rest_route=%2Fwp%2Fv2%2Ftags&post=34606"}],"curies":[{"name":"wp","href":"https:\/\/api.w.org\/{rel}","templated":true}]}}