{"id":34609,"date":"2019-01-24T13:13:02","date_gmt":"2019-01-24T10:13:02","guid":{"rendered":"http:\/\/arantv.az\/?p=34609"},"modified":"2019-01-24T13:13:02","modified_gmt":"2019-01-24T10:13:02","slug":"mehriban-%c9%99liyeva-yeni-dogulan-uc%c9%99ml%c9%99rl%c9%99-bagli-tapsiriq-verdi","status":"publish","type":"post","link":"https:\/\/arantv.az\/?p=34609","title":{"rendered":"Mehriban \u018fliyeva yeni do\u011fulan \u00fc\u00e7\u0259ml\u0259rl\u0259 ba\u011fl\u0131 tap\u015f\u0131r\u0131q verdi"},"content":{"rendered":"<p>Az\u0259rbaycan\u0131n Birinci vitse-prezidenti, Heyd\u0259r \u018fliyev Fondunun prezidenti Mehriban \u018fliyeva Bak\u0131da yeni do\u011fulan \u00fc\u00e7\u0259ml\u0259rin ail\u0259sin\u0259 maddi yard\u0131m verilm\u0259si bar\u0259d\u0259 g\u00f6st\u0259ri\u015f verib.<\/p>\n<p><strong>ARANTV.AZ<\/strong>-\u0131n Trend-\u0259 istinad\u0259n m\u0259lumat\u0131na g\u00f6r\u0259, birinci xan\u0131m\u00a0<strong>Mehriban \u018fliyeva<\/strong>\u00a0Heyd\u0259r \u018fliyev Fonduna \u00fc\u00e7\u0259ml\u0259rin do\u011fuldu\u011fu V\u0259liyevl\u0259r ail\u0259sin\u0259 maddi yard\u0131m g\u00f6st\u0259rilm\u0259si bar\u0259d\u0259 g\u00f6st\u0259ri\u015f verib.<\/p>\n<p>\u00dc\u00e7 illik \u00f6vlad h\u0259sr\u0259tind\u0259n sonra \u00fc\u00e7\u0259ml\u0259r\u0259 sahib olan ail\u0259nin ba\u015f\u00e7\u0131lar\u0131 m\u00fcvafiq yard\u0131m v\u0259 h\u0259diyy\u0259l\u0259r\u0259 g\u00f6r\u0259 Birinci vitse-prezident Mehriban \u018fliyevaya minn\u0259tdarl\u0131qlar\u0131n\u0131 bildiribl\u0259r.<\/p>\n","protected":false},"excerpt":{"rendered":"<p>Az\u0259rbaycan\u0131n Birinci vitse-prezidenti, Heyd\u0259r \u018fliyev Fondunun prezidenti Mehriban \u018fliyeva Bak\u0131da yeni do\u011fulan \u00fc\u00e7\u0259ml\u0259rin ail\u0259sin\u0259 maddi yard\u0131m verilm\u0259si bar\u0259d\u0259 g\u00f6st\u0259ri\u015f verib. ARANTV.AZ-\u0131n Trend-\u0259 istinad\u0259n m\u0259lumat\u0131na g\u00f6r\u0259, birinci xan\u0131m\u00a0Mehriban \u018fliyeva\u00a0Heyd\u0259r \u018fliyev Fonduna \u00fc\u00e7\u0259ml\u0259rin do\u011fuldu\u011fu V\u0259liyevl\u0259r ail\u0259sin\u0259 maddi yard\u0131m g\u00f6st\u0259rilm\u0259si bar\u0259d\u0259 g\u00f6st\u0259ri\u015f verib. \u00dc\u00e7 illik \u00f6vlad h\u0259sr\u0259tind\u0259n sonra \u00fc\u00e7\u0259ml\u0259r\u0259 sahib olan ail\u0259nin ba\u015f\u00e7\u0131lar\u0131 m\u00fcvafiq yard\u0131m v\u0259 h\u0259diyy\u0259l\u0259r\u0259 g\u00f6r\u0259 Birinci vitse-prezident Mehriban \u018fliyevaya minn\u0259tdarl\u0131qlar\u0131n\u0131 bildiribl\u0259r.<\/p>\n","protected":false},"author":2,"featured_media":34610,"comment_status":"closed","ping_status":"closed","sticky":false,"template":"","format":"standard","meta":{"om_disable_all_campaigns":false,"_monsterinsights_skip_tracking":false,"_monsterinsights_sitenote_active":false,"_monsterinsights_sitenote_note":"","_monsterinsights_sitenote_category":0},"categories":[4],"tags":[],"aioseo_notices":[],"gutentor_comment":0,"rttpg_featured_image_url":{"full":["https:\/\/arantv.az\/wp-content\/uploads\/2019\/01\/THUMB.jpg",620,465,false],"landscape":["https:\/\/arantv.az\/wp-content\/uploads\/2019\/01\/THUMB.jpg",620,465,false],"portraits":["https:\/\/arantv.az\/wp-content\/uploads\/2019\/01\/THUMB.jpg",620,465,false],"thumbnail":["https:\/\/arantv.az\/wp-content\/uploads\/2019\/01\/THUMB-150x150.jpg",150,150,true],"medium":["https:\/\/arantv.az\/wp-content\/uploads\/2019\/01\/THUMB-300x225.jpg",300,225,true],"large":["https:\/\/arantv.az\/wp-content\/uploads\/2019\/01\/THUMB.jpg",620,465,false],"1536x1536":["https:\/\/arantv.az\/wp-content\/uploads\/2019\/01\/THUMB.jpg",620,465,false],"2048x2048":["https:\/\/arantv.az\/wp-content\/uploads\/2019\/01\/THUMB.jpg",620,465,false],"post-thumbnail":["https:\/\/arantv.az\/wp-content\/uploads\/2019\/01\/THUMB-240x172.jpg",240,172,true],"advps-thumb-one":["https:\/\/arantv.az\/wp-content\/uploads\/2019\/01\/THUMB.jpg",620,465,false]},"rttpg_author":{"display_name":"V\u00fcsal Rafiqo\u011flu","author_link":"https:\/\/arantv.az\/?author=2"},"rttpg_comment":0,"rttpg_category":"<a href=\"https:\/\/arantv.az\/?cat=4\" rel=\"category\">Siyas\u0259t<\/a>","rttpg_excerpt":"Az\u0259rbaycan\u0131n Birinci vitse-prezidenti, Heyd\u0259r \u018fliyev Fondunun prezidenti Mehriban \u018fliyeva Bak\u0131da yeni do\u011fulan \u00fc\u00e7\u0259ml\u0259rin ail\u0259sin\u0259 maddi yard\u0131m verilm\u0259si bar\u0259d\u0259 g\u00f6st\u0259ri\u015f verib. ARANTV.AZ-\u0131n Trend-\u0259 istinad\u0259n m\u0259lumat\u0131na g\u00f6r\u0259, birinci xan\u0131m\u00a0Mehriban \u018fliyeva\u00a0Heyd\u0259r \u018fliyev Fonduna \u00fc\u00e7\u0259ml\u0259rin do\u011fuldu\u011fu V\u0259liyevl\u0259r ail\u0259sin\u0259 maddi yard\u0131m g\u00f6st\u0259rilm\u0259si bar\u0259d\u0259 g\u00f6st\u0259ri\u015f verib. \u00dc\u00e7 illik \u00f6vlad h\u0259sr\u0259tind\u0259n sonra \u00fc\u00e7\u0259ml\u0259r\u0259 sahib olan ail\u0259nin ba\u015f\u00e7\u0131lar\u0131 m\u00fcvafiq yard\u0131m v\u0259 h\u0259diyy\u0259l\u0259r\u0259 g\u00f6r\u0259&hellip;","_links":{"self":[{"href":"https:\/\/arantv.az\/index.php?rest_route=\/wp\/v2\/posts\/34609"}],"collection":[{"href":"https:\/\/arantv.az\/index.php?rest_route=\/wp\/v2\/posts"}],"about":[{"href":"https:\/\/arantv.az\/index.php?rest_route=\/wp\/v2\/types\/post"}],"author":[{"embeddable":true,"href":"https:\/\/arantv.az\/index.php?rest_route=\/wp\/v2\/users\/2"}],"replies":[{"embeddable":true,"href":"https:\/\/arantv.az\/index.php?rest_route=%2Fwp%2Fv2%2Fcomments&post=34609"}],"version-history":[{"count":0,"href":"https:\/\/arantv.az\/index.php?rest_route=\/wp\/v2\/posts\/34609\/revisions"}],"wp:featuredmedia":[{"embeddable":true,"href":"https:\/\/arantv.az\/index.php?rest_route=\/wp\/v2\/media\/34610"}],"wp:attachment":[{"href":"https:\/\/arantv.az\/index.php?rest_route=%2Fwp%2Fv2%2Fmedia&parent=34609"}],"wp:term":[{"taxonomy":"category","embeddable":true,"href":"https:\/\/arantv.az\/index.php?rest_route=%2Fwp%2Fv2%2Fcategories&post=34609"},{"taxonomy":"post_tag","embeddable":true,"href":"https:\/\/arantv.az\/index.php?rest_route=%2Fwp%2Fv2%2Ftags&post=34609"}],"curies":[{"name":"wp","href":"https:\/\/api.w.org\/{rel}","templated":true}]}}