{"id":34651,"date":"2019-01-24T13:38:30","date_gmt":"2019-01-24T10:38:30","guid":{"rendered":"http:\/\/arantv.az\/?p=34651"},"modified":"2019-01-24T13:38:30","modified_gmt":"2019-01-24T10:38:30","slug":"politoloq-davos-gorusu-isgalci-erm%c9%99nistanin-r%c9%99hb%c9%99rind%c9%99-m%c9%99suliyy%c9%99t-hissini-artira-bil%c9%99r","status":"publish","type":"post","link":"https:\/\/arantv.az\/?p=34651","title":{"rendered":"Politoloq: &#8220;Davos g\u00f6r\u00fc\u015f\u00fc i\u015f\u011fal\u00e7\u0131 Erm\u0259nistan\u0131n r\u0259hb\u0259rind\u0259 m\u0259suliyy\u0259t hissini art\u0131ra bil\u0259r&#8221;"},"content":{"rendered":"<blockquote><p><em><strong>Davosda Az\u0259rbaycan Prezidenti \u0130lham \u018fliyevl\u0259 Erm\u0259nistan\u0131n ba\u015f naziri Nikol Pa\u015finyan aras\u0131nda ba\u015f tutmu\u015f g\u00f6r\u00fc\u015f t\u0259maslar\u0131n intensivl\u0259\u015fdirilm\u0259si v\u0259 Az\u0259rbaycan\u0131n \u0259dal\u0259tli m\u00f6vqeyinin ard\u0131c\u0131l m\u00fcdafi\u0259 olunmas\u0131 istiqam\u0259tind\u0259 n\u00f6vb\u0259ti bir add\u0131m idi.<\/strong><\/em><\/p><\/blockquote>\n<p><strong>ARANTV.AZ<\/strong> bildirir ki, bunu trend-\u0259\u00a0politoloq, siyasi elml\u0259r \u00fczr\u0259 f\u0259ls\u0259f\u0259 doktoru\u00a0<strong>El\u015fad Mirb\u0259\u015firo\u011flu<\/strong>deyib.<\/p>\n<p>O xat\u0131rlad\u0131b ki, Davos Forumu \u00e7\u0259r\u00e7iv\u0259sind\u0259 Prezident \u0130lham \u018fliyevl\u0259 N.Pa\u015finyan aras\u0131nda sayca \u00fc\u00e7\u00fcnc\u00fc g\u00f6r\u00fc\u015f ba\u015f tutub: &#8220;Bundan \u00f6nc\u0259 D\u00fc\u015f\u0259nb\u0259 g\u00f6r\u00fc\u015f\u00fc zaman\u0131 t\u0259r\u0259fl\u0259r s\u0259rh\u0259dd\u0259 v\u0259ziyy\u0259tin n\u0259zar\u0259td\u0259 saxlan\u0131lmas\u0131, t\u0259maslar\u0131n davam etdirilm\u0259si v\u0259 m\u00fcnaqi\u015f\u0259nin dinc t\u0259nziml\u0259nm\u0259si prinsipl\u0259rin\u0259 sadiq qalacaqlar\u0131 bar\u0259d\u0259 \u015fifahi raz\u0131l\u0131q \u0259ld\u0259 edibl\u0259r. El\u0259 D\u00fc\u015f\u0259nb\u0259 g\u00f6r\u00fc\u015f\u00fc zaman\u0131 m\u00fc\u015fahid\u0259 etdik ki, Pa\u015finyan \u0259vv\u0259lki s\u0259rt ritorikas\u0131ndan tamamil\u0259 imtina edib. Bel\u0259 ki, o, hakimiyy\u0259ti yeni \u0259l\u0259 ke\u00e7irdiyi vaxtlarda Da\u011fl\u0131q Qaraba\u011f\u0131n Erm\u0259nistan\u0131n t\u0259rkibin\u0259 birl\u0259\u015fdirilm\u0259si, dan\u0131\u015f\u0131qlar prosesind\u0259 qondarma rejimin d\u0259 ayr\u0131ca t\u0259r\u0259f kimi i\u015ftirak\u0131n\u0131n vacibliyi il\u0259 ba\u011fl\u0131 pafoslu \u00e7\u0131x\u0131\u015flara \u00fcst\u00fcnl\u00fck verirdi. M\u0259qs\u0259d k\u00fctl\u0259nin \u015f\u00fcuruna yen\u0259 d\u0259 Erm\u0259nistan\u0131n \u0259vv\u0259lki r\u0259hb\u0259rl\u0259ri kimi &#8220;Qaraba\u011f&#8221; kart\u0131 il\u0259 t\u0259sir etm\u0259k v\u0259 onlar\u0131n d\u0259st\u0259yini qazanmaq idi. \u00c7\u00fcnki Pa\u015finyan\u0131n elektorat qazanmaq \u00fc\u00e7\u00fcn t\u0259klif ed\u0259c\u0259yi ba\u015fqa bir \u015fey yox idi&#8221;.<\/p>\n<p>Politoloq qeyd edib ki, D\u00fc\u015f\u0259nb\u0259 g\u00f6r\u00fc\u015f\u00fc zaman\u0131 is\u0259 N.Pa\u015finyan \u0259vv\u0259l s\u0259sl\u0259ndirdiyi s\u0259rs\u0259m fikirl\u0259rd\u0259n he\u00e7 birini dil\u0259 g\u0259tirm\u0259di: &#8220;Bu is\u0259 o dem\u0259k idi ki, onun Az\u0259rbaycan\u0131n m\u00f6vqeyi haqq\u0131nda d\u0259qiq m\u0259lumat\u0131 var v\u0259 bu haql\u0131 m\u00f6vqeni q\u0259bul etm\u0259k m\u0259cburiyy\u0259tind\u0259dir. Davosdak\u0131 g\u00f6r\u00fc\u015f d\u0259 planla\u015fd\u0131r\u0131lmad\u0131\u011f\u0131 \u00fc\u00e7\u00fcn \u0259vv\u0259lc\u0259d\u0259n anonsu verilm\u0259mi\u015fdi. \u0130st\u0259nil\u0259n halda bu g\u00f6r\u00fc\u015f bir ne\u00e7\u0259 prizmadan \u0259h\u0259miyy\u0259tli kimi qiym\u0259tl\u0259ndiril\u0259 bil\u0259r. H\u0259r \u015feyd\u0259n \u00f6nc\u0259 m\u00fcnaqi\u015f\u0259 t\u0259r\u0259fl\u0259ri aras\u0131nda ali s\u0259viyy\u0259d\u0259 \u00fcmumi v\u0259ziyy\u0259tl\u0259 ba\u011fl\u0131 m\u00fczakir\u0259l\u0259rin apar\u0131lmas\u0131 \u0259h\u0259miyy\u0259tlidir&#8221;.<\/p>\n<p>E.Mirb\u0259\u015firo\u011flu \u0259lav\u0259 edib ki, Az\u0259rbaycan Prezidentinin \u00f6lk\u0259mizin m\u00f6vqeyini bir daha b\u0259yan etm\u0259si h\u0259m Erm\u0259nistana, h\u0259m d\u0259 D\u00fcnya \u0130qtisadi Forumu kimi m\u00f6t\u0259b\u0259r t\u0259dbirin i\u015ftirak\u00e7\u0131lar\u0131na n\u00f6vb\u0259ti i\u015far\u0259dir:<\/p>\n<p>&#8220;Davos Forumu d\u00fcnyan\u0131 ki\u00e7ik bir m\u0259kana s\u0131\u011f\u0131\u015fd\u0131ran t\u0259dbirdir. Bel\u0259 bir forum \u00e7\u0259r\u00e7iv\u0259sind\u0259 Erm\u0259nistan-Az\u0259rbaycan m\u00fcnaqi\u015f\u0259sinin liderl\u0259r s\u0259viyy\u0259sind\u0259 m\u00fczakir\u0259 olunmas\u0131 d\u00fcnyan\u0131n diqq\u0259tini bir daha bu m\u0259s\u0259l\u0259y\u0259 y\u00f6n\u0259ldir. H\u0259m\u00e7inin hesab edir\u0259m ki, Davos g\u00f6r\u00fc\u015f\u00fc i\u015f\u011fal\u00e7\u0131 Erm\u0259nistan\u0131n r\u0259hb\u0259rind\u0259 m\u00fc\u0259yy\u0259n q\u0259d\u0259r m\u0259suliyy\u0259t hissini art\u0131ra da bil\u0259r. \u00c7\u00fcnki xat\u0131rlad\u0131m ki, D\u00fc\u015f\u0259nb\u0259 g\u00f6r\u00fc\u015f\u00fcnd\u0259n sonra Pa\u015finyan \u00f6z\u00fcn\u00fcn &#8220;Facebook&#8221; s\u0259hif\u0259sind\u0259 g\u00f6r\u00fc\u015f\u00fcn n\u0259tic\u0259l\u0259ri il\u0259 ba\u011fl\u0131 d\u0259rhal qondarma rejimin r\u0259hb\u0259ri Bako Saakyanla dan\u0131\u015fd\u0131\u011f\u0131n\u0131 bildirib. Y\u0259ni Pa\u015finyan i\u015far\u0259 edib ki, c\u0259bh\u0259d\u0259 at\u0259\u015fk\u0259s rejimin\u0259 \u0259m\u0259l olunmas\u0131 il\u0259 ba\u011fl\u0131 \u00fcz\u0259rin\u0259 g\u00f6t\u00fcrd\u00fcy\u00fc \u015fifahi \u00f6hd\u0259liy\u0259 \u0259m\u0259l etm\u0259k ist\u0259yir. Ayd\u0131n m\u0259s\u0259l\u0259dir ki, t\u0259mas x\u0259ttind\u0259 at\u0259\u015fk\u0259s rejimini pozan v\u0259 insidentl\u0259r t\u00f6r\u0259d\u0259n i\u015f\u011fal\u00e7\u0131 Erm\u0259nistand\u0131r. Bu bax\u0131mdan b\u00fct\u00fcn hallarda Davosda Az\u0259rbaycan Prezidenti \u0130lham \u018fliyevl\u0259 Erm\u0259nistan\u0131n ba\u015f naziri aras\u0131nda ba\u015f tutmu\u015f g\u00f6r\u00fc\u015f t\u0259maslar\u0131n intensivl\u0259\u015fdirilm\u0259si v\u0259 Az\u0259rbaycan\u0131n \u0259dal\u0259tli m\u00f6vqeyinin ard\u0131c\u0131l m\u00fcdafi\u0259 olunmas\u0131 istiqam\u0259tind\u0259 n\u00f6vb\u0259ti bir add\u0131m idi&#8221;.<\/p>\n","protected":false},"excerpt":{"rendered":"<p>Davosda Az\u0259rbaycan Prezidenti \u0130lham \u018fliyevl\u0259 Erm\u0259nistan\u0131n ba\u015f naziri Nikol Pa\u015finyan aras\u0131nda ba\u015f tutmu\u015f g\u00f6r\u00fc\u015f t\u0259maslar\u0131n intensivl\u0259\u015fdirilm\u0259si v\u0259 Az\u0259rbaycan\u0131n \u0259dal\u0259tli m\u00f6vqeyinin ard\u0131c\u0131l m\u00fcdafi\u0259 olunmas\u0131 istiqam\u0259tind\u0259 n\u00f6vb\u0259ti bir add\u0131m idi. ARANTV.AZ bildirir ki, bunu trend-\u0259\u00a0politoloq, siyasi elml\u0259r \u00fczr\u0259 f\u0259ls\u0259f\u0259 doktoru\u00a0El\u015fad Mirb\u0259\u015firo\u011fludeyib. O xat\u0131rlad\u0131b ki, Davos Forumu \u00e7\u0259r\u00e7iv\u0259sind\u0259 Prezident \u0130lham \u018fliyevl\u0259 N.Pa\u015finyan aras\u0131nda sayca \u00fc\u00e7\u00fcnc\u00fc g\u00f6r\u00fc\u015f ba\u015f tutub: &#8220;Bundan \u00f6nc\u0259 D\u00fc\u015f\u0259nb\u0259 g\u00f6r\u00fc\u015f\u00fc zaman\u0131 t\u0259r\u0259fl\u0259r s\u0259rh\u0259dd\u0259 v\u0259ziyy\u0259tin n\u0259zar\u0259td\u0259 saxlan\u0131lmas\u0131, t\u0259maslar\u0131n davam etdirilm\u0259si v\u0259 m\u00fcnaqi\u015f\u0259nin dinc t\u0259nziml\u0259nm\u0259si prinsipl\u0259rin\u0259 sadiq qalacaqlar\u0131 bar\u0259d\u0259 \u015fifahi raz\u0131l\u0131q \u0259ld\u0259 edibl\u0259r. El\u0259 D\u00fc\u015f\u0259nb\u0259 g\u00f6r\u00fc\u015f\u00fc zaman\u0131 m\u00fc\u015fahid\u0259 etdik ki, Pa\u015finyan \u0259vv\u0259lki s\u0259rt&hellip;<\/p>\n","protected":false},"author":2,"featured_media":34652,"comment_status":"closed","ping_status":"closed","sticky":false,"template":"","format":"standard","meta":{"om_disable_all_campaigns":false,"_monsterinsights_skip_tracking":false,"_monsterinsights_sitenote_active":false,"_monsterinsights_sitenote_note":"","_monsterinsights_sitenote_category":0},"categories":[4],"tags":[],"aioseo_notices":[],"gutentor_comment":0,"rttpg_featured_image_url":{"full":["https:\/\/arantv.az\/wp-content\/uploads\/2019\/01\/724233.jpg",800,600,false],"landscape":["https:\/\/arantv.az\/wp-content\/uploads\/2019\/01\/724233.jpg",800,600,false],"portraits":["https:\/\/arantv.az\/wp-content\/uploads\/2019\/01\/724233.jpg",800,600,false],"thumbnail":["https:\/\/arantv.az\/wp-content\/uploads\/2019\/01\/724233-150x150.jpg",150,150,true],"medium":["https:\/\/arantv.az\/wp-content\/uploads\/2019\/01\/724233-300x225.jpg",300,225,true],"large":["https:\/\/arantv.az\/wp-content\/uploads\/2019\/01\/724233.jpg",640,480,false],"1536x1536":["https:\/\/arantv.az\/wp-content\/uploads\/2019\/01\/724233.jpg",800,600,false],"2048x2048":["https:\/\/arantv.az\/wp-content\/uploads\/2019\/01\/724233.jpg",800,600,false],"post-thumbnail":["https:\/\/arantv.az\/wp-content\/uploads\/2019\/01\/724233-240x172.jpg",240,172,true],"advps-thumb-one":["https:\/\/arantv.az\/wp-content\/uploads\/2019\/01\/724233.jpg",800,600,false]},"rttpg_author":{"display_name":"V\u00fcsal Rafiqo\u011flu","author_link":"https:\/\/arantv.az\/?author=2"},"rttpg_comment":0,"rttpg_category":"<a href=\"https:\/\/arantv.az\/?cat=4\" rel=\"category\">Siyas\u0259t<\/a>","rttpg_excerpt":"Davosda Az\u0259rbaycan Prezidenti \u0130lham \u018fliyevl\u0259 Erm\u0259nistan\u0131n ba\u015f naziri Nikol Pa\u015finyan aras\u0131nda ba\u015f tutmu\u015f g\u00f6r\u00fc\u015f t\u0259maslar\u0131n intensivl\u0259\u015fdirilm\u0259si v\u0259 Az\u0259rbaycan\u0131n \u0259dal\u0259tli m\u00f6vqeyinin ard\u0131c\u0131l m\u00fcdafi\u0259 olunmas\u0131 istiqam\u0259tind\u0259 n\u00f6vb\u0259ti bir add\u0131m idi. ARANTV.AZ bildirir ki, bunu trend-\u0259\u00a0politoloq, siyasi elml\u0259r \u00fczr\u0259 f\u0259ls\u0259f\u0259 doktoru\u00a0El\u015fad Mirb\u0259\u015firo\u011fludeyib. O xat\u0131rlad\u0131b ki, Davos Forumu \u00e7\u0259r\u00e7iv\u0259sind\u0259 Prezident \u0130lham \u018fliyevl\u0259 N.Pa\u015finyan aras\u0131nda sayca \u00fc\u00e7\u00fcnc\u00fc g\u00f6r\u00fc\u015f ba\u015f tutub:&hellip;","_links":{"self":[{"href":"https:\/\/arantv.az\/index.php?rest_route=\/wp\/v2\/posts\/34651"}],"collection":[{"href":"https:\/\/arantv.az\/index.php?rest_route=\/wp\/v2\/posts"}],"about":[{"href":"https:\/\/arantv.az\/index.php?rest_route=\/wp\/v2\/types\/post"}],"author":[{"embeddable":true,"href":"https:\/\/arantv.az\/index.php?rest_route=\/wp\/v2\/users\/2"}],"replies":[{"embeddable":true,"href":"https:\/\/arantv.az\/index.php?rest_route=%2Fwp%2Fv2%2Fcomments&post=34651"}],"version-history":[{"count":0,"href":"https:\/\/arantv.az\/index.php?rest_route=\/wp\/v2\/posts\/34651\/revisions"}],"wp:featuredmedia":[{"embeddable":true,"href":"https:\/\/arantv.az\/index.php?rest_route=\/wp\/v2\/media\/34652"}],"wp:attachment":[{"href":"https:\/\/arantv.az\/index.php?rest_route=%2Fwp%2Fv2%2Fmedia&parent=34651"}],"wp:term":[{"taxonomy":"category","embeddable":true,"href":"https:\/\/arantv.az\/index.php?rest_route=%2Fwp%2Fv2%2Fcategories&post=34651"},{"taxonomy":"post_tag","embeddable":true,"href":"https:\/\/arantv.az\/index.php?rest_route=%2Fwp%2Fv2%2Ftags&post=34651"}],"curies":[{"name":"wp","href":"https:\/\/api.w.org\/{rel}","templated":true}]}}