{"id":34654,"date":"2019-01-24T13:43:54","date_gmt":"2019-01-24T10:43:54","guid":{"rendered":"http:\/\/arantv.az\/?p=34654"},"modified":"2019-01-24T13:43:54","modified_gmt":"2019-01-24T10:43:54","slug":"bu-usaq-bezl%c9%99ri-x%c9%99rc%c9%99ng-yaradir-agentliyin-hesabati-valideynl%c9%99ri-soka-saldi","status":"publish","type":"post","link":"https:\/\/arantv.az\/?p=34654","title":{"rendered":"Bu u\u015faq bezl\u0259ri x\u0259r\u00e7\u0259ng yarad\u0131r &#8211; Agentliyin hesabat\u0131 valideynl\u0259ri \u015foka sald\u0131"},"content":{"rendered":"<p>Bir m\u00fcdd\u0259t \u00f6nc\u0259 Fransan\u0131n Sanitar t\u0259hl\u00fck\u0259sizlik m\u0259s\u0259l\u0259l\u0259ri \u00fczr\u0259 Milli Agentlinin u\u015faq bezl\u0259ri il\u0259 ba\u011fl\u0131 a\u00e7\u0131qlad\u0131\u011f\u0131 d\u0259h\u015f\u0259tli hesabat Fransada valideynl\u0259rin ciddi narahatl\u0131\u011f\u0131na s\u0259b\u0259b olub.<\/p>\n<p><strong>ARANTV.AZ<\/strong> Sherg.az-a istinad\u0259n x\u0259b\u0259rin\u0259 g\u00f6r\u0259, s\u00f6z\u00fcged\u0259n hesabatda qeyd olunur ki, b\u0259zi u\u015faq bezl\u0259ri haz\u0131rlanark\u0259n onun t\u0259rkibin\u0259 t\u0259hl\u00fck\u0259li kimy\u0259vi madd\u0259l\u0259r vurulur ki, bu madd\u0259l\u0259r u\u015fa\u011f\u0131n sa\u011flaml\u0131\u011f\u0131na ciddi ziyan vuru.<\/p>\n<div>\n<div id=\"AdributorNativeVideo0\" class=\"AdributorNativeVideo\"><\/div>\n<\/div>\n<p>Bundan ba\u015fqa m\u0259lumatda o da vur\u011fulan\u0131r ki, bu kimy\u0259vi madd\u0259l\u0259r kanserogendir, y\u0259ni x\u0259r\u00e7\u0259ngin inki\u015faf\u0131na s\u0259b\u0259b olur.<\/p>\n<p>Qeyd ed\u0259k ki, Fransa h\u00f6kum\u0259ti valideynl\u0259rin bu narahatl\u0131q v\u0259 naraz\u0131l\u0131\u011f\u0131na d\u0259rhal reaksiya verib.<\/p>\n<p>S\u0259hiyy\u0259 naziri Anye B\u00fczin Ekologiya naziri Fransua d\u00f6 Riqi, \u0130qtisadiyyat v\u0259 maliyy\u0259 naziri Bruno L\u00f6 Mer\u0259 bu i\u015fin ara\u015fd\u0131r\u0131lmas\u0131 v\u0259 problemin d\u0259rhal aradan qald\u0131r\u0131lmas\u0131na dair ciddi tap\u015f\u0131r\u0131qlar verib. Nazirl\u0259r is\u0259 u\u015faq bezl\u0259rind\u0259n h\u0259min kimy\u0259vi madd\u0259l\u0259rin \u00e7\u0131xar\u0131lmas\u0131 il\u0259 ba\u011fl\u0131 m\u0259s\u0259l\u0259y\u0259 15-g\u00fcnd\u00fcr ba\u015flad\u0131qlar\u0131n\u0131 bildiribl\u0259r.<\/p>\n<p>R\u0259qab\u0259t, \u0130stehlak\u00e7\u0131 \u0130\u015fl\u0259ri v\u0259 yalanla M\u00fcbariz\u0259 \u0130dar\u0259sinin r\u0259hb\u0259rliyi is\u0259 bu i\u015f\u0259 n\u0259zar\u0259ti g\u00fccl\u0259ndir\u0259ciyini a\u00e7\u0131qlay\u0131b v\u0259 ciddi ara\u015fd\u0131malardan sonra alt\u0131 ay \u0259rzind\u0259 m\u0259s\u0259l\u0259y\u0259 dair d\u0259qiq hesabat haz\u0131rlayaca\u011f\u0131n\u0131 b\u0259yan edib.<\/p>\n","protected":false},"excerpt":{"rendered":"<p>Bir m\u00fcdd\u0259t \u00f6nc\u0259 Fransan\u0131n Sanitar t\u0259hl\u00fck\u0259sizlik m\u0259s\u0259l\u0259l\u0259ri \u00fczr\u0259 Milli Agentlinin u\u015faq bezl\u0259ri il\u0259 ba\u011fl\u0131 a\u00e7\u0131qlad\u0131\u011f\u0131 d\u0259h\u015f\u0259tli hesabat Fransada valideynl\u0259rin ciddi narahatl\u0131\u011f\u0131na s\u0259b\u0259b olub. ARANTV.AZ Sherg.az-a istinad\u0259n x\u0259b\u0259rin\u0259 g\u00f6r\u0259, s\u00f6z\u00fcged\u0259n hesabatda qeyd olunur ki, b\u0259zi u\u015faq bezl\u0259ri haz\u0131rlanark\u0259n onun t\u0259rkibin\u0259 t\u0259hl\u00fck\u0259li kimy\u0259vi madd\u0259l\u0259r vurulur ki, bu madd\u0259l\u0259r u\u015fa\u011f\u0131n sa\u011flaml\u0131\u011f\u0131na ciddi ziyan vuru. Bundan ba\u015fqa m\u0259lumatda o da vur\u011fulan\u0131r ki, bu kimy\u0259vi madd\u0259l\u0259r kanserogendir, y\u0259ni x\u0259r\u00e7\u0259ngin inki\u015faf\u0131na s\u0259b\u0259b olur. Qeyd ed\u0259k ki, Fransa h\u00f6kum\u0259ti valideynl\u0259rin bu narahatl\u0131q v\u0259 naraz\u0131l\u0131\u011f\u0131na d\u0259rhal reaksiya verib. S\u0259hiyy\u0259 naziri Anye B\u00fczin Ekologiya naziri Fransua d\u00f6 Riqi, \u0130qtisadiyyat&hellip;<\/p>\n","protected":false},"author":2,"featured_media":34655,"comment_status":"closed","ping_status":"closed","sticky":false,"template":"","format":"standard","meta":{"om_disable_all_campaigns":false,"_monsterinsights_skip_tracking":false,"_monsterinsights_sitenote_active":false,"_monsterinsights_sitenote_note":"","_monsterinsights_sitenote_category":0},"categories":[1],"tags":[],"aioseo_notices":[],"gutentor_comment":0,"rttpg_featured_image_url":{"full":["https:\/\/arantv.az\/wp-content\/uploads\/2019\/01\/pampers_63.jpg",640,435,false],"landscape":["https:\/\/arantv.az\/wp-content\/uploads\/2019\/01\/pampers_63.jpg",640,435,false],"portraits":["https:\/\/arantv.az\/wp-content\/uploads\/2019\/01\/pampers_63.jpg",640,435,false],"thumbnail":["https:\/\/arantv.az\/wp-content\/uploads\/2019\/01\/pampers_63-150x150.jpg",150,150,true],"medium":["https:\/\/arantv.az\/wp-content\/uploads\/2019\/01\/pampers_63-300x204.jpg",300,204,true],"large":["https:\/\/arantv.az\/wp-content\/uploads\/2019\/01\/pampers_63.jpg",640,435,false],"1536x1536":["https:\/\/arantv.az\/wp-content\/uploads\/2019\/01\/pampers_63.jpg",640,435,false],"2048x2048":["https:\/\/arantv.az\/wp-content\/uploads\/2019\/01\/pampers_63.jpg",640,435,false],"post-thumbnail":["https:\/\/arantv.az\/wp-content\/uploads\/2019\/01\/pampers_63-240x172.jpg",240,172,true],"advps-thumb-one":["https:\/\/arantv.az\/wp-content\/uploads\/2019\/01\/pampers_63.jpg",640,435,false]},"rttpg_author":{"display_name":"V\u00fcsal Rafiqo\u011flu","author_link":"https:\/\/arantv.az\/?author=2"},"rttpg_comment":0,"rttpg_category":"<a href=\"https:\/\/arantv.az\/?cat=1\" rel=\"category\">C\u0259miyy\u0259t<\/a>","rttpg_excerpt":"Bir m\u00fcdd\u0259t \u00f6nc\u0259 Fransan\u0131n Sanitar t\u0259hl\u00fck\u0259sizlik m\u0259s\u0259l\u0259l\u0259ri \u00fczr\u0259 Milli Agentlinin u\u015faq bezl\u0259ri il\u0259 ba\u011fl\u0131 a\u00e7\u0131qlad\u0131\u011f\u0131 d\u0259h\u015f\u0259tli hesabat Fransada valideynl\u0259rin ciddi narahatl\u0131\u011f\u0131na s\u0259b\u0259b olub. ARANTV.AZ Sherg.az-a istinad\u0259n x\u0259b\u0259rin\u0259 g\u00f6r\u0259, s\u00f6z\u00fcged\u0259n hesabatda qeyd olunur ki, b\u0259zi u\u015faq bezl\u0259ri haz\u0131rlanark\u0259n onun t\u0259rkibin\u0259 t\u0259hl\u00fck\u0259li kimy\u0259vi madd\u0259l\u0259r vurulur ki, bu madd\u0259l\u0259r u\u015fa\u011f\u0131n sa\u011flaml\u0131\u011f\u0131na ciddi ziyan vuru. Bundan ba\u015fqa m\u0259lumatda o&hellip;","_links":{"self":[{"href":"https:\/\/arantv.az\/index.php?rest_route=\/wp\/v2\/posts\/34654"}],"collection":[{"href":"https:\/\/arantv.az\/index.php?rest_route=\/wp\/v2\/posts"}],"about":[{"href":"https:\/\/arantv.az\/index.php?rest_route=\/wp\/v2\/types\/post"}],"author":[{"embeddable":true,"href":"https:\/\/arantv.az\/index.php?rest_route=\/wp\/v2\/users\/2"}],"replies":[{"embeddable":true,"href":"https:\/\/arantv.az\/index.php?rest_route=%2Fwp%2Fv2%2Fcomments&post=34654"}],"version-history":[{"count":0,"href":"https:\/\/arantv.az\/index.php?rest_route=\/wp\/v2\/posts\/34654\/revisions"}],"wp:featuredmedia":[{"embeddable":true,"href":"https:\/\/arantv.az\/index.php?rest_route=\/wp\/v2\/media\/34655"}],"wp:attachment":[{"href":"https:\/\/arantv.az\/index.php?rest_route=%2Fwp%2Fv2%2Fmedia&parent=34654"}],"wp:term":[{"taxonomy":"category","embeddable":true,"href":"https:\/\/arantv.az\/index.php?rest_route=%2Fwp%2Fv2%2Fcategories&post=34654"},{"taxonomy":"post_tag","embeddable":true,"href":"https:\/\/arantv.az\/index.php?rest_route=%2Fwp%2Fv2%2Ftags&post=34654"}],"curies":[{"name":"wp","href":"https:\/\/api.w.org\/{rel}","templated":true}]}}