{"id":34663,"date":"2019-01-24T14:16:13","date_gmt":"2019-01-24T11:16:13","guid":{"rendered":"http:\/\/arantv.az\/?p=34663"},"modified":"2019-01-24T14:16:13","modified_gmt":"2019-01-24T11:16:13","slug":"az%c9%99rbaycanda-%c9%99lilliyi-olan-s%c9%99xsl%c9%99rin-t%c9%99hsili-isl%c9%99-t%c9%99minati-onlarin-sosial-v%c9%99ziyy%c9%99tinin-yaxsilasdirilmasi-istiqam%c9%99tind%c9%99-ciddi-addimlar-atilir","status":"publish","type":"post","link":"https:\/\/arantv.az\/?p=34663","title":{"rendered":"Az\u0259rbaycanda \u0259lilliyi olan \u015f\u0259xsl\u0259rin t\u0259hsili, i\u015fl\u0259 t\u0259minat\u0131, onlar\u0131n sosial v\u0259ziyy\u0259tinin yax\u015f\u0131la\u015fd\u0131r\u0131lmas\u0131 istiqam\u0259tind\u0259 ciddi add\u0131mlar at\u0131l\u0131r"},"content":{"rendered":"<p><strong>ARANTV.AZ<\/strong> x\u0259b\u0259r verir ki, Strasburqda A\u015ePA-n\u0131n q\u0131\u015f sessiyas\u0131 davam edir. Sessiya \u00e7\u0259r\u00e7iv\u0259sind\u0259 \u0259lilliyi olan \u015f\u0259xsl\u0259rin sosial m\u00fcdafi\u0259si sah\u0259sind\u0259 \u00f6lk\u0259mizin u\u011furlu t\u0259cr\u00fcb\u0259sind\u0259n dan\u0131\u015f\u0131l\u0131b. M\u0259d\u0259niyy\u0259t, elm, t\u0259hsil v\u0259 media komit\u0259sinin t\u0259qdim etdiyi \u201c\u0130nternet v\u0259 insan h\u00fcquqlar\u0131\u201d m\u00f6vzusunda m\u0259ruz\u0259nin m\u00fczakir\u0259si zaman\u0131 is\u0259 Az\u0259rbaycandak\u0131 azad internet m\u00fchitind\u0259n b\u0259hs olunub.<\/p>\n<p>Az\u0259rbaycanda \u0259lilliyi olan \u015f\u0259xsl\u0259rin t\u0259hsili, i\u015fl\u0259 t\u0259minat\u0131, onlar\u0131n sosial v\u0259ziyy\u0259tinin yax\u015f\u0131la\u015fd\u0131r\u0131lmas\u0131 istiqam\u0259tind\u0259 h\u0259m qanunvericilik, h\u0259m d\u0259 h\u00f6k\u00fcm\u0259t s\u0259viyy\u0259sind\u0259 ciddi add\u0131mlar at\u0131l\u0131r. Bu fikirl\u0259r Avropa \u015euras\u0131 Parlament Assambleyas\u0131n\u0131n q\u0131\u015f sessiyas\u0131nda s\u0259sl\u0259ndirildi. \u201c\u018flilliyi olan \u015f\u0259xsl\u0259r\u00a0 i\u015f\u00e7i q\u00fcvv\u0259si kimi\u201d m\u00f6vzular\u0131na h\u0259sr edil\u0259n m\u00fczakir\u0259l\u0259r zaman\u0131 az\u0259rbaycanl\u0131 parlamentaril\u0259r \u00f6lk\u0259mizin bu sah\u0259d\u0259ki t\u0259cr\u00fcb\u0259si haqq\u0131nda \u0259trafl\u0131 m\u0259lumat verdil\u0259r. Qeyd edildi ki, \u0259lill\u0259rin i\u015fl\u0259 t\u0259minat\u0131 il\u0259 ba\u011fl\u0131 qanunvericilikd\u0259 z\u0259ruri islahatlar apar\u0131l\u0131b. Qanuna \u0259sas\u0259n, Az\u0259rbaycanda d\u00f6vl\u0259t v\u0259 ya \u00f6z\u0259l sektor olmas\u0131ndan as\u0131l\u0131 olmayaraq, i\u015f yerind\u0259 h\u0259r 25 i\u015f\u00e7id\u0259n biri \u0259lilliyi olan \u015f\u0259xs olmal\u0131d\u0131r. \u018flill\u0259r \u00fc\u00e7\u00fcn h\u0259ft\u0259d\u0259 36 saatdan \u00e7ox olmayan q\u0131sald\u0131lm\u0131\u015f i\u015f vaxt\u0131 m\u00fc\u0259yy\u0259n edilib. Avropa \u015euras\u0131 Parlament Assambleyas\u0131 \u00fczvl\u0259rinin diqq\u0259tin\u0259 o da \u00e7atd\u0131r\u0131ld\u0131 ki, Az\u0259rbaycanda 50 mind\u0259n art\u0131q insan Erm\u0259nistan\u0131n t\u0259cav\u00fcz\u00fc n\u0259tic\u0259sind\u0259 \u0259m\u0259k qabiliyy\u0259tl\u0259rini itirib v\u0259 \u0259lillik d\u0259r\u0259c\u0259si al\u0131b. Erm\u0259ni terrorunun v\u0259 bu g\u00fcn\u0259 q\u0259d\u0259r c\u0259zas\u0131z qalan cinay\u0259tl\u0259rinin qurban\u0131 olan bu insanlar m\u00fcnaqi\u015f\u0259nin tezlikl\u0259 h\u0259llini g\u00f6zl\u0259yir. Bu yolda aidiyyat\u0131 beyn\u0259lxalq qurumlardan, o c\u00fcml\u0259d\u0259n Avropa \u015euras\u0131ndan \u0259m\u0259li add\u0131mlar atmas\u0131n\u0131 t\u0259l\u0259b edirl\u0259r. Parlament Assambleyas\u0131nda m\u00fczakir\u0259l\u0259r zaman\u0131 bildirilib ki, \u0259lilliyi olan \u015f\u0259xsl\u0259rin \u0259m\u0259k bazar\u0131na c\u0259lb olunmas\u0131 \u00fc\u00e7\u00fcn ilk v\u0259 vacib m\u0259s\u0259l\u0259l\u0259rd\u0259n biri inkl\u00fcziv t\u0259hsildir. Az\u0259rbaycan h\u0259yata ke\u00e7irdiyi layih\u0259l\u0259rl\u0259 bu sah\u0259d\u0259 d\u0259 Avropada \u00f6n s\u0131ralarda yer tutur. \u00d6lk\u0259mizd\u0259\u00a0 &#8220;Sa\u011flaml\u0131q imkanlar\u0131 m\u0259hdud \u015f\u0259xsl\u0259rin t\u0259hsili haqq\u0131nda&#8221; qanun q\u0259bul edilib. &#8220;X\u00fcsusi qay\u011f\u0131ya ehtiyac\u0131 olan u\u015faqlar\u0131n t\u0259hsilinin t\u0259\u015fkili il\u0259 \u0259laq\u0259dar proqram t\u0259sdiql\u0259nib. Bu proqram 30-d\u0259k t\u0259hsil m\u00fc\u0259ssis\u0259sini, 100-l\u0259rl\u0259 \u0259lil u\u015fa\u011f\u0131 \u0259hat\u0259 edib. M\u00fczakir\u0259l\u0259r zaman\u0131 Az\u0259rbaycan\u0131n \u0259lil v\u0259t\u0259nda\u015flara d\u00f6vl\u0259t qay\u011f\u0131s\u0131 y\u00fcks\u0259k qiym\u0259tl\u0259ndirildi.\u00a0 Avropa \u015euras\u0131 Parlament Assambleyas\u0131n\u0131n q\u0131\u015f sessiyas\u0131 \u00e7\u0259r\u00e7iv\u0259sind\u0259 assambleyan\u0131n m\u0259d\u0259niyy\u0259t, elm, t\u0259hsil v\u0259 media komit\u0259sind\u0259 t\u0259qdim olunan \u201c\u0130nternet v\u0259 insan h\u00fcquqlar\u0131\u201d m\u00f6vzusunda m\u0259ruz\u0259nin m\u00fczakir\u0259si zaman\u0131 da\u00a0 Az\u0259rbaycandak\u0131 azad internet m\u00fchitind\u0259n b\u0259hs olundu. Bildirildi ki, \u00f6lk\u0259mizd\u0259 kifay\u0259t q\u0259d\u0259r m\u00fcnbit media m\u00fchiti var. Diqq\u0259t\u0259 \u00e7atd\u0131r\u0131ld\u0131 ki, Az\u0259rbaycanda bu g\u00fcn 40-a yax\u0131n g\u00fcnd\u0259lik, 200-d\u0259n \u00e7ox h\u0259ft\u0259lik v\u0259 ayl\u0131q q\u0259zet var, 100-\u0259 yax\u0131n jurnal n\u0259\u015fr olunur. Az\u0259rbaycanda bu g\u00fcn 3 milyondan \u00e7ox insan sosial \u015f\u0259b\u0259k\u0259d\u0259n istifad\u0259 edir. \u018fhalisi 10 milyon olan bir \u00f6lk\u0259 \u00fc\u00e7\u00fcn bu sah\u0259 \u00fczr\u0259 r\u0259q\u0259ml\u0259r q\u0259na\u0259tb\u0259x\u015f hesab edilir.<\/p>\n","protected":false},"excerpt":{"rendered":"<p>ARANTV.AZ x\u0259b\u0259r verir ki, Strasburqda A\u015ePA-n\u0131n q\u0131\u015f sessiyas\u0131 davam edir. Sessiya \u00e7\u0259r\u00e7iv\u0259sind\u0259 \u0259lilliyi olan \u015f\u0259xsl\u0259rin sosial m\u00fcdafi\u0259si sah\u0259sind\u0259 \u00f6lk\u0259mizin u\u011furlu t\u0259cr\u00fcb\u0259sind\u0259n dan\u0131\u015f\u0131l\u0131b. M\u0259d\u0259niyy\u0259t, elm, t\u0259hsil v\u0259 media komit\u0259sinin t\u0259qdim etdiyi \u201c\u0130nternet v\u0259 insan h\u00fcquqlar\u0131\u201d m\u00f6vzusunda m\u0259ruz\u0259nin m\u00fczakir\u0259si zaman\u0131 is\u0259 Az\u0259rbaycandak\u0131 azad internet m\u00fchitind\u0259n b\u0259hs olunub. Az\u0259rbaycanda \u0259lilliyi olan \u015f\u0259xsl\u0259rin t\u0259hsili, i\u015fl\u0259 t\u0259minat\u0131, onlar\u0131n sosial v\u0259ziyy\u0259tinin yax\u015f\u0131la\u015fd\u0131r\u0131lmas\u0131 istiqam\u0259tind\u0259 h\u0259m qanunvericilik, h\u0259m d\u0259 h\u00f6k\u00fcm\u0259t s\u0259viyy\u0259sind\u0259 ciddi add\u0131mlar at\u0131l\u0131r. Bu fikirl\u0259r Avropa \u015euras\u0131 Parlament Assambleyas\u0131n\u0131n q\u0131\u015f sessiyas\u0131nda s\u0259sl\u0259ndirildi. \u201c\u018flilliyi olan \u015f\u0259xsl\u0259r\u00a0 i\u015f\u00e7i q\u00fcvv\u0259si kimi\u201d m\u00f6vzular\u0131na h\u0259sr edil\u0259n m\u00fczakir\u0259l\u0259r zaman\u0131 az\u0259rbaycanl\u0131 parlamentaril\u0259r \u00f6lk\u0259mizin bu&hellip;<\/p>\n","protected":false},"author":2,"featured_media":34664,"comment_status":"closed","ping_status":"closed","sticky":false,"template":"","format":"standard","meta":{"om_disable_all_campaigns":false,"_monsterinsights_skip_tracking":false,"_monsterinsights_sitenote_active":false,"_monsterinsights_sitenote_note":"","_monsterinsights_sitenote_category":0},"categories":[4],"tags":[],"aioseo_notices":[],"gutentor_comment":0,"rttpg_featured_image_url":{"full":["https:\/\/arantv.az\/wp-content\/uploads\/2019\/01\/7hhspsic26kc8qefv526h0qk46aspa-1.jpg",1000,541,false],"landscape":["https:\/\/arantv.az\/wp-content\/uploads\/2019\/01\/7hhspsic26kc8qefv526h0qk46aspa-1.jpg",1000,541,false],"portraits":["https:\/\/arantv.az\/wp-content\/uploads\/2019\/01\/7hhspsic26kc8qefv526h0qk46aspa-1.jpg",1000,541,false],"thumbnail":["https:\/\/arantv.az\/wp-content\/uploads\/2019\/01\/7hhspsic26kc8qefv526h0qk46aspa-1-150x150.jpg",150,150,true],"medium":["https:\/\/arantv.az\/wp-content\/uploads\/2019\/01\/7hhspsic26kc8qefv526h0qk46aspa-1-300x162.jpg",300,162,true],"large":["https:\/\/arantv.az\/wp-content\/uploads\/2019\/01\/7hhspsic26kc8qefv526h0qk46aspa-1.jpg",640,346,false],"1536x1536":["https:\/\/arantv.az\/wp-content\/uploads\/2019\/01\/7hhspsic26kc8qefv526h0qk46aspa-1.jpg",1000,541,false],"2048x2048":["https:\/\/arantv.az\/wp-content\/uploads\/2019\/01\/7hhspsic26kc8qefv526h0qk46aspa-1.jpg",1000,541,false],"post-thumbnail":["https:\/\/arantv.az\/wp-content\/uploads\/2019\/01\/7hhspsic26kc8qefv526h0qk46aspa-1-240x172.jpg",240,172,true],"advps-thumb-one":["https:\/\/arantv.az\/wp-content\/uploads\/2019\/01\/7hhspsic26kc8qefv526h0qk46aspa-1.jpg",1000,541,false]},"rttpg_author":{"display_name":"V\u00fcsal Rafiqo\u011flu","author_link":"https:\/\/arantv.az\/?author=2"},"rttpg_comment":0,"rttpg_category":"<a href=\"https:\/\/arantv.az\/?cat=4\" rel=\"category\">Siyas\u0259t<\/a>","rttpg_excerpt":"ARANTV.AZ x\u0259b\u0259r verir ki, Strasburqda A\u015ePA-n\u0131n q\u0131\u015f sessiyas\u0131 davam edir. Sessiya \u00e7\u0259r\u00e7iv\u0259sind\u0259 \u0259lilliyi olan \u015f\u0259xsl\u0259rin sosial m\u00fcdafi\u0259si sah\u0259sind\u0259 \u00f6lk\u0259mizin u\u011furlu t\u0259cr\u00fcb\u0259sind\u0259n dan\u0131\u015f\u0131l\u0131b. M\u0259d\u0259niyy\u0259t, elm, t\u0259hsil v\u0259 media komit\u0259sinin t\u0259qdim etdiyi \u201c\u0130nternet v\u0259 insan h\u00fcquqlar\u0131\u201d m\u00f6vzusunda m\u0259ruz\u0259nin m\u00fczakir\u0259si zaman\u0131 is\u0259 Az\u0259rbaycandak\u0131 azad internet m\u00fchitind\u0259n b\u0259hs olunub. Az\u0259rbaycanda \u0259lilliyi olan \u015f\u0259xsl\u0259rin t\u0259hsili, i\u015fl\u0259 t\u0259minat\u0131, onlar\u0131n sosial v\u0259ziyy\u0259tinin&hellip;","_links":{"self":[{"href":"https:\/\/arantv.az\/index.php?rest_route=\/wp\/v2\/posts\/34663"}],"collection":[{"href":"https:\/\/arantv.az\/index.php?rest_route=\/wp\/v2\/posts"}],"about":[{"href":"https:\/\/arantv.az\/index.php?rest_route=\/wp\/v2\/types\/post"}],"author":[{"embeddable":true,"href":"https:\/\/arantv.az\/index.php?rest_route=\/wp\/v2\/users\/2"}],"replies":[{"embeddable":true,"href":"https:\/\/arantv.az\/index.php?rest_route=%2Fwp%2Fv2%2Fcomments&post=34663"}],"version-history":[{"count":0,"href":"https:\/\/arantv.az\/index.php?rest_route=\/wp\/v2\/posts\/34663\/revisions"}],"wp:featuredmedia":[{"embeddable":true,"href":"https:\/\/arantv.az\/index.php?rest_route=\/wp\/v2\/media\/34664"}],"wp:attachment":[{"href":"https:\/\/arantv.az\/index.php?rest_route=%2Fwp%2Fv2%2Fmedia&parent=34663"}],"wp:term":[{"taxonomy":"category","embeddable":true,"href":"https:\/\/arantv.az\/index.php?rest_route=%2Fwp%2Fv2%2Fcategories&post=34663"},{"taxonomy":"post_tag","embeddable":true,"href":"https:\/\/arantv.az\/index.php?rest_route=%2Fwp%2Fv2%2Ftags&post=34663"}],"curies":[{"name":"wp","href":"https:\/\/api.w.org\/{rel}","templated":true}]}}