{"id":34669,"date":"2019-01-24T14:26:52","date_gmt":"2019-01-24T11:26:52","guid":{"rendered":"http:\/\/arantv.az\/?p=34669"},"modified":"2019-01-24T14:26:52","modified_gmt":"2019-01-24T11:26:52","slug":"az%c9%99risiqda-kadr-d%c9%99yisikliyi","status":"publish","type":"post","link":"https:\/\/arantv.az\/?p=34669","title":{"rendered":"&#8220;Az\u0259ri\u015f\u0131q&#8221;da kadr d\u0259yi\u015fikliyi"},"content":{"rendered":"<div class=\"spot\">&#8220;Az\u0259ri\u015f\u0131q&#8221; ASC-nin Bak\u0131 regionunun Ba\u011flar Enerji T\u0259chizat\u0131 v\u0259 Sat\u0131\u015f\u0131 \u0130dar\u0259sinin (ETS\u0130) r\u0259isi Tahir \u018fliyev tutdu\u011fu v\u0259zif\u0259d\u0259n azad edilib.<\/div>\n<p><strong>ARANTV.AZ<\/strong>-\u0131n Report-a istinad\u0259n verdiyi m\u0259lumata g\u00f6r\u0259, onun yerin\u0259 Rasim H\u0259s\u0259nov t\u0259yin edilib.<\/p>\n<p>H\u0259m\u00e7inin, &#8220;Az\u0259ri\u015f\u0131q&#8221;\u0131n Texniki departamentin\u0259 yeni direktor t\u0259yin edilib. Bu v\u0259zif\u0259 \u0259vv\u0259ll\u0259r h\u0259min departamentd\u0259 Texniki idar\u0259nin r\u0259isi i\u015fl\u0259mi\u015f Q\u0259dir \u0130smay\u0131lova h\u0259val\u0259 edilib.<\/p>\n<p>&#8220;Az\u0259ri\u015f\u0131q&#8221;\u0131n m\u0259tbuat xidm\u0259tinin r\u0259hb\u0259ri Tanr\u0131verdi Mustafayev &#8220;Report&#8221;a a\u00e7\u0131qlamas\u0131nda fakt\u0131 t\u0259sdiql\u0259yib.<\/p>\n<div id=\"AdributorNativeVideo0\" class=\"AdributorNativeVideo\"><\/div>\n<p>Qeyd ed\u0259k ki, &#8220;Az\u0259ri\u015f\u0131q&#8221;\u0131n Texniki departamentinin ke\u00e7mi\u015f r\u0259isi Ziy\u0259ddin Quliyev &#8220;Az\u0259renerji&#8221; ASC-y\u0259 vitse-prezident t\u0259yin edilib.<\/p>\n","protected":false},"excerpt":{"rendered":"<p>&#8220;Az\u0259ri\u015f\u0131q&#8221; ASC-nin Bak\u0131 regionunun Ba\u011flar Enerji T\u0259chizat\u0131 v\u0259 Sat\u0131\u015f\u0131 \u0130dar\u0259sinin (ETS\u0130) r\u0259isi Tahir \u018fliyev tutdu\u011fu v\u0259zif\u0259d\u0259n azad edilib. ARANTV.AZ-\u0131n Report-a istinad\u0259n verdiyi m\u0259lumata g\u00f6r\u0259, onun yerin\u0259 Rasim H\u0259s\u0259nov t\u0259yin edilib. H\u0259m\u00e7inin, &#8220;Az\u0259ri\u015f\u0131q&#8221;\u0131n Texniki departamentin\u0259 yeni direktor t\u0259yin edilib. Bu v\u0259zif\u0259 \u0259vv\u0259ll\u0259r h\u0259min departamentd\u0259 Texniki idar\u0259nin r\u0259isi i\u015fl\u0259mi\u015f Q\u0259dir \u0130smay\u0131lova h\u0259val\u0259 edilib. &#8220;Az\u0259ri\u015f\u0131q&#8221;\u0131n m\u0259tbuat xidm\u0259tinin r\u0259hb\u0259ri Tanr\u0131verdi Mustafayev &#8220;Report&#8221;a a\u00e7\u0131qlamas\u0131nda fakt\u0131 t\u0259sdiql\u0259yib. Qeyd ed\u0259k ki, &#8220;Az\u0259ri\u015f\u0131q&#8221;\u0131n Texniki departamentinin ke\u00e7mi\u015f r\u0259isi Ziy\u0259ddin Quliyev &#8220;Az\u0259renerji&#8221; ASC-y\u0259 vitse-prezident t\u0259yin edilib.<\/p>\n","protected":false},"author":2,"featured_media":34670,"comment_status":"closed","ping_status":"closed","sticky":false,"template":"","format":"standard","meta":{"om_disable_all_campaigns":false,"_monsterinsights_skip_tracking":false,"_monsterinsights_sitenote_active":false,"_monsterinsights_sitenote_note":"","_monsterinsights_sitenote_category":0},"categories":[1],"tags":[],"aioseo_notices":[],"gutentor_comment":0,"rttpg_featured_image_url":{"full":["https:\/\/arantv.az\/wp-content\/uploads\/2019\/01\/istefa.jpg",620,375,false],"landscape":["https:\/\/arantv.az\/wp-content\/uploads\/2019\/01\/istefa.jpg",620,375,false],"portraits":["https:\/\/arantv.az\/wp-content\/uploads\/2019\/01\/istefa.jpg",620,375,false],"thumbnail":["https:\/\/arantv.az\/wp-content\/uploads\/2019\/01\/istefa-150x150.jpg",150,150,true],"medium":["https:\/\/arantv.az\/wp-content\/uploads\/2019\/01\/istefa-300x181.jpg",300,181,true],"large":["https:\/\/arantv.az\/wp-content\/uploads\/2019\/01\/istefa.jpg",620,375,false],"1536x1536":["https:\/\/arantv.az\/wp-content\/uploads\/2019\/01\/istefa.jpg",620,375,false],"2048x2048":["https:\/\/arantv.az\/wp-content\/uploads\/2019\/01\/istefa.jpg",620,375,false],"post-thumbnail":["https:\/\/arantv.az\/wp-content\/uploads\/2019\/01\/istefa-240x172.jpg",240,172,true],"advps-thumb-one":["https:\/\/arantv.az\/wp-content\/uploads\/2019\/01\/istefa.jpg",620,375,false]},"rttpg_author":{"display_name":"V\u00fcsal Rafiqo\u011flu","author_link":"https:\/\/arantv.az\/?author=2"},"rttpg_comment":0,"rttpg_category":"<a href=\"https:\/\/arantv.az\/?cat=1\" rel=\"category\">C\u0259miyy\u0259t<\/a>","rttpg_excerpt":"&#8220;Az\u0259ri\u015f\u0131q&#8221; ASC-nin Bak\u0131 regionunun Ba\u011flar Enerji T\u0259chizat\u0131 v\u0259 Sat\u0131\u015f\u0131 \u0130dar\u0259sinin (ETS\u0130) r\u0259isi Tahir \u018fliyev tutdu\u011fu v\u0259zif\u0259d\u0259n azad edilib. ARANTV.AZ-\u0131n Report-a istinad\u0259n verdiyi m\u0259lumata g\u00f6r\u0259, onun yerin\u0259 Rasim H\u0259s\u0259nov t\u0259yin edilib. H\u0259m\u00e7inin, &#8220;Az\u0259ri\u015f\u0131q&#8221;\u0131n Texniki departamentin\u0259 yeni direktor t\u0259yin edilib. Bu v\u0259zif\u0259 \u0259vv\u0259ll\u0259r h\u0259min departamentd\u0259 Texniki idar\u0259nin r\u0259isi i\u015fl\u0259mi\u015f Q\u0259dir \u0130smay\u0131lova h\u0259val\u0259 edilib. &#8220;Az\u0259ri\u015f\u0131q&#8221;\u0131n m\u0259tbuat xidm\u0259tinin r\u0259hb\u0259ri&hellip;","_links":{"self":[{"href":"https:\/\/arantv.az\/index.php?rest_route=\/wp\/v2\/posts\/34669"}],"collection":[{"href":"https:\/\/arantv.az\/index.php?rest_route=\/wp\/v2\/posts"}],"about":[{"href":"https:\/\/arantv.az\/index.php?rest_route=\/wp\/v2\/types\/post"}],"author":[{"embeddable":true,"href":"https:\/\/arantv.az\/index.php?rest_route=\/wp\/v2\/users\/2"}],"replies":[{"embeddable":true,"href":"https:\/\/arantv.az\/index.php?rest_route=%2Fwp%2Fv2%2Fcomments&post=34669"}],"version-history":[{"count":0,"href":"https:\/\/arantv.az\/index.php?rest_route=\/wp\/v2\/posts\/34669\/revisions"}],"wp:featuredmedia":[{"embeddable":true,"href":"https:\/\/arantv.az\/index.php?rest_route=\/wp\/v2\/media\/34670"}],"wp:attachment":[{"href":"https:\/\/arantv.az\/index.php?rest_route=%2Fwp%2Fv2%2Fmedia&parent=34669"}],"wp:term":[{"taxonomy":"category","embeddable":true,"href":"https:\/\/arantv.az\/index.php?rest_route=%2Fwp%2Fv2%2Fcategories&post=34669"},{"taxonomy":"post_tag","embeddable":true,"href":"https:\/\/arantv.az\/index.php?rest_route=%2Fwp%2Fv2%2Ftags&post=34669"}],"curies":[{"name":"wp","href":"https:\/\/api.w.org\/{rel}","templated":true}]}}