{"id":347117,"date":"2021-06-15T07:45:12","date_gmt":"2021-06-15T04:45:12","guid":{"rendered":"http:\/\/arantv.az\/?p=347117"},"modified":"2021-06-15T07:45:12","modified_gmt":"2021-06-15T04:45:12","slug":"milli-qurtulusdan-z%c9%99f%c9%99r%c9%99-ged%c9%99n-yol-heyd%c9%99r-%c9%99liyev-strategiyasi","status":"publish","type":"post","link":"https:\/\/arantv.az\/?p=347117","title":{"rendered":"Milli Qurtulu\u015fdan Z\u0259f\u0259r\u0259 ged\u0259n yol: Heyd\u0259r \u018fliyev STRATEG\u0130YASI"},"content":{"rendered":"<p><strong>Bu g\u00fcn \u2013 15 iyun Az\u0259rbaycan xalq\u0131 Milli Qurtulu\u015f tarixinin 28-ci ild\u00f6n\u00fcm\u00fcn\u00fc qeyd edir, h\u0259m d\u0259 28 il \u00f6nc\u0259 &#8211; AXC-M\u00fcsavat hakimiyy\u0259ti d\u00f6vr\u00fcnd\u0259 ya\u015fad\u0131qlar\u0131n\u0131 yenid\u0259n xat\u0131rlay\u0131r, \u201cHeyd\u0259r \u018fliyev g\u0259lm\u0259s\u0259ydi, n\u0259l\u0259r olacaqd\u0131\u201d sual\u0131n\u0131 yenid\u0259n g\u00fcnd\u0259m\u0259 g\u0259tirir v\u0259 bir daha \u201cYax\u015f\u0131 ki, can\u0131m\u0131z Xalq C\u0259bh\u0259sinin \u0259lind\u0259n qurtard\u0131\u201d deyir, m\u0259rhum prezident \u018fb\u00fclf\u0259z El\u00e7ib\u0259yin dediyi kimi: \u201cXalq deyir ki, ka\u015f can\u0131m\u0131z qurtarayd\u0131 bu Xalq C\u0259bh\u0259sinin \u0259lind\u0259n\u201d.<\/strong><\/p>\n<p>H\u0259min tarixd\u0259n 28 il ke\u00e7ib v\u0259 Az\u0259rbaycanda xalq hakimiyy\u0259ti qurulub: daha insanlar k\u00fc\u00e7\u0259d\u0259 soyulmaq, fiziki t\u0259qib\u0259 m\u0259ruz qalmaq qorxusu il\u0259 g\u0259zmir, \u00f6lk\u0259d\u0259 qanunlar\u0131 \u201cyazan v\u0259 pozan\u201d, \u201cyaz\u0131lmam\u0131\u015f qanunlar\u201d qoyan d\u0259st\u0259l\u0259r yoxdur, ordu silahl\u0131 qrupla\u015fmalar\u0131n \u0259lind\u0259 \u0259sir deyil, komandirl\u0259rl\u0259 m\u0259murlar \u201cn\u00fcfuz davas\u0131\u201d aparm\u0131r, \u00e7\u00f6r\u0259k n\u00f6vb\u0259l\u0259rin\u0259 dayanm\u0131r, \u201ca\u011f \u00e7\u00f6r\u0259yin\u201d x\u0259yal\u0131 il\u0259 yuxuya ged\u0259n insanlar qara \u00e7\u00f6r\u0259k u\u011frunda bir-birini d\u00f6ym\u00fcr, \u00f6lk\u0259 b\u00f6l\u00fcnm\u0259k t\u0259hl\u00fck\u0259si il\u0259 \u00fcz-\u00fcz\u0259 deyil&#8230;<\/p>\n<p>V\u0259 \u0259n m\u00fch\u00fcm, tarix bax\u0131mdan \u0259n vacib olan\u0131 bu g\u00fcn Az\u0259rbaycan 28 il \u00f6nc\u0259 Heyd\u0259r \u018fliyevin xalq\u0131n ist\u0259yi il\u0259 hakimiyy\u0259t\u0259 qay\u0131d\u0131\u015f\u0131na q\u0259d\u0259r itirdikl\u0259rini b\u0259rpa edib, m\u0259\u011flubiyy\u0259t sindromunu s\u0131nd\u0131r\u0131b, q\u0259l\u0259b\u0259 qazan\u0131b. Bu g\u00fcn qalib Az\u0259rbaycan var.<\/p>\n<p><strong>1993-c\u00fc il, 15 iyun:<\/strong>\u00a0Xalq anlay\u0131rd\u0131 ki, yegan\u0259 \u00e7\u0131x\u0131\u015f yolu m\u0259hz Heyd\u0259r \u018fliyevin qay\u0131d\u0131\u015f\u0131d\u0131r, buna g\u00f6r\u0259 d\u0259 onun Bak\u0131ya g\u0259lm\u0259sind\u0259 sona q\u0259d\u0259r israr etdi. Heyd\u0259r \u018fliyev xalq\u0131n \u00e7a\u011f\u0131r\u0131\u015f\u0131 il\u0259 Bak\u0131ya g\u0259ldi, 1993-c\u00fc il iyunun 15-d\u0259 Ali M\u0259clisin s\u0259dri se\u00e7ildi. Onun \u00f6lk\u0259ni da\u011f\u0131lmaqdan xilas etm\u0259k \u00fc\u00e7\u00fcn atd\u0131\u011f\u0131 add\u0131mlar v\u0259 \u0259ld\u0259 olunan n\u0259tic\u0259l\u0259r haql\u0131 olaraq, 15 iyunun Az\u0259rbaycan xalq\u0131n\u0131n tarixin\u0259 Milli Qurtulu\u015f g\u00fcn\u00fc kimi d\u00fc\u015fm\u0259sin\u0259 \u0259sas yaratd\u0131.<\/p>\n<p>Heyd\u0259r \u018fliyev hakimiyy\u0259t\u0259 qay\u0131dan kimi \u00f6lk\u0259nin par\u00e7alanmas\u0131 t\u0259hl\u00fck\u0259sini aradan qald\u0131rd\u0131, nizami ordu yaratd\u0131, asayi\u015f v\u0259 qayda-qanun b\u0259rq\u0259rar edildi, soy\u011fun\u00e7ulu\u011fa, v\u0259t\u0259nda\u015flar\u0131n \u0259mlak\u0131n\u0131n q\u0259sb olunmas\u0131na son qoyuldu, Qaraba\u011f m\u00fcharib\u0259sind\u0259 at\u0259\u015fk\u0259s \u0259ld\u0259 edildi, m\u00fcnaqi\u015f\u0259sinin dinc yolla nizama sal\u0131nmas\u0131na dair dan\u0131\u015f\u0131qlara ba\u015fland\u0131, idar\u0259etm\u0259 sistemi formala\u015fd\u0131r\u0131ld\u0131, insanlara \u00f6z d\u00f6vl\u0259tin\u0259 inam\u0131 qaytar\u0131ld\u0131, neft m\u00fcqavil\u0259l\u0259ri imzaland\u0131, Az\u0259rbaycan\u0131n iqtisadi dir\u00e7\u0259li\u015finin \u0259sas\u0131 qoyuldu, qanunsuz silahl\u0131 qrupla\u015fmalar\u0131n d\u00f6vl\u0259t \u00e7evrili\u015fl\u0259ri c\u0259hdl\u0259rin\u0259 son verildi, ilk parlament se\u00e7kil\u0259ri ke\u00e7irildi v\u0259 referendum yolu il\u0259 Konstitusiya q\u0259bul edildi, Az\u0259rbaycan\u0131n beyn\u0259lxalq \u0259laq\u0259l\u0259ri formala\u015fd\u0131r\u0131ld\u0131, \u00f6lk\u0259nin d\u00fcnya birliyin\u0259 inteqrasiyas\u0131 prosesi ba\u015fland\u0131. V\u0259 \u0259n \u0259sas\u0131 Az\u0259rbaycanda d\u00f6vl\u0259t\u00e7ilik \u0259n\u0259n\u0259si formala\u015fd\u0131rd\u0131.<\/p>\n<p>1994-c\u00fc ild\u0259 at\u0259\u015fk\u0259sin \u0259ld\u0259 edilm\u0259si bu istiqam\u0259td\u0259 \u0259n m\u00fch\u00fcm add\u0131mlardan biri idi. Heyd\u0259r \u018fliyevin \u0259sas qay\u0259si Az\u0259rbaycan\u0131 d\u00fc\u015fd\u00fcy\u00fc v\u0259ziyy\u0259td\u0259n xilas etm\u0259k, g\u00fcc balans\u0131n\u0131 \u00f6lk\u0259mizin xeyrin\u0259 d\u0259yi\u015fm\u0259k, bel\u0259 dem\u0259k m\u00fcmk\u00fcns\u0259, z\u0259if \u00f6lk\u0259ni d\u00fc\u015fd\u00fcy\u00fc bataql\u0131qdan xilas etm\u0259k \u00fc\u00e7\u00fcn n\u0259f\u0259s alma\u011fa imkan yaratmaq idi. At\u0259\u015fk\u0259sin imzalanmas\u0131 a\u011f\u0131r durumda olan Az\u0259rbaycana b\u00fct\u00fcn potensial\u0131n\u0131 s\u0259f\u0259rb\u0259r etm\u0259k, enerji layih\u0259l\u0259rinin h\u0259yata ke\u00e7irtm\u0259k, nizami ordu qurmaq, \u00f6lk\u0259mizin \u0259leyhin\u0259 olan h\u0259rbi-siyasi-iqtisadi v\u0259ziyy\u0259ti \u00f6lk\u0259mizin lehin\u0259 d\u0259yi\u015fm\u0259k \u00fc\u00e7\u00fcn vaxt qazanmaq bax\u0131m\u0131ndan \u00e7ox vacib v\u0259 d\u00fc\u015f\u00fcn\u00fclm\u00fc\u015f add\u0131m oldu.<\/p>\n<p>At\u0259\u015fk\u0259s sazi\u015fi iki aspektd\u0259n \u0259h\u0259miyy\u0259tli n\u0259tic\u0259nin \u0259ld\u0259 edilm\u0259sin\u0259 s\u0259b\u0259b oldu.<\/p>\n<p><strong>Birincisi,<\/strong>\u00a0\u201c\u018fsrin m\u00fcqavil\u0259si\u201d imzalanmas\u0131na \u015f\u0259rait yaratd\u0131. Neft kontraktlar\u0131 Az\u0259rbaycan\u0131n g\u0259l\u0259c\u0259k inki\u015faf\u0131na maddi t\u0259minat verdi, \u00f6lk\u0259mizin iqtisadi inki\u015faf\u0131, m\u00fcasir infrastrukturun yarad\u0131lmas\u0131, d\u00f6vl\u0259t proqramlar\u0131n\u0131n, yerli v\u0259 beyn\u0259lxalq layih\u0259l\u0259rin h\u0259yata ke\u00e7irilm\u0259si, g\u00fccl\u00fc h\u0259rbi potensial\u0131n formala\u015fd\u0131r\u0131lmas\u0131 v\u0259 dig\u0259r m\u0259s\u0259l\u0259l\u0259rin u\u011furlu h\u0259llinin t\u0259m\u0259lind\u0259 m\u0259hz \u201c\u018fsrin m\u00fcqavil\u0259si\u201d dayan\u0131r.<\/p>\n<p><strong>\u0130kincisi,<\/strong>\u00a0xarici g\u00fccl\u0259rl\u0259 qar\u015f\u0131l\u0131ql\u0131 b\u0259rab\u0259rh\u00fcquqlu \u0259laq\u0259l\u0259rin qurulmas\u0131na imkan yaratd\u0131. \u018fvv\u0259lki d\u00f6vrd\u0259 xaotik, m\u0259qs\u0259d v\u0259 m\u0259ram\u0131 ayd\u0131n olmayan xarici siyas\u0259t Az\u0259rbaycan\u0131n beyn\u0259lxalq al\u0259md\u0259n t\u0259crid olunmas\u0131na g\u0259tirib \u00e7\u0131xartm\u0131\u015fd\u0131. \u0130st\u0259r regionda, ist\u0259rs\u0259 d\u0259 d\u00fcnyada Az\u0259rbaycan t\u0259kl\u0259nmi\u015f v\u0259ziyy\u0259t\u0259 d\u00fc\u015fd\u00fc. H\u0259tta t\u0259cav\u00fcz\u0259 m\u0259ruz qalm\u0131\u015f Az\u0259rbaycana qar\u015f\u0131 \u0259dal\u0259tsiz \u201c907-ci d\u00fcz\u0259li\u015f\u201d q\u0259bul olundu. Hakimiyy\u0259t\u0259 g\u0259ldikd\u0259n sonra Heyd\u0259r \u018fliyev \u00f6lk\u0259mizin xarici \u0259laq\u0259l\u0259rinin inki\u015faf\u0131 etdirilm\u0259si, Az\u0259rbaycan\u0131n beyn\u0259lxalq m\u00fcnasib\u0259tl\u0259r sistemin\u0259 inteqrasiyas\u0131 yolunda ciddi add\u0131mlar atd\u0131. M\u0259hz onun m\u00fcdrik, d\u00fc\u015f\u00fcn\u00fclm\u00fc\u015f siyas\u0131\u0259ti n\u0259tic\u0259sind\u0259 Az\u0259rbaycan beyn\u0259lxalq t\u0259cridd\u0259n qurtularaq beyn\u0259lxalq birliyin layiqli \u00fczv\u00fcn\u0259 \u00e7evrildi.<\/p>\n<p>Erm\u0259nistan\u0131n birinci prezidenti Levon Ter-Petrosyan\u0131n bu g\u00fcnl\u0259rd\u0259 s\u0259sl\u0259ndirdiyi etiraflar h\u0259min d\u00f6vr\u00fc daha yax\u015f\u0131 anlama\u011fa imkan verir.<\/p>\n<p>Ter-Petrosyan deyir: \u201c<strong>Balans 97-98-ci ill\u0259rd\u0259 pozuldu. Az\u0259rbaycanda Beyn\u0259lxalq neft konsorsiumu yarananda. Bundan sonra \u018fliyevin s\u00f6z\u00fc d\u0259yi\u015fdi. Lissabon sammitind\u0259n sonra masada Qaraba\u011f haqq\u0131nda adi bir s\u0259n\u0259d qoyulmu\u015fdu. Y\u0259ni, AT\u018fT Qaraba\u011f m\u00fcnaqi\u015f\u0259sinin t\u0259nziml\u0259nm\u0259si m\u0259s\u0259l\u0259sind\u0259 \u0259sas rola malik idi. H\u0259min b\u0259y\u0259nnam\u0259 m\u00fczakir\u0259 olunan zaman, Vardan Voskanyan da orda idi, o bizi \u0259min etdi ki, h\u0259r \u015fey \u00f6z qaydas\u0131ndad\u0131r. Biz Lissabona \u00e7atanda, Voskanyan bizi qar\u015f\u0131lad\u0131, onun r\u0259ngi qa\u00e7m\u0131\u015fd\u0131, k\u0259k\u0259l\u0259y\u0259r\u0259k bildirdi ki, c\u0259nab prezident \u00f6t\u0259n g\u00fcn Amerika yeni q\u0259tnam\u0259 t\u0259klif edib v\u0259 bunu bizd\u0259n ba\u015fqa ham\u0131 il\u0259 raz\u0131la\u015fd\u0131r\u0131b. M\u0259n veto qoydum. H\u0259min q\u0259tnam\u0259nin Klintonun masas\u0131na nec\u0259 \u00e7atmas\u0131 haqq\u0131nda da m\u0259lumatl\u0131 idim. Bunu Texas\u0131n neft lobbisi etmi\u015fdi. Y\u0259ni, onlar bildirmi\u015fdi ki, \u018fliyev biz\u0259 xahi\u015f edib, bel\u0259 s\u0259n\u0259d Lissabonda t\u0259sdiq edilm\u0259lidir. H\u0259min vaxtdan Az\u0259rbaycan t\u0259r\u0259fi m\u00fc\u0259yy\u0259n d\u0259r\u0259c\u0259d\u0259 bundan ruhland\u0131, xarici q\u00fcvv\u0259l\u0259rin k\u00f6m\u0259yi hesab\u0131na \u00f6z m\u0259qs\u0259dl\u0259rin\u0259 \u00e7ata bil\u0259rdi. Bundan sonra \u018fliyev dan\u0131\u015f\u0131qlarda m\u00fc\u0259yy\u0259n raz\u0131l\u0131\u011fa g\u0259ldikd\u0259, bundan imtina edirdi ki, biz\u0259 s\u0259rf etmir. Art\u0131q onlar d\u0259rk etmi\u015fdil\u0259r ki, zaman onlar\u0131n xeyrin\u0259 i\u015fl\u0259yir v\u0259 haql\u0131 da \u00e7\u0131xd\u0131lar. Erm\u0259nistan is\u0259 uduzdu<\/strong>\u201d.<\/p>\n<p>Erm\u0259nistan Az\u0259rbaycan torpaqlar\u0131n\u0131 i\u015f\u011fal etmi\u015f v\u0259 m\u00fcharib\u0259d\u0259 qalib g\u0259lmi\u015fdi, lakin strateji olaraq m\u0259\u011flub idi v\u0259 bu m\u0259\u011flubiyy\u0259ti Heyd\u0259r \u018fliyev h\u0259l\u0259 o zaman haz\u0131rlam\u0131\u015fd\u0131.<\/p>\n<p>1994-c\u00fc ild\u0259 \u201c\u018fsrin m\u00fcqavil\u0259si\u201d il\u0259 t\u0259m\u0259li qoyulan yeni neft strategiyas\u0131n\u0131n h\u0259yata ke\u00e7irilm\u0259si n\u0259tic\u0259sind\u0259 Az\u0259rbaycan\u0131n g\u0259l\u0259c\u0259k inki\u015faf\u0131n\u0131n \u0259saslar\u0131 yarad\u0131ld\u0131, X\u0259z\u0259r d\u0259nizi beyn\u0259lxalq \u0259m\u0259kda\u015fl\u0131q m\u0259kan\u0131na \u00e7evrildi. \u00d6lk\u0259d\u0259 iqtisadi t\u0259n\u0259zz\u00fcl\u00fcn qar\u015f\u0131s\u0131 al\u0131nd\u0131, \u0259halinin rifah\u0131n\u0131n y\u00fcks\u0259ldilm\u0259si istiqam\u0259tind\u0259 \u0259m\u0259li t\u0259dbirl\u0259rin h\u0259yata ke\u00e7irilm\u0259sin\u0259 ba\u015fland\u0131.<\/p>\n<p>1993-2003-c\u00fc ill\u0259r Az\u0259rbaycan\u0131n bir d\u00f6vl\u0259t kimi quruldu\u011fu, formala\u015fd\u0131\u011f\u0131 v\u0259 beyn\u0259lxalq h\u00fcququn subyektin\u0259 \u00e7evrildiyi m\u00fch\u00fcm m\u0259rh\u0259l\u0259dir. Bu ill\u0259r \u0259rzind\u0259 Heyd\u0259r \u018fliyevin r\u0259hb\u0259rliyi il\u0259 xalq\u0131m\u0131z nadir tarixi f\u00fcrs\u0259td\u0259n istifad\u0259 ed\u0259r\u0259k \u00f6z m\u00fcst\u0259qilliyini \u0259b\u0259di v\u0259 d\u00f6nm\u0259z etdi.<\/p>\n<p>\u00dcmummilli lider Heyd\u0259r \u018fliyevin apard\u0131\u011f\u0131 siyas\u0259tin ba\u015fl\u0131ca m\u0259qs\u0259di torpaqlar\u0131m\u0131zda i\u015f\u011fala son qoymaq idi v\u0259 o, daim bildirirdi: \u201cBiz \u015eu\u015fada, b\u00fct\u00fcn Qaraba\u011fda bayra\u011f\u0131m\u0131z\u0131 dal\u011faland\u0131raca\u011f\u0131q\u201d.<\/p>\n<p>H\u0259r \u015fey ulu \u00f6nd\u0259r Heyd\u0259r \u018fliyevin qurdu\u011fu strategiyaya uy\u011fun inki\u015faf etdi v\u0259 I Qaraba\u011f m\u00fcharib\u0259sinin m\u0259\u011flub \u00f6lk\u0259si olan Az\u0259rbaycan II Qaraba\u011f m\u00fcharib\u0259sind\u0259 \u0259dal\u0259ti b\u0259rpa etdi. Bu, Heyd\u0259r \u018fliyev strategiyas\u0131n\u0131n Prezident \u0130lham \u018fliyev t\u0259r\u0259find\u0259n u\u011furla, d\u00fc\u015f\u00fcn\u00fclm\u00fc\u015f \u015f\u0259kild\u0259 davam etdirilm\u0259sinin n\u0259tic\u0259sidir.<\/p>\n<p>Prezidenti \u0130lham \u018fliyev \u201cg\u00fccl\u00fc Az\u0259rbaycan\u201d konsepsiyas\u0131n\u0131 realla\u015fd\u0131rd\u0131. Bu, m\u00fcst\u0259qil siyas\u0259t, milli t\u0259hl\u00fck\u0259sizliyin t\u0259min edilm\u0259si, b\u00fct\u00fcn sah\u0259l\u0259ri \u0259hat\u0259 ed\u0259n k\u00f6kl\u00fc islahatlar, n\u0259h\u0259ng enerji layih\u0259l\u0259rinin davam v\u0259 inki\u015faf etdirilm\u0259si, yeni n\u0259qliyyat-kommunikasiya layih\u0259l\u0259rinin icras\u0131, m\u00fcasir c\u0259miyy\u0259t quruculu\u011fu, insan kapital\u0131n\u0131n formala\u015fd\u0131r\u0131lmas\u0131, r\u0259qab\u0259t\u0259davaml iqtisadi potensial\u0131n yarad\u0131lmas\u0131, g\u00fccl\u00fc v\u0259 pe\u015f\u0259kar ordu quruculu\u011fu, Az\u0259rbaycan\u0131n \u00f6z\u00fcn\u00fc beyn\u0259lxalq m\u00fcnasib\u0259tl\u0259ri sisteminin m\u00fcst\u0259qil v\u0259 n\u00fcfuzlu subyekti kimi t\u0259sdiq etm\u0259si siyas\u0259tidir.<\/p>\n<p><strong>&#8211; Milli maraqlara \u0259saslanan m\u00fcst\u0259qil daxili v\u0259 xarici siyas\u0259t h\u0259yata ke\u00e7irildi;<br \/>\n&#8211; Sosial-iqtisadi inki\u015faf t\u0259min edildi, r\u0259qab\u0259t\u0259davaml\u0131 iqtisadi potensial formala\u015fd\u0131r\u0131ld\u0131;<br \/>\n&#8211; M\u00fch\u00fcm enerji v\u0259 n\u0259qliyyat layih\u0259l\u0259ri h\u0259yata ke\u00e7irildi: XXI \u0259srin m\u00fcqavil\u0259si \u2013 C\u0259nub Qaz D\u0259hlizi realla\u015fd\u0131;<br \/>\n&#8211; Regionlar\u0131n inki\u015faf\u0131, m\u00fcasir c\u0259miyy\u0259t quruculu\u011fu, c\u0259miyy\u0259t h\u0259yat\u0131n\u0131n b\u00fct\u00fcn sah\u0259l\u0259rinin yenil\u0259\u015fm\u0259si v\u0259 m\u00fcasirl\u0259\u015fm\u0259si h\u0259yata ke\u00e7irildi;<br \/>\n&#8211; K\u00f6kl\u00fc islahatlar apar\u0131l\u0131r, \u015f\u0259ffaf idar\u0259\u00e7ilik qurulur, neqativ hallar aradan qald\u0131r\u0131ld\u0131r\u0131l\u0131r;<br \/>\n&#8211; Az\u0259rbaycan\u0131n beyn\u0259lxalq n\u00fcfuzu art\u0131r, g\u00fcc m\u0259rk\u0259zl\u0259ri il\u0259 b\u0259rab\u0259rh\u00fcquqlu \u0259m\u0259kda\u015fl\u0131q \u0259laq\u0259l\u0259r inki\u015faf etdirilir, n\u0259tic\u0259d\u0259, \u00f6lk\u0259miz regional lider v\u0259 m\u0259rk\u0259z statusunu \u0259ld\u0259 edib;<br \/>\n&#8211; \u018fhalinin sosial rifah\u0131 t\u0259min edilir, u\u011furlu sosial siyas\u0259t apar\u0131l\u0131r;<br \/>\n&#8211; \u0130nsan kapital\u0131 formala\u015fd\u0131r\u0131l\u0131r, intellektual potensial milli maraqlar\u0131n h\u0259yata ke\u00e7irilm\u0259si istiqam\u0259tind\u0259 s\u0259f\u0259rb\u0259r edilir;<br \/>\n&#8211; G\u00fccl\u00fc ordu quruculu\u011fu, m\u00fcdafi\u0259 s\u0259nayesinin yarad\u0131lmas\u0131 daim prioritet istiqam\u0259tdir;<br \/>\n&#8211; Milli h\u0259mr\u0259yliyin, xalq-iqtidar birliyinin t\u0259min edilm\u0259si istiqam\u0259tind\u0259 m\u00fch\u00fcm add\u0131mlar at\u0131l\u0131r;<\/strong><\/p>\n<p>Heyd\u0259r \u018fliyev Az\u0259rbaycan xalq\u0131n\u0131n milli d\u00f6vl\u0259t\u00e7ilik \u0259n\u0259n\u0259l\u0259rini ya\u015fatd\u0131 v\u0259 inki\u015faf etdirdi, \u00fcmummilli lider t\u0259r\u0259find\u0259n \u0259sas\u0131 qoyulmu\u015f siyas\u0259t da\u011f\u0131laraq m\u0259hv olmaq t\u0259hl\u00fck\u0259siznd\u0259n qurtulan Az\u0259rbaycan\u0131n d\u00fcnyada say\u0131l\u0131b se\u00e7il\u0259n, g\u00fccl\u00fc, qalib d\u00f6vl\u0259t\u0259 \u00e7evrilm\u0259sini t\u0259min etdi. Bu strategiyan\u0131 u\u011furla davam etdir\u0259n Prezident \u0130lham \u018fliyev 30 illik i\u015f\u011fala son qoydu, Qaraba\u011f azad edildi v\u0259 bu g\u00fcn t\u0259kc\u0259 regionda yox, qlobal siyas\u0259td\u0259 h\u0259lledici aktora \u00e7evril\u0259n Az\u0259rbaycan var.<\/p>\n<p>1993-c\u00fc ild\u0259 Az\u0259rbaycan\u0131 m\u0259hv olmaqdan xilas ed\u0259n Heyd\u0259r \u018fliyevin uzaqm\u0259nzilli strategiyas\u0131n\u0131 davam etdir\u0259n Prezident \u0130lham \u018fliyevin r\u0259hb\u0259rlik etdiyi Az\u0259rbaycan 28 il sonra qalib Az\u0259rbaycand\u0131r.<\/p>\n","protected":false},"excerpt":{"rendered":"<p>Bu g\u00fcn \u2013 15 iyun Az\u0259rbaycan xalq\u0131 Milli Qurtulu\u015f tarixinin 28-ci ild\u00f6n\u00fcm\u00fcn\u00fc qeyd edir, h\u0259m d\u0259 28 il \u00f6nc\u0259 &#8211; AXC-M\u00fcsavat hakimiyy\u0259ti d\u00f6vr\u00fcnd\u0259 ya\u015fad\u0131qlar\u0131n\u0131 yenid\u0259n xat\u0131rlay\u0131r, \u201cHeyd\u0259r \u018fliyev g\u0259lm\u0259s\u0259ydi, n\u0259l\u0259r olacaqd\u0131\u201d sual\u0131n\u0131 yenid\u0259n g\u00fcnd\u0259m\u0259 g\u0259tirir v\u0259 bir daha \u201cYax\u015f\u0131 ki, can\u0131m\u0131z Xalq C\u0259bh\u0259sinin \u0259lind\u0259n qurtard\u0131\u201d deyir, m\u0259rhum prezident \u018fb\u00fclf\u0259z El\u00e7ib\u0259yin dediyi kimi: \u201cXalq deyir ki, ka\u015f can\u0131m\u0131z qurtarayd\u0131 bu Xalq C\u0259bh\u0259sinin \u0259lind\u0259n\u201d. H\u0259min tarixd\u0259n 28 il ke\u00e7ib v\u0259 Az\u0259rbaycanda xalq hakimiyy\u0259ti qurulub: daha insanlar k\u00fc\u00e7\u0259d\u0259 soyulmaq, fiziki t\u0259qib\u0259 m\u0259ruz qalmaq qorxusu il\u0259 g\u0259zmir, \u00f6lk\u0259d\u0259 qanunlar\u0131 \u201cyazan v\u0259 pozan\u201d, \u201cyaz\u0131lmam\u0131\u015f qanunlar\u201d&hellip;<\/p>\n","protected":false},"author":2,"featured_media":347118,"comment_status":"closed","ping_status":"closed","sticky":false,"template":"","format":"standard","meta":{"om_disable_all_campaigns":false,"_monsterinsights_skip_tracking":false,"_monsterinsights_sitenote_active":false,"_monsterinsights_sitenote_note":"","_monsterinsights_sitenote_category":0},"categories":[4],"tags":[],"aioseo_notices":[],"gutentor_comment":0,"rttpg_featured_image_url":{"full":["https:\/\/arantv.az\/wp-content\/uploads\/2021\/06\/heyderilham.jpg",800,450,false],"landscape":["https:\/\/arantv.az\/wp-content\/uploads\/2021\/06\/heyderilham.jpg",800,450,false],"portraits":["https:\/\/arantv.az\/wp-content\/uploads\/2021\/06\/heyderilham.jpg",800,450,false],"thumbnail":["https:\/\/arantv.az\/wp-content\/uploads\/2021\/06\/heyderilham-500x280.jpg",500,280,true],"medium":["https:\/\/arantv.az\/wp-content\/uploads\/2021\/06\/heyderilham-649x365.jpg",649,365,true],"large":["https:\/\/arantv.az\/wp-content\/uploads\/2021\/06\/heyderilham.jpg",640,360,false],"1536x1536":["https:\/\/arantv.az\/wp-content\/uploads\/2021\/06\/heyderilham.jpg",800,450,false],"2048x2048":["https:\/\/arantv.az\/wp-content\/uploads\/2021\/06\/heyderilham.jpg",800,450,false],"post-thumbnail":["https:\/\/arantv.az\/wp-content\/uploads\/2021\/06\/heyderilham-240x172.jpg",240,172,true],"advps-thumb-one":["https:\/\/arantv.az\/wp-content\/uploads\/2021\/06\/heyderilham.jpg",800,450,false]},"rttpg_author":{"display_name":"V\u00fcsal Rafiqo\u011flu","author_link":"https:\/\/arantv.az\/?author=2"},"rttpg_comment":0,"rttpg_category":"<a href=\"https:\/\/arantv.az\/?cat=4\" rel=\"category\">Siyas\u0259t<\/a>","rttpg_excerpt":"Bu g\u00fcn \u2013 15 iyun Az\u0259rbaycan xalq\u0131 Milli Qurtulu\u015f tarixinin 28-ci ild\u00f6n\u00fcm\u00fcn\u00fc qeyd edir, h\u0259m d\u0259 28 il \u00f6nc\u0259 &#8211; AXC-M\u00fcsavat hakimiyy\u0259ti d\u00f6vr\u00fcnd\u0259 ya\u015fad\u0131qlar\u0131n\u0131 yenid\u0259n xat\u0131rlay\u0131r, \u201cHeyd\u0259r \u018fliyev g\u0259lm\u0259s\u0259ydi, n\u0259l\u0259r olacaqd\u0131\u201d sual\u0131n\u0131 yenid\u0259n g\u00fcnd\u0259m\u0259 g\u0259tirir v\u0259 bir daha \u201cYax\u015f\u0131 ki, can\u0131m\u0131z Xalq C\u0259bh\u0259sinin \u0259lind\u0259n qurtard\u0131\u201d deyir, m\u0259rhum prezident \u018fb\u00fclf\u0259z El\u00e7ib\u0259yin dediyi kimi: \u201cXalq deyir ki,&hellip;","_links":{"self":[{"href":"https:\/\/arantv.az\/index.php?rest_route=\/wp\/v2\/posts\/347117"}],"collection":[{"href":"https:\/\/arantv.az\/index.php?rest_route=\/wp\/v2\/posts"}],"about":[{"href":"https:\/\/arantv.az\/index.php?rest_route=\/wp\/v2\/types\/post"}],"author":[{"embeddable":true,"href":"https:\/\/arantv.az\/index.php?rest_route=\/wp\/v2\/users\/2"}],"replies":[{"embeddable":true,"href":"https:\/\/arantv.az\/index.php?rest_route=%2Fwp%2Fv2%2Fcomments&post=347117"}],"version-history":[{"count":0,"href":"https:\/\/arantv.az\/index.php?rest_route=\/wp\/v2\/posts\/347117\/revisions"}],"wp:featuredmedia":[{"embeddable":true,"href":"https:\/\/arantv.az\/index.php?rest_route=\/wp\/v2\/media\/347118"}],"wp:attachment":[{"href":"https:\/\/arantv.az\/index.php?rest_route=%2Fwp%2Fv2%2Fmedia&parent=347117"}],"wp:term":[{"taxonomy":"category","embeddable":true,"href":"https:\/\/arantv.az\/index.php?rest_route=%2Fwp%2Fv2%2Fcategories&post=347117"},{"taxonomy":"post_tag","embeddable":true,"href":"https:\/\/arantv.az\/index.php?rest_route=%2Fwp%2Fv2%2Ftags&post=347117"}],"curies":[{"name":"wp","href":"https:\/\/api.w.org\/{rel}","templated":true}]}}