{"id":347127,"date":"2021-06-15T08:10:25","date_gmt":"2021-06-15T05:10:25","guid":{"rendered":"http:\/\/arantv.az\/?p=347127"},"modified":"2021-06-15T08:10:25","modified_gmt":"2021-06-15T05:10:25","slug":"qubada-13-yasli-yeniyetm%c9%99nin-olumunun-t%c9%99f%c9%99rruati-m%c9%99lum-olub-video","status":"publish","type":"post","link":"https:\/\/arantv.az\/?p=347127","title":{"rendered":"Qubada 13 ya\u015fl\u0131 yeniyetm\u0259nin \u00f6l\u00fcm\u00fcn\u00fcn t\u0259f\u0259rr\u00fcat\u0131 m\u0259lum olub \u2013 V\u0130DEO"},"content":{"rendered":"<p>Quba rayonunda 13 ya\u015fl\u0131 yeniyetm\u0259nin \u00f6l\u00fcm\u00fcn\u00fcn t\u0259f\u0259rr\u00fcat\u0131 m\u0259lum olub.<\/p>\n<p>Hadis\u0259 Z\u0259rdabi q\u0259s\u0259b\u0259sind\u0259 olub.<\/p>\n<div id=\"AdviadNativeVideo0\" class=\"AdviadNativeVideo\"><\/div>\n<p>M\u0259lumata g\u00f6r\u0259, iyunun 13-d\u0259 2008-ci il t\u0259v\u0259ll\u00fcdl\u00fc Polad F\u0259rhad o\u011flu F\u0259rhadov v\u0259 h\u0259mya\u015f\u0131d\u0131 U\u011fur X\u0259yyam o\u011flu Bayramov q\u0259s\u0259b\u0259d\u0259n k\u0259nar \u0259razid\u0259 yerl\u0259\u015f\u0259n y\u00fcks\u0259k g\u0259rginlikli x\u0259ttin \u00fcz\u0259rind\u0259 yerl\u0259\u015f\u0259n ay\u0131r\u0131c\u0131 a\u00e7ar\u0131n ba\u011fl\u0131 qutusuna m\u00fcdaxil\u0259 ed\u0259r\u0259k a\u00e7\u0131b. Daha sonra onlar a\u00e7ara toxunub, bu zaman elektrik c\u0259r\u0259yan\u0131 h\u0259r iki \u015f\u0259xsi vurub.<\/p>\n<p>N\u0259tic\u0259d\u0259 P.F\u0259rhadov hadis\u0259 yerind\u0259 \u00f6l\u00fcb, U.Bayramov is\u0259 m\u00fcxt\u0259lif d\u0259r\u0259c\u0259li b\u0259d\u0259n x\u0259sar\u0259tl\u0259ri il\u0259 Quba rayon M\u00fcalic\u0259 Diaqnostika M\u0259rk\u0259zin\u0259 yerl\u0259\u015fdirilib. Onun v\u0259ziyy\u0259tinin normal oldu\u011fu bildirilir.<\/p>\n<p>Faktla ba\u011fl\u0131 Quba Rayon Prokurorlu\u011funda Cinay\u0259t M\u0259c\u0259ll\u0259sinin 314.2-ci (s\u0259hl\u0259nkarl\u0131q, ehtiyats\u0131zl\u0131qdan z\u0259r\u0259r\u00e7\u0259kmi\u015f \u015f\u0259xsin \u00f6l\u00fcm\u00fcn\u0259 v\u0259 ya dig\u0259r a\u011f\u0131r n\u0259tic\u0259l\u0259r\u0259 s\u0259b\u0259b olduqda) madd\u0259si il\u0259 cinay\u0259t i\u015fi ba\u015flan\u0131l\u0131b.<\/p>\n<div class=\"embed-responsive embed-responsive-16by9\"><iframe loading=\"lazy\" id=\"nmqembedid\" class=\"embed-responsive-item\" title=\"video player\" src=\"https:\/\/izle.az\/embed\/qyyxNY7P8q50K8swSssHAA~~\" width=\"600\" height=\"340\" frameborder=\"0\" scrolling=\"no\" allowfullscreen=\"allowfullscreen\" data-mce-fragment=\"1\"><\/iframe><\/div>\n","protected":false},"excerpt":{"rendered":"<p>Quba rayonunda 13 ya\u015fl\u0131 yeniyetm\u0259nin \u00f6l\u00fcm\u00fcn\u00fcn t\u0259f\u0259rr\u00fcat\u0131 m\u0259lum olub. Hadis\u0259 Z\u0259rdabi q\u0259s\u0259b\u0259sind\u0259 olub. M\u0259lumata g\u00f6r\u0259, iyunun 13-d\u0259 2008-ci il t\u0259v\u0259ll\u00fcdl\u00fc Polad F\u0259rhad o\u011flu F\u0259rhadov v\u0259 h\u0259mya\u015f\u0131d\u0131 U\u011fur X\u0259yyam o\u011flu Bayramov q\u0259s\u0259b\u0259d\u0259n k\u0259nar \u0259razid\u0259 yerl\u0259\u015f\u0259n y\u00fcks\u0259k g\u0259rginlikli x\u0259ttin \u00fcz\u0259rind\u0259 yerl\u0259\u015f\u0259n ay\u0131r\u0131c\u0131 a\u00e7ar\u0131n ba\u011fl\u0131 qutusuna m\u00fcdaxil\u0259 ed\u0259r\u0259k a\u00e7\u0131b. Daha sonra onlar a\u00e7ara toxunub, bu zaman elektrik c\u0259r\u0259yan\u0131 h\u0259r iki \u015f\u0259xsi vurub. N\u0259tic\u0259d\u0259 P.F\u0259rhadov hadis\u0259 yerind\u0259 \u00f6l\u00fcb, U.Bayramov is\u0259 m\u00fcxt\u0259lif d\u0259r\u0259c\u0259li b\u0259d\u0259n x\u0259sar\u0259tl\u0259ri il\u0259 Quba rayon M\u00fcalic\u0259 Diaqnostika M\u0259rk\u0259zin\u0259 yerl\u0259\u015fdirilib. Onun v\u0259ziyy\u0259tinin normal oldu\u011fu bildirilir. Faktla ba\u011fl\u0131 Quba Rayon Prokurorlu\u011funda Cinay\u0259t M\u0259c\u0259ll\u0259sinin 314.2-ci&hellip;<\/p>\n","protected":false},"author":2,"featured_media":347128,"comment_status":"closed","ping_status":"closed","sticky":false,"template":"","format":"standard","meta":{"om_disable_all_campaigns":false,"_monsterinsights_skip_tracking":false,"_monsterinsights_sitenote_active":false,"_monsterinsights_sitenote_note":"","_monsterinsights_sitenote_category":0},"categories":[5],"tags":[],"aioseo_notices":[],"gutentor_comment":0,"rttpg_featured_image_url":{"full":["https:\/\/arantv.az\/wp-content\/uploads\/2021\/06\/quba_11623696142.jpg",550,343,false],"landscape":["https:\/\/arantv.az\/wp-content\/uploads\/2021\/06\/quba_11623696142.jpg",550,343,false],"portraits":["https:\/\/arantv.az\/wp-content\/uploads\/2021\/06\/quba_11623696142.jpg",550,343,false],"thumbnail":["https:\/\/arantv.az\/wp-content\/uploads\/2021\/06\/quba_11623696142-500x280.jpg",500,280,true],"medium":["https:\/\/arantv.az\/wp-content\/uploads\/2021\/06\/quba_11623696142.jpg",550,343,false],"large":["https:\/\/arantv.az\/wp-content\/uploads\/2021\/06\/quba_11623696142.jpg",550,343,false],"1536x1536":["https:\/\/arantv.az\/wp-content\/uploads\/2021\/06\/quba_11623696142.jpg",550,343,false],"2048x2048":["https:\/\/arantv.az\/wp-content\/uploads\/2021\/06\/quba_11623696142.jpg",550,343,false],"post-thumbnail":["https:\/\/arantv.az\/wp-content\/uploads\/2021\/06\/quba_11623696142-240x172.jpg",240,172,true],"advps-thumb-one":["https:\/\/arantv.az\/wp-content\/uploads\/2021\/06\/quba_11623696142.jpg",550,343,false]},"rttpg_author":{"display_name":"V\u00fcsal Rafiqo\u011flu","author_link":"https:\/\/arantv.az\/?author=2"},"rttpg_comment":0,"rttpg_category":"<a href=\"https:\/\/arantv.az\/?cat=5\" rel=\"category\">Hadis\u0259<\/a>","rttpg_excerpt":"Quba rayonunda 13 ya\u015fl\u0131 yeniyetm\u0259nin \u00f6l\u00fcm\u00fcn\u00fcn t\u0259f\u0259rr\u00fcat\u0131 m\u0259lum olub. Hadis\u0259 Z\u0259rdabi q\u0259s\u0259b\u0259sind\u0259 olub. M\u0259lumata g\u00f6r\u0259, iyunun 13-d\u0259 2008-ci il t\u0259v\u0259ll\u00fcdl\u00fc Polad F\u0259rhad o\u011flu F\u0259rhadov v\u0259 h\u0259mya\u015f\u0131d\u0131 U\u011fur X\u0259yyam o\u011flu Bayramov q\u0259s\u0259b\u0259d\u0259n k\u0259nar \u0259razid\u0259 yerl\u0259\u015f\u0259n y\u00fcks\u0259k g\u0259rginlikli x\u0259ttin \u00fcz\u0259rind\u0259 yerl\u0259\u015f\u0259n ay\u0131r\u0131c\u0131 a\u00e7ar\u0131n ba\u011fl\u0131 qutusuna m\u00fcdaxil\u0259 ed\u0259r\u0259k a\u00e7\u0131b. Daha sonra onlar a\u00e7ara toxunub, bu zaman elektrik c\u0259r\u0259yan\u0131&hellip;","_links":{"self":[{"href":"https:\/\/arantv.az\/index.php?rest_route=\/wp\/v2\/posts\/347127"}],"collection":[{"href":"https:\/\/arantv.az\/index.php?rest_route=\/wp\/v2\/posts"}],"about":[{"href":"https:\/\/arantv.az\/index.php?rest_route=\/wp\/v2\/types\/post"}],"author":[{"embeddable":true,"href":"https:\/\/arantv.az\/index.php?rest_route=\/wp\/v2\/users\/2"}],"replies":[{"embeddable":true,"href":"https:\/\/arantv.az\/index.php?rest_route=%2Fwp%2Fv2%2Fcomments&post=347127"}],"version-history":[{"count":0,"href":"https:\/\/arantv.az\/index.php?rest_route=\/wp\/v2\/posts\/347127\/revisions"}],"wp:featuredmedia":[{"embeddable":true,"href":"https:\/\/arantv.az\/index.php?rest_route=\/wp\/v2\/media\/347128"}],"wp:attachment":[{"href":"https:\/\/arantv.az\/index.php?rest_route=%2Fwp%2Fv2%2Fmedia&parent=347127"}],"wp:term":[{"taxonomy":"category","embeddable":true,"href":"https:\/\/arantv.az\/index.php?rest_route=%2Fwp%2Fv2%2Fcategories&post=347127"},{"taxonomy":"post_tag","embeddable":true,"href":"https:\/\/arantv.az\/index.php?rest_route=%2Fwp%2Fv2%2Ftags&post=347127"}],"curies":[{"name":"wp","href":"https:\/\/api.w.org\/{rel}","templated":true}]}}