{"id":347139,"date":"2021-06-15T08:16:09","date_gmt":"2021-06-15T05:16:09","guid":{"rendered":"http:\/\/arantv.az\/?p=347139"},"modified":"2021-06-15T08:16:09","modified_gmt":"2021-06-15T05:16:09","slug":"guclu-sims%c9%99k-gec%c9%99ni-isiga-burudu-video","status":"publish","type":"post","link":"https:\/\/arantv.az\/?p=347139","title":{"rendered":"G\u00fccl\u00fc \u015fim\u015f\u0259k gec\u0259ni i\u015f\u0131\u011fa b\u00fcr\u00fcd\u00fc &#8211; V\u0130DEO"},"content":{"rendered":"<article class=\"news\">\n<div class=\"news-inner\">\n<p>T\u00fcrkiy\u0259nin q\u0259rbind\u0259 yerl\u0259\u015f\u0259n Afyonqarahisar \u015f\u0259h\u0259rind\u0259 ya\u011f\u0131\u015fla m\u00fc\u015fahid\u0259 olunan g\u00fccl\u00fc \u015fim\u015f\u0259k \u00e7axmalar\u0131 n\u0259tic\u0259sind\u0259 s\u0259mada i\u015f\u0131q tama\u015fas\u0131 m\u00fc\u015fahid\u0259 edilib.<\/p>\n<div id=\"AdviadNativeVideo0\" class=\"AdviadNativeVideo\"><\/div>\n<p>\u201c\u0130hlas Haber Ajans\u0131\u201d (\u0130HA) m\u0259lumat verir ki, yerli sakinl\u0259r t\u0259bi\u0259t hadis\u0259sini telefonlar\u0131na \u00e7\u0259k\u0259r\u0259k sosial \u015f\u0259b\u0259k\u0259l\u0259rd\u0259 payla\u015f\u0131blar.<\/p>\n<p>\u015eim\u015f\u0259kli hava \u015f\u0259raiti t\u0259xmin\u0259n iki saata yax\u0131n davam edib.<\/p>\n<div>\n<div><iframe loading=\"lazy\" src=\"https:\/\/www.dailymotion.com\/embed\/video\/x81xzfl?autoplay=1\" width=\"100%\" height=\"100%\" frameborder=\"0\" allowfullscreen=\"allowfullscreen\" data-mce-fragment=\"1\"><\/iframe><\/div>\n<\/div>\n<\/div>\n<\/article>\n<h2 class=\"news-share-title\"><\/h2>\n","protected":false},"excerpt":{"rendered":"<p>T\u00fcrkiy\u0259nin q\u0259rbind\u0259 yerl\u0259\u015f\u0259n Afyonqarahisar \u015f\u0259h\u0259rind\u0259 ya\u011f\u0131\u015fla m\u00fc\u015fahid\u0259 olunan g\u00fccl\u00fc \u015fim\u015f\u0259k \u00e7axmalar\u0131 n\u0259tic\u0259sind\u0259 s\u0259mada i\u015f\u0131q tama\u015fas\u0131 m\u00fc\u015fahid\u0259 edilib. \u201c\u0130hlas Haber Ajans\u0131\u201d (\u0130HA) m\u0259lumat verir ki, yerli sakinl\u0259r t\u0259bi\u0259t hadis\u0259sini telefonlar\u0131na \u00e7\u0259k\u0259r\u0259k sosial \u015f\u0259b\u0259k\u0259l\u0259rd\u0259 payla\u015f\u0131blar. \u015eim\u015f\u0259kli hava \u015f\u0259raiti t\u0259xmin\u0259n iki saata yax\u0131n davam edib.<\/p>\n","protected":false},"author":2,"featured_media":347140,"comment_status":"closed","ping_status":"closed","sticky":false,"template":"","format":"standard","meta":{"om_disable_all_campaigns":false,"_monsterinsights_skip_tracking":false,"_monsterinsights_sitenote_active":false,"_monsterinsights_sitenote_note":"","_monsterinsights_sitenote_category":0},"categories":[7],"tags":[],"aioseo_notices":[],"gutentor_comment":0,"rttpg_featured_image_url":{"full":["https:\/\/arantv.az\/wp-content\/uploads\/2021\/06\/sA\u00b0DSMSEK_1.jpg",620,349,false],"landscape":["https:\/\/arantv.az\/wp-content\/uploads\/2021\/06\/sA\u00b0DSMSEK_1.jpg",620,349,false],"portraits":["https:\/\/arantv.az\/wp-content\/uploads\/2021\/06\/sA\u00b0DSMSEK_1.jpg",620,349,false],"thumbnail":["https:\/\/arantv.az\/wp-content\/uploads\/2021\/06\/sA\u00b0DSMSEK_1-500x280.jpg",500,280,true],"medium":["https:\/\/arantv.az\/wp-content\/uploads\/2021\/06\/sA\u00b0DSMSEK_1.jpg",620,349,false],"large":["https:\/\/arantv.az\/wp-content\/uploads\/2021\/06\/sA\u00b0DSMSEK_1.jpg",620,349,false],"1536x1536":["https:\/\/arantv.az\/wp-content\/uploads\/2021\/06\/sA\u00b0DSMSEK_1.jpg",620,349,false],"2048x2048":["https:\/\/arantv.az\/wp-content\/uploads\/2021\/06\/sA\u00b0DSMSEK_1.jpg",620,349,false],"post-thumbnail":["https:\/\/arantv.az\/wp-content\/uploads\/2021\/06\/sA\u00b0DSMSEK_1-240x172.jpg",240,172,true],"advps-thumb-one":["https:\/\/arantv.az\/wp-content\/uploads\/2021\/06\/sA\u00b0DSMSEK_1.jpg",620,349,false]},"rttpg_author":{"display_name":"V\u00fcsal Rafiqo\u011flu","author_link":"https:\/\/arantv.az\/?author=2"},"rttpg_comment":0,"rttpg_category":"<a href=\"https:\/\/arantv.az\/?cat=7\" rel=\"category\">D\u00fcnya<\/a>","rttpg_excerpt":"T\u00fcrkiy\u0259nin q\u0259rbind\u0259 yerl\u0259\u015f\u0259n Afyonqarahisar \u015f\u0259h\u0259rind\u0259 ya\u011f\u0131\u015fla m\u00fc\u015fahid\u0259 olunan g\u00fccl\u00fc \u015fim\u015f\u0259k \u00e7axmalar\u0131 n\u0259tic\u0259sind\u0259 s\u0259mada i\u015f\u0131q tama\u015fas\u0131 m\u00fc\u015fahid\u0259 edilib. \u201c\u0130hlas Haber Ajans\u0131\u201d (\u0130HA) m\u0259lumat verir ki, yerli sakinl\u0259r t\u0259bi\u0259t hadis\u0259sini telefonlar\u0131na \u00e7\u0259k\u0259r\u0259k sosial \u015f\u0259b\u0259k\u0259l\u0259rd\u0259 payla\u015f\u0131blar. \u015eim\u015f\u0259kli hava \u015f\u0259raiti t\u0259xmin\u0259n iki saata yax\u0131n davam edib.","_links":{"self":[{"href":"https:\/\/arantv.az\/index.php?rest_route=\/wp\/v2\/posts\/347139"}],"collection":[{"href":"https:\/\/arantv.az\/index.php?rest_route=\/wp\/v2\/posts"}],"about":[{"href":"https:\/\/arantv.az\/index.php?rest_route=\/wp\/v2\/types\/post"}],"author":[{"embeddable":true,"href":"https:\/\/arantv.az\/index.php?rest_route=\/wp\/v2\/users\/2"}],"replies":[{"embeddable":true,"href":"https:\/\/arantv.az\/index.php?rest_route=%2Fwp%2Fv2%2Fcomments&post=347139"}],"version-history":[{"count":0,"href":"https:\/\/arantv.az\/index.php?rest_route=\/wp\/v2\/posts\/347139\/revisions"}],"wp:featuredmedia":[{"embeddable":true,"href":"https:\/\/arantv.az\/index.php?rest_route=\/wp\/v2\/media\/347140"}],"wp:attachment":[{"href":"https:\/\/arantv.az\/index.php?rest_route=%2Fwp%2Fv2%2Fmedia&parent=347139"}],"wp:term":[{"taxonomy":"category","embeddable":true,"href":"https:\/\/arantv.az\/index.php?rest_route=%2Fwp%2Fv2%2Fcategories&post=347139"},{"taxonomy":"post_tag","embeddable":true,"href":"https:\/\/arantv.az\/index.php?rest_route=%2Fwp%2Fv2%2Ftags&post=347139"}],"curies":[{"name":"wp","href":"https:\/\/api.w.org\/{rel}","templated":true}]}}