{"id":347142,"date":"2021-06-15T08:17:14","date_gmt":"2021-06-15T05:17:14","guid":{"rendered":"http:\/\/arantv.az\/?p=347142"},"modified":"2021-06-15T08:17:14","modified_gmt":"2021-06-15T05:17:14","slug":"kanal-istanbul-turk-bogazlarindan-istifad%c9%99-ed%c9%99n-butun-olk%c9%99l%c9%99r-ucun-boyuk-%c9%99h%c9%99miyy%c9%99t-dasiyir-adil-karaismailoglu","status":"publish","type":"post","link":"https:\/\/arantv.az\/?p=347142","title":{"rendered":"&#8220;Kanal \u0130stanbul&#8221; T\u00fcrk Bo\u011fazlar\u0131ndan istifad\u0259 ed\u0259n b\u00fct\u00fcn \u00f6lk\u0259l\u0259r \u00fc\u00e7\u00fcn b\u00f6y\u00fck \u0259h\u0259miyy\u0259t da\u015f\u0131y\u0131r &#8211; Adil Karaismailo\u011flu"},"content":{"rendered":"<p><strong>&#8220;Kanal \u0130stanbul&#8221; layih\u0259si T\u00fcrkiy\u0259 il\u0259 yana\u015f\u0131 T\u00fcrk Bo\u011fazlar\u0131ndan istifad\u0259 ed\u0259n b\u00fct\u00fcn \u00f6lk\u0259l\u0259r \u00fc\u00e7\u00fcn b\u00f6y\u00fck \u0259h\u0259miyy\u0259t da\u015f\u0131y\u0131r.<\/strong><\/p>\n<p><strong>ARANTV.AZ<\/strong>\u00a0 bildirir ki, bunu <a href=\"https:\/\/az.trend.az\/\" target=\"_blank\" rel=\"noopener\">Trend<\/a>-\u0259\u00a0\u00f6z\u0259l m\u00fcsahib\u0259sind\u0259 T\u00fcrkiy\u0259nin n\u0259qliyyat v\u0259 infrastruktur naziri Adil Karaismailo\u011flu bildirib.<\/p>\n<p>A.Karaismailo\u011flu qeyd edib ki, T\u00fcrkiy\u0259 tarixi imkanlar\u0131 qazanca \u00e7evirm\u0259k \u00fc\u00e7\u00fcn m\u00fcasir n\u0259qliyyat infrastrukturu yaratmaqdad\u0131r.<\/p>\n<p>Nazirin s\u00f6zl\u0259rin\u0259 g\u00f6r\u0259, n\u0259qliyyat\u0131n b\u00fct\u00fcn sah\u0259l\u0259rind\u0259 d\u00fcnyamiqyasl\u0131 layih\u0259l\u0259r planla\u015fd\u0131r\u0131lark\u0259n b\u00f6lg\u0259d\u0259ki d\u0259yi\u015f\u0259n ehtiyaclar v\u0259 qlobal ticar\u0259t inki\u015faflar\u0131 prioritet olaraq n\u0259z\u0259r\u0259 al\u0131n\u0131r v\u0259 bu bax\u0131mdan &#8220;Kanal \u0130stanbul&#8221;un t\u0259cili \u015f\u0259kild\u0259 h\u0259yata ke\u00e7irilm\u0259si strateji \u00f6n\u0259m da\u015f\u0131y\u0131r:<\/p>\n<p>&#8220;G\u0259mil\u0259rin \u0130stanbul bo\u011faz\u0131ndan ke\u00e7idini t\u0259nziml\u0259y\u0259n Montr\u00f6 Bo\u011fazlar Konvensiyas\u0131n\u0131n imzaland\u0131\u011f\u0131 d\u00f6vrd\u0259 bo\u011fazdan ke\u00e7\u0259n g\u0259mi say\u0131 ild\u0259 3000-\u0259 yax\u0131n idi. Bu g\u00fcn, d\u00fcnya ticar\u0259tind\u0259 v\u0259 Qara d\u0259niz h\u00f6vz\u0259sind\u0259ki iqtisadi f\u0259aliyy\u0259td\u0259 d\u0259niz yollar\u0131n\u0131n \u0259h\u0259miyy\u0259tinin artmas\u0131 s\u0259b\u0259bind\u0259n, haz\u0131rda Bosfor bo\u011faz\u0131ndan ke\u00e7\u0259n g\u0259mil\u0259rin illik orta say\u0131 50 mini ke\u00e7ir. Bu r\u0259q\u0259min n\u00f6vb\u0259ti onillikl\u0259rd\u0259 daha da artaca\u011f\u0131n\u0131 v\u0259 86 min\u0259 \u00e7ataca\u011f\u0131n\u0131 g\u00f6zl\u0259yirik. Dig\u0259r t\u0259r\u0259fd\u0259n g\u0259mil\u0259rin h\u0259cminin b\u00f6y\u00fcm\u0259si, t\u0259hl\u00fck\u0259li, z\u0259h\u0259rli madd\u0259l\u0259r da\u015f\u0131yan tankerl\u0259rin v\u0259 onlar\u0131n y\u00fckl\u0259rinin artmas\u0131 \u0130stanbul \u00fc\u00e7\u00fcn ciddi risk qayna\u011f\u0131d\u0131r. B\u00fcn\u00fcn bunlar &#8211; riskl\u0259r v\u0259 g\u0259mi say\u0131nda art\u0131m &#8220;Kanal \u0130stanbul&#8221; layih\u0259sin\u0259 ciddi ehtiyac oldu\u011funu ortaya qoydu&#8221;.<\/p>\n<p>A.Karaismailo\u011flu onu da bildirib ki, &#8220;Kanal \u0130stanbul&#8221; layih\u0259si bo\u011fazlara d\u00fc\u015f\u0259n y\u00fck\u00fc azaldacaq v\u0259 bu layih\u0259 say\u0259sind\u0259 bo\u011fazlarda y\u00fckda\u015f\u0131malarda yaranan t\u0131xaclar v\u0259 g\u00f6zl\u0259m\u0259 m\u00fcdd\u0259ti azalacaq.<\/p>\n<p>Nazir yeni kanalda a\u011f\u0131ll\u0131 naviqasiya sisteml\u0259rind\u0259n istifad\u0259 edil\u0259r\u0259k g\u0259mil\u0259rin tam etibarl\u0131 v\u0259 s\u00fcr\u0259tli ke\u00e7idinin m\u00fcmk\u00fcn olaca\u011f\u0131n\u0131 qeyd edib.<\/p>\n<p>Onun s\u00f6zl\u0259rin\u0259 g\u00f6r\u0259, \u0130stanbulun K\u00fc\u00e7\u00fck\u00e7ekmece-Durusu d\u0259hlizind\u0259 yerl\u0259\u015f\u0259c\u0259k &#8220;Kanal \u0130stanbul&#8221;un uzunlu\u011fu 45 kilometr, eni minimum 275 metr, d\u0259rinliyi t\u0259xmin\u0259n 21 metr olacaq:<\/p>\n<p>&#8220;Layih\u0259 ba\u015fa \u00e7atd\u0131qdan sonra uzunlu\u011fu 275 metr v\u0259 eni 48 metr olan neft tankerl\u0259ri, h\u0259m\u00e7inin uzunlu\u011fu 350 metr v\u0259 eni 49 metr olan konteyner g\u0259mil\u0259ri bu kanaldan ke\u00e7\u0259 bil\u0259c\u0259kl\u0259r. &#8220;Kanal \u0130stanbul&#8221; say\u0259sind\u0259 T\u00fcrkiy\u0259 &#8220;ticar\u0259t g\u00f6l\u00fcn\u0259&#8221; \u00e7evrilmi\u015f Qara d\u0259nizin lider \u00f6lk\u0259si olacaq, qlobal ticar\u0259td\u0259 daha aktiv rol oynayacaq v\u0259 bel\u0259likl\u0259, beyn\u0259lxalq logistika d\u0259hlizl\u0259rinin daha b\u00f6y\u00fck bir hiss\u0259sini \u0259ld\u0259 ed\u0259c\u0259k&#8221;.<\/p>\n<p>A.Karaismailo\u011flu bildirib ki, kanal\u0131n in\u015fas\u0131 \u00fc\u00e7\u00fcn haz\u0131rl\u0131q i\u015fl\u0259ri tamamlan\u0131b v\u0259 \u018ftraf M\u00fchit\u0259 T\u0259sirin Qiym\u0259tl\u0259ndirilm\u0259si Hesabat\u0131n\u0131n al\u0131nmas\u0131 \u00fc\u00e7\u00fcn m\u00fcsb\u0259t q\u0259rar q\u0259bul edilib.<\/p>\n<p>&#8220;Kanal\u0131n in\u015fas\u0131 \u00fc\u00e7\u00fcn yax\u0131n zamanda tender elan edil\u0259c\u0259k v\u0259 in\u015faat prosesin\u0259 ba\u015flan\u0131lacaq. \u0130yun ay\u0131nda &#8220;Kanal \u0130stanbul&#8221;da in\u015fa edil\u0259c\u0259k ilk k\u00f6rp\u00fcn\u00fcn t\u0259m\u0259lqoyma m\u0259rasimini ke\u00e7ir\u0259c\u0259yik&#8221;.<\/p>\n","protected":false},"excerpt":{"rendered":"<p>&#8220;Kanal \u0130stanbul&#8221; layih\u0259si T\u00fcrkiy\u0259 il\u0259 yana\u015f\u0131 T\u00fcrk Bo\u011fazlar\u0131ndan istifad\u0259 ed\u0259n b\u00fct\u00fcn \u00f6lk\u0259l\u0259r \u00fc\u00e7\u00fcn b\u00f6y\u00fck \u0259h\u0259miyy\u0259t da\u015f\u0131y\u0131r. ARANTV.AZ\u00a0 bildirir ki, bunu Trend-\u0259\u00a0\u00f6z\u0259l m\u00fcsahib\u0259sind\u0259 T\u00fcrkiy\u0259nin n\u0259qliyyat v\u0259 infrastruktur naziri Adil Karaismailo\u011flu bildirib. A.Karaismailo\u011flu qeyd edib ki, T\u00fcrkiy\u0259 tarixi imkanlar\u0131 qazanca \u00e7evirm\u0259k \u00fc\u00e7\u00fcn m\u00fcasir n\u0259qliyyat infrastrukturu yaratmaqdad\u0131r. Nazirin s\u00f6zl\u0259rin\u0259 g\u00f6r\u0259, n\u0259qliyyat\u0131n b\u00fct\u00fcn sah\u0259l\u0259rind\u0259 d\u00fcnyamiqyasl\u0131 layih\u0259l\u0259r planla\u015fd\u0131r\u0131lark\u0259n b\u00f6lg\u0259d\u0259ki d\u0259yi\u015f\u0259n ehtiyaclar v\u0259 qlobal ticar\u0259t inki\u015faflar\u0131 prioritet olaraq n\u0259z\u0259r\u0259 al\u0131n\u0131r v\u0259 bu bax\u0131mdan &#8220;Kanal \u0130stanbul&#8221;un t\u0259cili \u015f\u0259kild\u0259 h\u0259yata ke\u00e7irilm\u0259si strateji \u00f6n\u0259m da\u015f\u0131y\u0131r: &#8220;G\u0259mil\u0259rin \u0130stanbul bo\u011faz\u0131ndan ke\u00e7idini t\u0259nziml\u0259y\u0259n Montr\u00f6 Bo\u011fazlar Konvensiyas\u0131n\u0131n imzaland\u0131\u011f\u0131 d\u00f6vrd\u0259 bo\u011fazdan ke\u00e7\u0259n g\u0259mi say\u0131&hellip;<\/p>\n","protected":false},"author":2,"featured_media":347143,"comment_status":"closed","ping_status":"closed","sticky":false,"template":"","format":"standard","meta":{"om_disable_all_campaigns":false,"_monsterinsights_skip_tracking":false,"_monsterinsights_sitenote_active":false,"_monsterinsights_sitenote_note":"","_monsterinsights_sitenote_category":0},"categories":[4],"tags":[],"aioseo_notices":[],"gutentor_comment":0,"rttpg_featured_image_url":{"full":["https:\/\/arantv.az\/wp-content\/uploads\/2021\/06\/956766.jpg",800,600,false],"landscape":["https:\/\/arantv.az\/wp-content\/uploads\/2021\/06\/956766.jpg",800,600,false],"portraits":["https:\/\/arantv.az\/wp-content\/uploads\/2021\/06\/956766.jpg",800,600,false],"thumbnail":["https:\/\/arantv.az\/wp-content\/uploads\/2021\/06\/956766-500x280.jpg",500,280,true],"medium":["https:\/\/arantv.az\/wp-content\/uploads\/2021\/06\/956766-487x365.jpg",487,365,true],"large":["https:\/\/arantv.az\/wp-content\/uploads\/2021\/06\/956766.jpg",640,480,false],"1536x1536":["https:\/\/arantv.az\/wp-content\/uploads\/2021\/06\/956766.jpg",800,600,false],"2048x2048":["https:\/\/arantv.az\/wp-content\/uploads\/2021\/06\/956766.jpg",800,600,false],"post-thumbnail":["https:\/\/arantv.az\/wp-content\/uploads\/2021\/06\/956766-240x172.jpg",240,172,true],"advps-thumb-one":["https:\/\/arantv.az\/wp-content\/uploads\/2021\/06\/956766.jpg",800,600,false]},"rttpg_author":{"display_name":"V\u00fcsal Rafiqo\u011flu","author_link":"https:\/\/arantv.az\/?author=2"},"rttpg_comment":0,"rttpg_category":"<a href=\"https:\/\/arantv.az\/?cat=4\" rel=\"category\">Siyas\u0259t<\/a>","rttpg_excerpt":"&#8220;Kanal \u0130stanbul&#8221; layih\u0259si T\u00fcrkiy\u0259 il\u0259 yana\u015f\u0131 T\u00fcrk Bo\u011fazlar\u0131ndan istifad\u0259 ed\u0259n b\u00fct\u00fcn \u00f6lk\u0259l\u0259r \u00fc\u00e7\u00fcn b\u00f6y\u00fck \u0259h\u0259miyy\u0259t da\u015f\u0131y\u0131r. ARANTV.AZ\u00a0 bildirir ki, bunu Trend-\u0259\u00a0\u00f6z\u0259l m\u00fcsahib\u0259sind\u0259 T\u00fcrkiy\u0259nin n\u0259qliyyat v\u0259 infrastruktur naziri Adil Karaismailo\u011flu bildirib. A.Karaismailo\u011flu qeyd edib ki, T\u00fcrkiy\u0259 tarixi imkanlar\u0131 qazanca \u00e7evirm\u0259k \u00fc\u00e7\u00fcn m\u00fcasir n\u0259qliyyat infrastrukturu yaratmaqdad\u0131r. Nazirin s\u00f6zl\u0259rin\u0259 g\u00f6r\u0259, n\u0259qliyyat\u0131n b\u00fct\u00fcn sah\u0259l\u0259rind\u0259 d\u00fcnyamiqyasl\u0131 layih\u0259l\u0259r planla\u015fd\u0131r\u0131lark\u0259n b\u00f6lg\u0259d\u0259ki d\u0259yi\u015f\u0259n&hellip;","_links":{"self":[{"href":"https:\/\/arantv.az\/index.php?rest_route=\/wp\/v2\/posts\/347142"}],"collection":[{"href":"https:\/\/arantv.az\/index.php?rest_route=\/wp\/v2\/posts"}],"about":[{"href":"https:\/\/arantv.az\/index.php?rest_route=\/wp\/v2\/types\/post"}],"author":[{"embeddable":true,"href":"https:\/\/arantv.az\/index.php?rest_route=\/wp\/v2\/users\/2"}],"replies":[{"embeddable":true,"href":"https:\/\/arantv.az\/index.php?rest_route=%2Fwp%2Fv2%2Fcomments&post=347142"}],"version-history":[{"count":0,"href":"https:\/\/arantv.az\/index.php?rest_route=\/wp\/v2\/posts\/347142\/revisions"}],"wp:featuredmedia":[{"embeddable":true,"href":"https:\/\/arantv.az\/index.php?rest_route=\/wp\/v2\/media\/347143"}],"wp:attachment":[{"href":"https:\/\/arantv.az\/index.php?rest_route=%2Fwp%2Fv2%2Fmedia&parent=347142"}],"wp:term":[{"taxonomy":"category","embeddable":true,"href":"https:\/\/arantv.az\/index.php?rest_route=%2Fwp%2Fv2%2Fcategories&post=347142"},{"taxonomy":"post_tag","embeddable":true,"href":"https:\/\/arantv.az\/index.php?rest_route=%2Fwp%2Fv2%2Ftags&post=347142"}],"curies":[{"name":"wp","href":"https:\/\/api.w.org\/{rel}","templated":true}]}}