{"id":347196,"date":"2021-06-15T09:28:37","date_gmt":"2021-06-15T06:28:37","guid":{"rendered":"http:\/\/arantv.az\/?p=347196"},"modified":"2021-06-15T09:28:37","modified_gmt":"2021-06-15T06:28:37","slug":"agalar-v%c9%99liyev-qazandigimiz-ugurlar-ulu-ond%c9%99r-heyd%c9%99r-%c9%99liyevin-moht%c9%99s%c9%99m-qayidisi-il%c9%99-baglidir","status":"publish","type":"post","link":"https:\/\/arantv.az\/?p=347196","title":{"rendered":"A\u011falar V\u0259liyev: Qazand\u0131\u011f\u0131m\u0131z u\u011furlar Ulu \u00d6nd\u0259r Heyd\u0259r \u018fliyevin m\u00f6ht\u0259\u015f\u0259m qay\u0131d\u0131\u015f\u0131 il\u0259 ba\u011fl\u0131d\u0131r"},"content":{"rendered":"<p><em>Xalq\u0131m\u0131z\u0131n Milli Qurtulu\u015f G\u00fcn\u00fc m\u00fcasir Az\u0259rbaycan tarixinin \u0259n m\u00fch\u00fcm d\u00f6n\u00fc\u015f n\u00f6qt\u0259l\u0259rind\u0259n biridir. Az\u0259rbaycan\u0131n m\u00fcst\u0259qil d\u00f6vl\u0259t olaraq qazand\u0131\u011f\u0131 u\u011furlar\u0131 Milli Qurtulu\u015f G\u00fcn\u00fcnd\u0259n v\u0259 bu g\u00fcn\u00fcn s\u0259b\u0259bkar\u0131 olan Ulu \u00f6nd\u0259r Heyd\u0259r \u018fliyevin m\u00f6ht\u0259\u015f\u0259m qay\u0131d\u0131\u015f\u0131ndan ayr\u0131 t\u0259s\u0259vv\u00fcr etm\u0259k m\u00fcmk\u00fcn deyil. Az\u0259rbaycan\u0131n 1991-ci ild\u0259 qazand\u0131\u011f\u0131 m\u00fcst\u0259qilliyin qorunub saxlanmas\u0131, onun d\u00f6nm\u0259z xarakter almas\u0131 birm\u0259nal\u0131 olaraq \u00dcmummilli lider Heyd\u0259r \u018fliyevin tarixi xidm\u0259ti say\u0131l\u0131r. M\u0259hz bu qay\u0131d\u0131\u015f\u0131n n\u0259tic\u0259sidir ki, indi h\u0259r birimizin q\u00fcrur duydu\u011fu, u\u011furlar\u0131na sevindiyimiz v\u0259 bizim \u00fc\u00e7\u00fcn d\u0259y\u0259rli olan Az\u0259rbaycanda ya\u015fay\u0131r\u0131q.<\/em><\/p>\n<p><em><strong>Bu fikirl\u0259ri \u201c\u0130ki sahil\u201d\u0259 a\u00e7\u0131qlamas\u0131nda Milli M\u0259clisin deputat\u0131 A\u011falar V\u0259liyev s\u00f6yl\u0259yib.<\/strong><\/em><\/p>\n<p>Deputat\u00a0 bildirib ki, Az\u0259rbaycan xalq\u0131 t\u0259r\u0259find\u0259n 15 \u0130yun &#8211; Milli Qurtulu\u015f G\u00fcn\u00fc \u00e7a\u011fda\u015f d\u00f6vl\u0259t\u00e7ilik tariximizin \u0259n \u0259h\u0259miyy\u0259tli\u00a0 hadis\u0259si kimi qeyd edilir. Bu is\u0259 onunla ba\u011fl\u0131d\u0131r ki, insanlar \u00f6z h\u0259yatlar\u0131n\u0131 v\u0259 \u00f6lk\u0259mizin indiki\u00a0 firavanl\u0131\u011f\u0131n\u0131 v\u0259 g\u0259l\u0259c\u0259kl\u0259 ba\u011fl\u0131 arzu &#8211; ist\u0259kl\u0259rini\u00a0 Milli Qurtulu\u015f G\u00fcn\u00fc il\u0259, Heyd\u0259r \u018fliyevin tarixi qay\u0131d\u0131\u015f\u0131 il\u0259 bilavasit\u0259 \u0259laq\u0259l\u0259ndirirl\u0259r. \u00c7\u00fcnki\u00a0 h\u0259r bir v\u0259t\u0259nda\u015f\u0131n h\u0259yat\u0131nda ba\u015f ver\u0259n m\u00fcsb\u0259t d\u0259yi\u015fiklikl\u0259r, ilk n\u00f6vb\u0259d\u0259, Heyd\u0259r \u018fliyevin m\u00f6ht\u0259\u015f\u0259m qay\u0131d\u0131\u015f\u0131 v\u0259 bu qay\u0131d\u0131\u015f\u0131n yaratd\u0131\u011f\u0131 Qurtulu\u015f m\u0259fkur\u0259si il\u0259 birba\u015fa ba\u011fl\u0131d\u0131r. Qurtulu\u015f m\u0259fkur\u0259si eyni zamanda Az\u0259rbaycan insan\u0131n\u0131n m\u0259n\u0259vi b\u00f6hrandan v\u0259 deqradasiyadan xilas olmas\u0131 anlam\u0131n\u0131 da\u015f\u0131y\u0131r.<\/p>\n<p>M\u00fcst\u0259qillik ill\u0259rinin\u00a0 \u0259vv\u0259ll\u0259rind\u0259 Az\u0259rbaycan\u0131n anarxiya, par\u00e7alanmaq v\u0259 m\u0259hv olmaq t\u0259hl\u00fck\u0259si, iqtisadi t\u0259n\u0259zz\u00fcl, beyn\u0259lxalq t\u0259crid il\u0259 \u00fcz-\u00fcz\u0259 qald\u0131\u011f\u0131n\u0131 diqq\u0259t\u0259 \u00e7atd\u0131ran mill\u0259t v\u0259kili \u00dcmummilli lider Heyd\u0259r \u018fliyevin xalq\u0131n t\u0259kidli t\u0259l\u0259bi il\u0259 hakimiyy\u0259t\u0259 qay\u0131d\u0131\u015f\u0131ndan sonra \u00f6lk\u0259mizin siyasi t\u0259lat\u00fcml\u0259rd\u0259n xilas olaraq dinc inki\u015faf yoluna q\u0259d\u0259m qoydu\u011funu, respublikada\u00a0 m\u00fch\u00fcm siyasi v\u0259 iqtisadi islahatlar\u0131n d\u00f6nm\u0259z xarakter ald\u0131\u011f\u0131n\u0131, neft strategiyas\u0131n\u0131n realla\u015fd\u0131r\u0131ld\u0131\u011f\u0131n\u0131, c\u0259bh\u0259d\u0259 at\u0259\u015fk\u0259sin \u0259ld\u0259 olundu\u011funu, nizami ordu quruculu\u011fu prosesin\u0259 ba\u015fland\u0131\u011f\u0131n\u0131 v\u0259 Az\u0259rbaycan c\u0259miyy\u0259tinin inki\u015faf\u0131 \u00fc\u00e7\u00fcn t\u0259m\u0259l prinsipl\u0259rinin yarad\u0131ld\u0131\u011f\u0131n\u0131 bildirib.<\/p>\n<p>A\u011falar V\u0259liyev qeyd edib ki, Ulu \u00f6nd\u0259rin i\u015fl\u0259yib haz\u0131rlad\u0131\u011f\u0131 m\u00fcst\u0259qil d\u00f6vl\u0259t quruculu\u011fu konsepsiyas\u0131 m\u00fcasir Az\u0259rbaycan\u0131n u\u011furlar\u0131n\u0131n b\u00fcn\u00f6vr\u0259sind\u0259 dayanaraq g\u0259l\u0259c\u0259k inki\u015faf\u0131n, misli g\u00f6r\u00fcnm\u0259mi\u015f u\u011furlar\u0131n \u0259sas\u0131n\u0131 qoyub.<\/p>\n<p>Ayd\u0131n bir h\u0259qiq\u0259tdir ki, xalq\u0131n t\u0259kidli t\u0259l\u0259bi il\u0259 1993-c\u00fc ild\u0259 Ulu \u00f6nd\u0259rin qay\u0131d\u0131\u015f\u0131 say\u0259sind\u0259 Az\u0259rbaycan par\u00e7alanmaqdan,\u00a0 xaos v\u0259 siyasi anarxiyadan, iqtisadi b\u00f6hran kimi \u00fcmidsizlik a\u015f\u0131layan b\u0259lalardan xilas oldu. \u00d6lk\u0259d\u0259 sabitlik v\u0259 \u0259min-amanl\u0131q t\u0259min edildi, islahatlar h\u0259yata ke\u00e7irildi.<\/p>\n<p>Mill\u0259t v\u0259kilinin s\u00f6zl\u0259rin\u0259 g\u00f6r\u0259, Heyd\u0259r \u018fliyev bu g\u00fcn \u0259b\u0259di m\u00fcst\u0259qilliyin\u0259 qovu\u015fmu\u015f m\u00fcasir Az\u0259rbaycan d\u00f6vl\u0259tinin memar\u0131 say\u0131l\u0131r. \u00dcmummilli liderimizin siyas\u0259ti h\u0259r zaman \u00f6lk\u0259mizin inki\u015faf\u0131n\u0131n v\u0259 yenil\u0259\u015fm\u0259sinin \u0259sas\u0131n\u0131 t\u0259\u015fkil edib. 2003-c\u00fc ild\u0259n bu g\u00fcn\u0259 q\u0259d\u0259r Az\u0259rbaycan\u0131n Prezident \u0130lham \u018fliyevin r\u0259hb\u0259rliyi alt\u0131nda q\u00fcdr\u0259tli inki\u015faf\u0131nda bu siyas\u0259t h\u0259lledici rol oynay\u0131b v\u0259 bu siyasi kursun u\u011furla davam etdirilm\u0259si say\u0259sind\u0259 insanlar\u0131n rifah\u0131 \u0259h\u0259miyy\u0259tli d\u0259r\u0259c\u0259d\u0259 y\u00fcks\u0259lib, \u00f6lk\u0259nin h\u0259rbi q\u00fcdr\u0259ti m\u00fcqayis\u0259edilm\u0259z d\u0259r\u0259c\u0259d\u0259 g\u00fccl\u0259nib. Yenil\u0259\u015fm\u0259 n\u0259tic\u0259sind\u0259 \u015f\u0259h\u0259r v\u0259 k\u0259ndl\u0259rimizin simas\u0131 k\u00f6k\u00fcnd\u0259n d\u0259yi\u015fib. Bu g\u00fcn Az\u0259rbaycan d\u00fcnyada \u0259n u\u011furlu g\u0259nc d\u00f6vl\u0259t kimi q\u0259bul olunur, onun parlaq g\u0259l\u0259c\u0259yin\u0259\u00a0 olan inam d\u00fcnya birliyind\u0259 biz\u0259 \u00e7oxlu dostlar qazand\u0131r\u0131b. \u00d6lk\u0259mizin m\u00f6vqeyinin g\u00fccl\u0259nm\u0259si, bir \u00e7ox beyn\u0259lxalq reytinql\u0259rd\u0259 \u0259n m\u00f6t\u0259b\u0259r yerl\u0259rd\u0259 m\u00f6vqe tutmas\u0131 insanlar\u0131m\u0131z\u0131n q\u00fcrur m\u0259nb\u0259yin\u0259 \u00e7evrilib.<\/p>\n<p>M\u0259hz bu u\u011furlu siyasi kursun\u00a0 m\u0259ntiqi n\u0259tic\u0259sidir ki, Prezident, M\u00fcz\u0259ff\u0259r Ali Ba\u015f Komandan \u0130lham \u018fliyevin r\u0259hb\u0259rliyi alt\u0131nda d\u00f6vl\u0259timiz 44 g\u00fcnl\u00fck V\u0259t\u0259n M\u00fcharib\u0259sind\u0259 m\u00fctl\u0259q Q\u0259l\u0259b\u0259 qazand\u0131 v\u0259 torpaqlar\u0131m\u0131z\u0131n \u0259razi b\u00fct\u00f6vl\u00fcy\u00fc t\u0259min edildi.<\/p>\n<p>T\u0259sad\u00fcfi deyil ki, Az\u0259rbaycan Prezidenti \u0130lham \u018fliyev 8 noyabr Z\u0259f\u0259r G\u00fcn\u00fcn\u00fcn t\u0259sis edilm\u0259si haqq\u0131nda S\u0259r\u0259ncam imzalay\u0131b.<\/p>\n<p>Deputat qeyd edib ki, \u0259razi b\u00fct\u00f6vl\u00fcy\u00fcm\u00fcz\u00fcn m\u00fcdafi\u0259si il\u0259 \u0259laq\u0259dar yaralananlar\u0131n v\u0259 \u015f\u0259hid ail\u0259l\u0259rinin t\u0259minat\u0131 il\u0259 ba\u011fl\u0131 apar\u0131lan sosial siyas\u0259t xalq\u0131n arzu v\u0259 ist\u0259kl\u0259rin\u0259 cavab verir. Bu g\u00fcn d\u00f6vl\u0259t ba\u015f\u00e7\u0131m\u0131z t\u0259r\u0259find\u0259n h\u0259yata ke\u00e7iril\u0259n siyas\u0259tin v\u0259t\u0259nda\u015flar\u0131m\u0131z t\u0259r\u0259find\u0259n r\u0259\u011fb\u0259tl\u0259 qar\u015f\u0131lanmas\u0131 Ulu \u00f6nd\u0259r t\u0259r\u0259find\u0259n \u0259sas\u0131 qoyulan xalq-iqtidar birliyinin g\u00fccl\u00fc v\u0259 davaml\u0131 olmas\u0131ndan x\u0259b\u0259r verir. Milli M\u0259clisin \u00fczv\u00fc onu da vur\u011fulay\u0131b\u00a0 ki, bu g\u00fcnl\u0259rd\u0259 Erm\u0259nistan\u0131n A\u011fdam rayonu \u00fczr\u0259 97 min tank v\u0259 piyada \u0259leyhin\u0259 minalar\u0131n yerl\u0259\u015fdirildiyi \u0259razil\u0259rin x\u0259rit\u0259l\u0259rini Az\u0259rbaycan t\u0259r\u0259fin\u0259 t\u0259qdim etm\u0259si b\u00f6y\u00fck bir siyasi-diplomatik u\u011fur kimi d\u0259y\u0259rl\u0259ndirildi v\u0259 bu bir daha g\u00f6st\u0259rdi ki, Az\u0259rbaycan Prezidenti \u0130lham \u018fliyev i\u015f\u011fal alt\u0131ndak\u0131 torpaqlar\u0131n d\u00fc\u015fm\u0259nd\u0259n azad olunmas\u0131, b\u0259rpa i\u015fl\u0259rinin sistemli g\u00f6r\u00fclm\u0259si v\u0259 b\u00f6y\u00fck qay\u0131d\u0131\u015f \u00fc\u00e7\u00fcn geni\u015f bir konsepsiya h\u0259yata ke\u00e7irm\u0259y\u0259 qadirdir. Minalanm\u0131\u015f \u0259razil\u0259rin x\u0259rit\u0259sinin m\u00fcqabilind\u0259 15 n\u0259f\u0259r saxlan\u0131lm\u0131\u015f erm\u0259ninin Az\u0259rbaycan-G\u00fcrc\u00fcstan s\u0259rh\u0259dind\u0259 G\u00fcrc\u00fcstan n\u00fcmay\u0259nd\u0259l\u0259rinin i\u015ftirak\u0131 il\u0259 Erm\u0259nistana t\u0259hvil verilm\u0259si is\u0259 Az\u0259rbaycan\u0131n regional s\u00fclh t\u0259\u015f\u0259bb\u00fcs\u00fcnd\u0259 lider d\u00f6vl\u0259t oldu\u011funu t\u0259sdiql\u0259y\u0259n n\u00f6vb\u0259ti add\u0131md\u0131r.<\/p>\n<p>Qazan\u0131lan b\u00fct\u00fcn bu son u\u011furlar bir daha onu t\u0259sdiql\u0259yir ki, Az\u0259rbaycan Heyd\u0259r \u018fliyevin qoydu\u011fu yolla ged\u0259r\u0259k \u0259n u\u011furlu \u00f6lk\u0259 ad\u0131n\u0131 h\u0259l\u0259 uzun ill\u0259r qoruyacaq.<\/p>\n","protected":false},"excerpt":{"rendered":"<p>Xalq\u0131m\u0131z\u0131n Milli Qurtulu\u015f G\u00fcn\u00fc m\u00fcasir Az\u0259rbaycan tarixinin \u0259n m\u00fch\u00fcm d\u00f6n\u00fc\u015f n\u00f6qt\u0259l\u0259rind\u0259n biridir. Az\u0259rbaycan\u0131n m\u00fcst\u0259qil d\u00f6vl\u0259t olaraq qazand\u0131\u011f\u0131 u\u011furlar\u0131 Milli Qurtulu\u015f G\u00fcn\u00fcnd\u0259n v\u0259 bu g\u00fcn\u00fcn s\u0259b\u0259bkar\u0131 olan Ulu \u00f6nd\u0259r Heyd\u0259r \u018fliyevin m\u00f6ht\u0259\u015f\u0259m qay\u0131d\u0131\u015f\u0131ndan ayr\u0131 t\u0259s\u0259vv\u00fcr etm\u0259k m\u00fcmk\u00fcn deyil. Az\u0259rbaycan\u0131n 1991-ci ild\u0259 qazand\u0131\u011f\u0131 m\u00fcst\u0259qilliyin qorunub saxlanmas\u0131, onun d\u00f6nm\u0259z xarakter almas\u0131 birm\u0259nal\u0131 olaraq \u00dcmummilli lider Heyd\u0259r \u018fliyevin tarixi xidm\u0259ti say\u0131l\u0131r. M\u0259hz bu qay\u0131d\u0131\u015f\u0131n n\u0259tic\u0259sidir ki, indi h\u0259r birimizin q\u00fcrur duydu\u011fu, u\u011furlar\u0131na sevindiyimiz v\u0259 bizim \u00fc\u00e7\u00fcn d\u0259y\u0259rli olan Az\u0259rbaycanda ya\u015fay\u0131r\u0131q. Bu fikirl\u0259ri \u201c\u0130ki sahil\u201d\u0259 a\u00e7\u0131qlamas\u0131nda Milli M\u0259clisin deputat\u0131 A\u011falar V\u0259liyev s\u00f6yl\u0259yib. Deputat\u00a0 bildirib ki,&hellip;<\/p>\n","protected":false},"author":2,"featured_media":347197,"comment_status":"closed","ping_status":"closed","sticky":false,"template":"","format":"standard","meta":{"om_disable_all_campaigns":false,"_monsterinsights_skip_tracking":false,"_monsterinsights_sitenote_active":false,"_monsterinsights_sitenote_note":"","_monsterinsights_sitenote_category":0},"categories":[4],"tags":[],"aioseo_notices":[],"gutentor_comment":0,"rttpg_featured_image_url":{"full":["https:\/\/arantv.az\/wp-content\/uploads\/2021\/06\/b93e78c6160775244782658852110123796.jpg",975,540,false],"landscape":["https:\/\/arantv.az\/wp-content\/uploads\/2021\/06\/b93e78c6160775244782658852110123796.jpg",975,540,false],"portraits":["https:\/\/arantv.az\/wp-content\/uploads\/2021\/06\/b93e78c6160775244782658852110123796.jpg",975,540,false],"thumbnail":["https:\/\/arantv.az\/wp-content\/uploads\/2021\/06\/b93e78c6160775244782658852110123796-500x280.jpg",500,280,true],"medium":["https:\/\/arantv.az\/wp-content\/uploads\/2021\/06\/b93e78c6160775244782658852110123796-660x365.jpg",660,365,true],"large":["https:\/\/arantv.az\/wp-content\/uploads\/2021\/06\/b93e78c6160775244782658852110123796-840x465.jpg",640,354,true],"1536x1536":["https:\/\/arantv.az\/wp-content\/uploads\/2021\/06\/b93e78c6160775244782658852110123796.jpg",975,540,false],"2048x2048":["https:\/\/arantv.az\/wp-content\/uploads\/2021\/06\/b93e78c6160775244782658852110123796.jpg",975,540,false],"post-thumbnail":["https:\/\/arantv.az\/wp-content\/uploads\/2021\/06\/b93e78c6160775244782658852110123796-240x172.jpg",240,172,true],"advps-thumb-one":["https:\/\/arantv.az\/wp-content\/uploads\/2021\/06\/b93e78c6160775244782658852110123796.jpg",975,540,false]},"rttpg_author":{"display_name":"V\u00fcsal Rafiqo\u011flu","author_link":"https:\/\/arantv.az\/?author=2"},"rttpg_comment":0,"rttpg_category":"<a href=\"https:\/\/arantv.az\/?cat=4\" rel=\"category\">Siyas\u0259t<\/a>","rttpg_excerpt":"Xalq\u0131m\u0131z\u0131n Milli Qurtulu\u015f G\u00fcn\u00fc m\u00fcasir Az\u0259rbaycan tarixinin \u0259n m\u00fch\u00fcm d\u00f6n\u00fc\u015f n\u00f6qt\u0259l\u0259rind\u0259n biridir. Az\u0259rbaycan\u0131n m\u00fcst\u0259qil d\u00f6vl\u0259t olaraq qazand\u0131\u011f\u0131 u\u011furlar\u0131 Milli Qurtulu\u015f G\u00fcn\u00fcnd\u0259n v\u0259 bu g\u00fcn\u00fcn s\u0259b\u0259bkar\u0131 olan Ulu \u00f6nd\u0259r Heyd\u0259r \u018fliyevin m\u00f6ht\u0259\u015f\u0259m qay\u0131d\u0131\u015f\u0131ndan ayr\u0131 t\u0259s\u0259vv\u00fcr etm\u0259k m\u00fcmk\u00fcn deyil. Az\u0259rbaycan\u0131n 1991-ci ild\u0259 qazand\u0131\u011f\u0131 m\u00fcst\u0259qilliyin qorunub saxlanmas\u0131, onun d\u00f6nm\u0259z xarakter almas\u0131 birm\u0259nal\u0131 olaraq \u00dcmummilli lider Heyd\u0259r \u018fliyevin tarixi&hellip;","_links":{"self":[{"href":"https:\/\/arantv.az\/index.php?rest_route=\/wp\/v2\/posts\/347196"}],"collection":[{"href":"https:\/\/arantv.az\/index.php?rest_route=\/wp\/v2\/posts"}],"about":[{"href":"https:\/\/arantv.az\/index.php?rest_route=\/wp\/v2\/types\/post"}],"author":[{"embeddable":true,"href":"https:\/\/arantv.az\/index.php?rest_route=\/wp\/v2\/users\/2"}],"replies":[{"embeddable":true,"href":"https:\/\/arantv.az\/index.php?rest_route=%2Fwp%2Fv2%2Fcomments&post=347196"}],"version-history":[{"count":0,"href":"https:\/\/arantv.az\/index.php?rest_route=\/wp\/v2\/posts\/347196\/revisions"}],"wp:featuredmedia":[{"embeddable":true,"href":"https:\/\/arantv.az\/index.php?rest_route=\/wp\/v2\/media\/347197"}],"wp:attachment":[{"href":"https:\/\/arantv.az\/index.php?rest_route=%2Fwp%2Fv2%2Fmedia&parent=347196"}],"wp:term":[{"taxonomy":"category","embeddable":true,"href":"https:\/\/arantv.az\/index.php?rest_route=%2Fwp%2Fv2%2Fcategories&post=347196"},{"taxonomy":"post_tag","embeddable":true,"href":"https:\/\/arantv.az\/index.php?rest_route=%2Fwp%2Fv2%2Ftags&post=347196"}],"curies":[{"name":"wp","href":"https:\/\/api.w.org\/{rel}","templated":true}]}}