{"id":347584,"date":"2021-06-15T21:32:18","date_gmt":"2021-06-15T18:32:18","guid":{"rendered":"https:\/\/arantv.az\/?p=347584"},"modified":"2021-06-15T21:32:18","modified_gmt":"2021-06-15T18:32:18","slug":"susa-b%c9%99yannam%c9%99si-az%c9%99rbaycan-turkiy%c9%99-munasib%c9%99tl%c9%99ri-%c9%99n-uca-zirv%c9%99y%c9%99-yuks%c9%99l%c9%99r%c9%99k-yeni-m%c9%99rh%c9%99l%c9%99y%c9%99-q%c9%99d%c9%99m-qoydu","status":"publish","type":"post","link":"https:\/\/arantv.az\/?p=347584","title":{"rendered":"\u015eu\u015fa B\u0259yannam\u0259si: Az\u0259rbaycan-T\u00fcrkiy\u0259 m\u00fcnasib\u0259tl\u0259ri \u0259n uca zirv\u0259y\u0259 y\u00fcks\u0259l\u0259r\u0259k yeni m\u0259rh\u0259l\u0259y\u0259 q\u0259d\u0259m qoydu"},"content":{"rendered":"<p>\u0130yunun 15-d\u0259 T\u00fcrkiy\u0259 Respublikas\u0131n\u0131n Prezidenti R\u0259c\u0259b Tayyib \u018frdo\u011fan Erm\u0259nistan\u0131n i\u015f\u011fal\u0131ndan azad olunan \u015eu\u015fa \u015f\u0259h\u0259rin\u0259 tarixi s\u0259f\u0259r edib v\u0259 Qaraba\u011f\u0131n \u00fcr\u0259yi olan \u015eu\u015fada tarixi b\u0259yannam\u0259y\u0259 imza at\u0131l\u0131b.<\/p>\n<p><strong>ARANTV.AZ<\/strong>\u00a0 x\u0259b\u0259r verir ki, Az\u0259rbaycan \u00fc\u00e7\u00fcn \u00e7ox \u00f6n\u0259mli bir tarixd\u0259 &#8211; Milli Qurtulu\u015f G\u00fcn\u00fcnd\u0259, Qars m\u00fcqavil\u0259sind\u0259n y\u00fcz il sonra iki dost v\u0259 qarda\u015f \u00f6lk\u0259 aras\u0131nda imzalanan m\u00fctt\u0259fiqlik m\u00fcnasib\u0259tl\u0259rin\u0259 dair \u015eu\u015fa B\u0259yannam\u0259sini prezidentl\u0259r \u0130lham \u018fliyev v\u0259 R\u0259c\u0259b Tayyib \u018frdo\u011fan imzalay\u0131blar.<\/p>\n<p>\u015eu\u015fa B\u0259yannam\u0259si m\u00fcst\u0259sna siyasi v\u0259 tarixi \u0259h\u0259miyy\u0259t\u0259 malikdir. Az\u0259rbaycan xalq\u0131n\u0131n \u00fcmummilli lideri Heyd\u0259r \u018fliyevin \u201cBir mill\u0259t, iki d\u00f6vl\u0259t\u201d v\u0259 T\u00fcrkiy\u0259 C\u00fcmhuriyy\u0259tinin qurucusu Mustafa Kamal Atat\u00fcrk\u00fcn \u201cAz\u0259rbaycan\u0131n sevinci bizim sevincimiz, k\u0259d\u0259ri bizim k\u0259d\u0259rimizdir\u201d k\u0259lamlar\u0131 il\u0259 xarakteriz\u0259 olunan Az\u0259rbaycan-T\u00fcrkiy\u0259 m\u00fcnasib\u0259tl\u0259ri bununla \u00f6z zirv\u0259sin\u0259 y\u00fcks\u0259lib v\u0259 yeni bir m\u0259rh\u0259l\u0259y\u0259 q\u0259d\u0259m qoyub.<\/p>\n<div id=\"AdviadNativeVideo0\" class=\"AdviadNativeVideo\"><\/div>\n<p>Bu tarixi s\u0259n\u0259d iki qarda\u015f \u00f6lk\u0259nin \u00fcmumi maraqlar\u0131n\u0131n qorunmas\u0131nda imkanlar\u0131n birl\u0259\u015fdirilm\u0259sinin, el\u0259c\u0259 d\u0259 ortaq maraq k\u0259sb ed\u0259n regional v\u0259 beyn\u0259lxalq strateji m\u0259s\u0259l\u0259l\u0259rd\u0259 f\u0259aliyy\u0259tl\u0259rin qar\u015f\u0131l\u0131ql\u0131 \u015f\u0259kild\u0259 \u0259laq\u0259l\u0259ndirilm\u0259sinin m\u0259ntiqi n\u0259tic\u0259si olaraq \u00f6lk\u0259l\u0259rimizin regional v\u0259 beyn\u0259lxalq rolunu, \u00e7\u0259kisini daha da art\u0131racaq.<\/p>\n<p>Erm\u0259nistan\u0131n 30 illik t\u0259cav\u00fcz\u00fcn\u0259 son qoyulmas\u0131nda, i\u015f\u011fal olunmu\u015f torpaqlar\u0131n azad olunmas\u0131nda, Az\u0259rbaycan\u0131n \u0259razi b\u00fct\u00f6vl\u00fcy\u00fcn\u00fcn b\u0259rpa edilm\u0259sind\u0259 T\u00fcrkiy\u0259nin m\u0259n\u0259vi-siyasi d\u0259st\u0259yi xalq\u0131m\u0131z t\u0259r\u0259find\u0259n y\u00fcks\u0259k qiym\u0259tl\u0259ndirilir. Haz\u0131rda Qafqaz regionunda sabitliyin v\u0259 t\u0259hl\u00fck\u0259sizliyin m\u00f6hk\u0259ml\u0259ndirilm\u0259si, b\u00fct\u00fcn iqtisadi v\u0259 n\u0259qliyyat \u0259laq\u0259l\u0259rinin b\u0259rpas\u0131, el\u0259c\u0259 d\u0259 region d\u00f6vl\u0259tl\u0259ri aras\u0131nda m\u00fcnasib\u0259tl\u0259rin normalla\u015fd\u0131r\u0131lmas\u0131 v\u0259 uzunm\u00fcdd\u0259tli s\u00fclh\u00fcn t\u0259min edilm\u0259si istiqam\u0259tind\u0259 \u00f6lk\u0259l\u0259rimizin birg\u0259 t\u0259\u015f\u0259bb\u00fcsl\u0259ri bu sah\u0259d\u0259 s\u0259yl\u0259rin art\u0131r\u0131lmas\u0131n\u0131n z\u0259ruriliyini g\u00f6st\u0259r\u0259n \u0259n g\u00f6z\u0259l n\u00fcmun\u0259dir. Eyni zamanda, Qaraba\u011fda T\u00fcrkiy\u0259-Rusiya Birg\u0259 M\u0259rk\u0259zinin f\u0259aliyy\u0259ti regionda s\u00fclh\u00fcn b\u0259rq\u0259rar olunmas\u0131n\u0131n t\u0259sirli mexanizmi kimi diqq\u0259t \u00e7\u0259kir.<\/p>\n<p>\u015eu\u015fa B\u0259yannam\u0259si m\u00fcst\u0259qillik, suverenlik, \u0259razi b\u00fct\u00f6vl\u00fcy\u00fc, beyn\u0259lxalq s\u0259viyy\u0259d\u0259 tan\u0131nm\u0131\u015f s\u0259rh\u0259dl\u0259rin toxunulmazl\u0131\u011f\u0131, d\u00f6vl\u0259tl\u0259rin daxili i\u015fl\u0259rin\u0259 qar\u0131\u015fmamaq prinsipl\u0259rini r\u0259hb\u0259r tutan, milli maraq v\u0259 m\u0259nafel\u0259rini m\u00fcdafi\u0259 v\u0259 t\u0259min etm\u0259y\u0259 y\u00f6n\u0259lmi\u015f m\u00fcst\u0259qil xarici siyas\u0259t h\u0259yata ke\u00e7ir\u0259n h\u0259r iki \u00f6lk\u0259 t\u0259r\u0259find\u0259n m\u00fctt\u0259fiqlik m\u00fcnasib\u0259tl\u0259rinin qurulmas\u0131n\u0131n siyasi v\u0259 h\u00fcquqi mexanizml\u0259rini m\u00fc\u0259yy\u0259nl\u0259\u015fdirm\u0259k bax\u0131m\u0131ndan m\u00fch\u00fcm \u0259h\u0259miyy\u0259t k\u0259sb edir. T\u00fcrkiy\u0259 v\u0259 Az\u0259rbaycan qar\u015f\u0131l\u0131ql\u0131 maraq do\u011furan beyn\u0259lxalq m\u0259s\u0259l\u0259l\u0259r \u00fczr\u0259 h\u0259mr\u0259ylik v\u0259 qar\u015f\u0131l\u0131ql\u0131 d\u0259st\u0259k n\u00fcmayi\u015f etdir\u0259r\u0259k eyni m\u00f6vqed\u0259n \u00e7\u0131x\u0131\u015f etm\u0259kl\u0259 ikit\u0259r\u0259fli \u0259m\u0259kda\u015fl\u0131\u011f\u0131n d\u0259rinl\u0259\u015fdirilm\u0259si il\u0259 yana\u015f\u0131, h\u0259m\u00e7inin BMT, AT\u018fT, Avropa \u015euras\u0131, TD\u018f\u015e, \u0130slam \u018fm\u0259kda\u015fl\u0131q T\u0259\u015fkilat\u0131 daxil olmaqla, beyn\u0259lxalq v\u0259 regional t\u0259\u015fkilatlar \u00e7\u0259r\u00e7iv\u0259sind\u0259 bir-birin\u0259 qar\u015f\u0131l\u0131ql\u0131 d\u0259st\u0259k verirl\u0259r.<\/p>\n<p>S\u0259n\u0259dd\u0259 birg\u0259 milli m\u0259nafel\u0259r bax\u0131m\u0131ndan siyasi, h\u0259rbi v\u0259 t\u0259hl\u00fck\u0259sizlik sah\u0259l\u0259rind\u0259 \u0259laq\u0259l\u0259ndirilmi\u015f v\u0259 birg\u0259 f\u0259aliyy\u0259tl\u0259rin t\u0259\u015fviq edilm\u0259si d\u0259 x\u00fcsusi yer tutur. T\u0259r\u0259fl\u0259rd\u0259n h\u0259r hans\u0131 birinin m\u00fcst\u0259qilliyin\u0259, suverenliyin\u0259, \u0259razi b\u00fct\u00f6vl\u00fcy\u00fcn\u0259, beyn\u0259lxalq s\u0259viyy\u0259d\u0259 tan\u0131nm\u0131\u015f s\u0259rh\u0259dl\u0259rinin toxunulmazl\u0131\u011f\u0131na v\u0259 ya t\u0259hl\u00fck\u0259sizliyin\u0259 qar\u015f\u0131 \u00fc\u00e7\u00fcnc\u00fc d\u00f6vl\u0259t v\u0259 ya d\u00f6vl\u0259tl\u0259r t\u0259r\u0259find\u0259n t\u0259hdid v\u0259 ya t\u0259cav\u00fcz edildiyi t\u0259qdird\u0259, birg\u0259 m\u0259sl\u0259h\u0259tl\u0259\u015fm\u0259l\u0259r apar\u0131lmas\u0131, bu t\u0259hdid v\u0259 ya t\u0259cav\u00fcz\u00fcn aradan qald\u0131r\u0131lmas\u0131 m\u0259qs\u0259dil\u0259 BMT Nizamnam\u0259sinin m\u0259qs\u0259d v\u0259 prinsipl\u0259rin\u0259 m\u00fcvafiq t\u0259\u015f\u0259bb\u00fcs h\u0259yata ke\u00e7irilm\u0259si, BMT Nizamnam\u0259sin\u0259 uy\u011fun olaraq bir-birin\u0259 laz\u0131mi yard\u0131m g\u00f6st\u0259rm\u0259si, Silahl\u0131 Q\u00fcvv\u0259l\u0259rin g\u00fcc v\u0259 idar\u0259etm\u0259 strukturlar\u0131n\u0131n \u0259laq\u0259l\u0259ndirilmi\u015f f\u0259aliyy\u0259tinin t\u0259\u015fkili n\u0259z\u0259rd\u0259 tutulur.<\/p>\n<p>\u015eu\u015fa B\u0259yannam\u0259sind\u0259 silahl\u0131 q\u00fcvv\u0259l\u0259rimizin m\u00fcasir t\u0259l\u0259bl\u0259r\u0259 uy\u011fun olaraq yenid\u0259n formala\u015fd\u0131r\u0131lmas\u0131 v\u0259 modernl\u0259\u015fdirilm\u0259si istiqam\u0259tind\u0259 birg\u0259 s\u0259yl\u0259rin g\u00f6st\u0259rilm\u0259si, m\u00fcdafi\u0259 qabiliyy\u0259tl\u0259rinin v\u0259 h\u0259rbi t\u0259hl\u00fck\u0259sizliyin m\u00f6hk\u0259ml\u0259ndirilm\u0259sin\u0259 y\u00f6n\u0259l\u0259n t\u0259dbirl\u0259rin h\u0259yata ke\u00e7irilm\u0259si, iki \u00f6lk\u0259nin silahl\u0131 q\u00fcvv\u0259l\u0259rinin birlikd\u0259 f\u0259aliyy\u0259t qabiliyy\u0259tinin art\u0131r\u0131lmas\u0131, m\u00fcasir texnologiyalara \u0259saslanan silah v\u0259 sursatlar\u0131n idar\u0259 olunmas\u0131nda s\u0131x \u0259m\u0259kda\u015fl\u0131\u011f\u0131 v\u0259 bu m\u0259qs\u0259dl\u0259 s\u0259lahiyy\u0259tli struktur v\u0259 qurumlar\u0131n \u0259laq\u0259li f\u0259aliyy\u0259tinin t\u0259min edilm\u0259si vur\u011fulan\u0131r. Buraya, h\u0259m\u00e7inin h\u0259r iki \u00f6lk\u0259nin T\u0259hl\u00fck\u0259sizlik \u015furalar\u0131n\u0131n milli t\u0259hl\u00fck\u0259sizlik m\u0259s\u0259l\u0259l\u0259ri \u00fczr\u0259 m\u00fcnt\u0259z\u0259m olaraq birg\u0259 iclaslar\u0131n\u0131n ke\u00e7irilm\u0259si v\u0259 bu iclaslarda milli m\u0259nafe, \u00f6lk\u0259l\u0259rin maraqlar\u0131na toxunan regional v\u0259 beyn\u0259lxalq t\u0259hl\u00fck\u0259sizlik m\u0259s\u0259l\u0259l\u0259rinin m\u00fczakir\u0259sinin apar\u0131lmas\u0131 daxildir.<\/p>\n<p>Ticar\u0259t-iqtisadi m\u00fcnasib\u0259tl\u0259r\u0259 g\u0259linc\u0259, milli iqtisadiyyatlar\u0131n v\u0259 ixrac\u0131n \u015fax\u0259l\u0259ndirilm\u0259si \u00fczr\u0259 s\u0259yl\u0259rin art\u0131r\u0131lmas\u0131, mallar\u0131n s\u0259rb\u0259st h\u0259r\u0259k\u0259tinin t\u0259\u015fkili mexanizml\u0259rinin yarad\u0131lmas\u0131 istiqam\u0259tind\u0259 z\u0259ruri t\u0259dbirl\u0259rin g\u00f6r\u00fclm\u0259si, C\u0259nub Qaz D\u0259hlizinin s\u0259m\u0259r\u0259li \u015f\u0259kild\u0259 istifad\u0259 olunmas\u0131na v\u0259 daha da inki\u015faf edirilm\u0259sin\u0259 y\u00f6n\u0259ldilmi\u015f s\u0259yl\u0259rin \u0259laq\u0259l\u0259ndilmi\u015f \u015f\u0259kild\u0259 davam etdirilm\u0259si, intellektual n\u0259qliyyat sisteml\u0259ri texnologiyalar\u0131ndan istifad\u0259 etm\u0259kl\u0259 beyn\u0259lxalq n\u0259qliyyat d\u0259hlizl\u0259rinin Az\u0259rbaycan-T\u00fcrkiy\u0259 hiss\u0259l\u0259rind\u0259 tranzit-n\u0259qliyyat potensial\u0131n\u0131n daha da inki\u015faf\u0131, Az\u0259rbaycan v\u0259 T\u00fcrkiy\u0259ni birl\u0259\u015fdir\u0259n Z\u0259ng\u0259zur d\u0259hlizinin a\u00e7\u0131lmas\u0131, regionda n\u0259qliyyat-kommunikasiya \u0259laq\u0259l\u0259rinin b\u0259rpas\u0131, beyn\u0259lxalq n\u0259qliyyat d\u0259hlizl\u0259rinin inki\u015faf\u0131n\u0131n t\u0259\u015fviqi kimi aktual m\u0259s\u0259l\u0259l\u0259r d\u0259 yer al\u0131r.<\/p>\n<p>Tarixi s\u0259n\u0259d \u00f6z\u00fcnd\u0259 Az\u0259rbaycan v\u0259 t\u00fcrk diasporlar\u0131 aras\u0131nda \u0259m\u0259kda\u015fl\u0131\u011f\u0131n daha da inki\u015faf etdirilm\u0259si, \u00fcmumi probleml\u0259rl\u0259 ba\u011fl\u0131 birg\u0259 add\u0131mlar\u0131n at\u0131lmas\u0131, davaml\u0131 h\u0259mr\u0259ylik g\u00f6st\u0259rilm\u0259si, milli m\u0259nafel\u0259rin qorunmas\u0131na dair tarixi h\u0259qiq\u0259tl\u0259rin d\u00fcnya ictimaiyy\u0259tin\u0259 \u00e7atd\u0131r\u0131lmas\u0131nda diaspor f\u0259aliyy\u0259tinin \u0259laq\u0259l\u0259ndirilm\u0259si v\u0259 qar\u015f\u0131l\u0131ql\u0131 d\u0259st\u0259yin verilm\u0259sini d\u0259 ehtiva edir.<\/p>\n<p>Vur\u011fulan\u0131r ki, Erm\u0259nistan\u0131n T\u00fcrkiy\u0259y\u0259 qar\u015f\u0131 \u0259sass\u0131z iddialar\u0131n\u0131n, tarixin saxtala\u015fd\u0131r\u0131lmas\u0131 v\u0259 tarixi faktlar\u0131n t\u0259hrif olunmaqla siyasil\u0259\u015fdirilm\u0259si c\u0259hdl\u0259rinin regionda s\u00fclh\u00fc v\u0259 sabitliyi t\u0259hdid etm\u0259si n\u0259z\u0259r\u0259 al\u0131nmaqla, 1915-ci il hadis\u0259l\u0259ri il\u0259 ba\u011fl\u0131 arxivl\u0259rin a\u00e7\u0131lmas\u0131 v\u0259 bu m\u00f6vzuda tarix\u00e7il\u0259r t\u0259r\u0259find\u0259n ara\u015fd\u0131rmalar\u0131n apar\u0131lmas\u0131na y\u00f6n\u0259lmi\u015f s\u0259yl\u0259rin q\u0259tiyy\u0259tl\u0259 d\u0259st\u0259kl\u0259nm\u0259si vacibdir.<\/p>\n<p>Az\u0259rbaycan-T\u00fcrkiy\u0259 Media Platformas\u0131n\u0131n imkanlar\u0131 \u00e7\u0259r\u00e7iv\u0259sind\u0259 iki \u00f6lk\u0259nin aidiyy\u0259ti qurumlar\u0131 aras\u0131nda informasiya, kommunikasiya v\u0259 ictimai diplomatiya sah\u0259sind\u0259 \u0259m\u0259kda\u015fl\u0131q g\u00fccl\u0259ndirilm\u0259li, T\u00fcrk h\u0259mr\u0259yliyinin daha da m\u00f6hk\u0259ml\u0259ndirilm\u0259si m\u0259qs\u0259dil\u0259 TD\u018f\u015e v\u0259 \u0259laq\u0259dar qurumlar \u00e7\u0259r\u00e7iv\u0259sind\u0259 h\u0259yata ke\u00e7iril\u0259n f\u0259aliyy\u0259tl\u0259r\u0259 t\u0259kan verilm\u0259lidir.<\/p>\n<p>Qeyd ed\u0259k ki, Az\u0259rbaycan-T\u00fcrkiy\u0259 m\u00fcnasib\u0259tl\u0259ri haz\u0131rda \u00f6z\u00fcn\u00fcn \u0259n uca zirv\u0259sin\u0259 y\u00fcks\u0259lib. Xalqlar\u0131m\u0131z\u0131n eyni soyk\u00f6k\u0259, dil\u0259, din\u0259, m\u0259d\u0259niyy\u0259t\u0259 v\u0259 bir \u00e7ox dig\u0259r qar\u015f\u0131l\u0131ql\u0131 ba\u011flara malik olmas\u0131 \u00f6lk\u0259l\u0259rimizi h\u0259mi\u015f\u0259 bir-birin\u0259 yax\u0131n edib, xalqlar\u0131m\u0131z sevincli, k\u0259d\u0259rli g\u00fcnl\u0259rd\u0259 d\u0259 bir-birinin yan\u0131nda olub.<\/p>\n<p>Az\u0259rbaycan v\u0259 T\u00fcrkiy\u0259 aras\u0131nda \u0259laq\u0259l\u0259rin y\u00fcks\u0259k s\u0259viyy\u0259si \u00fcmumilikd\u0259 regionun t\u0259r\u0259qqisin\u0259, sabitliyin b\u0259rq\u0259rar olmas\u0131na m\u00fch\u00fcm t\u00f6hf\u0259l\u0259r verir. 44 g\u00fcnl\u00fck V\u0259t\u0259n m\u00fcharib\u0259si zaman\u0131 d\u00fcnya bir daha bunun \u015fahidi oldu. M\u00fcharib\u0259nin ilk g\u00fcnl\u0259rind\u0259n qarda\u015f T\u00fcrkiy\u0259 Az\u0259rbaycana siyasi-m\u0259n\u0259vi d\u0259st\u0259k verdi. T\u00fcrkiy\u0259 Prezidenti R\u0259c\u0259b Tayyib \u018frdo\u011fan a\u00e7\u0131q v\u0259 birm\u0259nal\u0131 b\u0259yanatlar s\u0259sl\u0259ndir\u0259r\u0259k, bu m\u00fcharib\u0259d\u0259 Az\u0259rbaycan\u0131n t\u0259k olmad\u0131\u011f\u0131n\u0131, T\u00fcrkiy\u0259nin h\u0259r zaman Az\u0259rbaycan\u0131n yan\u0131nda oldu\u011funu bildirdi. Bu, g\u00fcc\u00fcm\u00fcz\u0259 g\u00fcc qatd\u0131, Qaraba\u011f Z\u0259f\u0259rind\u0259 m\u00fch\u00fcm rol oynad\u0131. X\u00fcsus\u0259n R\u0259c\u0259b Tayyib \u018frdo\u011fan\u0131n Bak\u0131da Azadl\u0131q meydan\u0131nda ke\u00e7iril\u0259n Z\u0259f\u0259r parad\u0131nda Prezident \u0130lham \u018fliyevl\u0259 yan-yana dayanmas\u0131 \u00f6lk\u0259l\u0259rimizin birliyini, xalqlar\u0131m\u0131z\u0131n qarda\u015fl\u0131\u011f\u0131n\u0131 bir daha b\u00fct\u00fcn d\u00fcnyaya n\u00fcmayi\u015f etdirdi.<\/p>\n","protected":false},"excerpt":{"rendered":"<p>\u0130yunun 15-d\u0259 T\u00fcrkiy\u0259 Respublikas\u0131n\u0131n Prezidenti R\u0259c\u0259b Tayyib \u018frdo\u011fan Erm\u0259nistan\u0131n i\u015f\u011fal\u0131ndan azad olunan \u015eu\u015fa \u015f\u0259h\u0259rin\u0259 tarixi s\u0259f\u0259r edib v\u0259 Qaraba\u011f\u0131n \u00fcr\u0259yi olan \u015eu\u015fada tarixi b\u0259yannam\u0259y\u0259 imza at\u0131l\u0131b. ARANTV.AZ\u00a0 x\u0259b\u0259r verir ki, Az\u0259rbaycan \u00fc\u00e7\u00fcn \u00e7ox \u00f6n\u0259mli bir tarixd\u0259 &#8211; Milli Qurtulu\u015f G\u00fcn\u00fcnd\u0259, Qars m\u00fcqavil\u0259sind\u0259n y\u00fcz il sonra iki dost v\u0259 qarda\u015f \u00f6lk\u0259 aras\u0131nda imzalanan m\u00fctt\u0259fiqlik m\u00fcnasib\u0259tl\u0259rin\u0259 dair \u015eu\u015fa B\u0259yannam\u0259sini prezidentl\u0259r \u0130lham \u018fliyev v\u0259 R\u0259c\u0259b Tayyib \u018frdo\u011fan imzalay\u0131blar. \u015eu\u015fa B\u0259yannam\u0259si m\u00fcst\u0259sna siyasi v\u0259 tarixi \u0259h\u0259miyy\u0259t\u0259 malikdir. Az\u0259rbaycan xalq\u0131n\u0131n \u00fcmummilli lideri Heyd\u0259r \u018fliyevin \u201cBir mill\u0259t, iki d\u00f6vl\u0259t\u201d v\u0259 T\u00fcrkiy\u0259 C\u00fcmhuriyy\u0259tinin qurucusu Mustafa Kamal Atat\u00fcrk\u00fcn&hellip;<\/p>\n","protected":false},"author":2,"featured_media":347585,"comment_status":"closed","ping_status":"closed","sticky":false,"template":"","format":"standard","meta":{"om_disable_all_campaigns":false,"_monsterinsights_skip_tracking":false,"_monsterinsights_sitenote_active":false,"_monsterinsights_sitenote_note":"","_monsterinsights_sitenote_category":0},"categories":[4],"tags":[],"aioseo_notices":[],"gutentor_comment":0,"rttpg_featured_image_url":{"full":["https:\/\/arantv.az\/wp-content\/uploads\/2021\/06\/43.jpg",620,368,false],"landscape":["https:\/\/arantv.az\/wp-content\/uploads\/2021\/06\/43.jpg",620,368,false],"portraits":["https:\/\/arantv.az\/wp-content\/uploads\/2021\/06\/43.jpg",620,368,false],"thumbnail":["https:\/\/arantv.az\/wp-content\/uploads\/2021\/06\/43-500x280.jpg",500,280,true],"medium":["https:\/\/arantv.az\/wp-content\/uploads\/2021\/06\/43-615x365.jpg",615,365,true],"large":["https:\/\/arantv.az\/wp-content\/uploads\/2021\/06\/43.jpg",620,368,false],"1536x1536":["https:\/\/arantv.az\/wp-content\/uploads\/2021\/06\/43.jpg",620,368,false],"2048x2048":["https:\/\/arantv.az\/wp-content\/uploads\/2021\/06\/43.jpg",620,368,false],"post-thumbnail":["https:\/\/arantv.az\/wp-content\/uploads\/2021\/06\/43-240x172.jpg",240,172,true],"advps-thumb-one":["https:\/\/arantv.az\/wp-content\/uploads\/2021\/06\/43.jpg",620,368,false]},"rttpg_author":{"display_name":"V\u00fcsal Rafiqo\u011flu","author_link":"https:\/\/arantv.az\/?author=2"},"rttpg_comment":0,"rttpg_category":"<a href=\"https:\/\/arantv.az\/?cat=4\" rel=\"category\">Siyas\u0259t<\/a>","rttpg_excerpt":"\u0130yunun 15-d\u0259 T\u00fcrkiy\u0259 Respublikas\u0131n\u0131n Prezidenti R\u0259c\u0259b Tayyib \u018frdo\u011fan Erm\u0259nistan\u0131n i\u015f\u011fal\u0131ndan azad olunan \u015eu\u015fa \u015f\u0259h\u0259rin\u0259 tarixi s\u0259f\u0259r edib v\u0259 Qaraba\u011f\u0131n \u00fcr\u0259yi olan \u015eu\u015fada tarixi b\u0259yannam\u0259y\u0259 imza at\u0131l\u0131b. ARANTV.AZ\u00a0 x\u0259b\u0259r verir ki, Az\u0259rbaycan \u00fc\u00e7\u00fcn \u00e7ox \u00f6n\u0259mli bir tarixd\u0259 &#8211; Milli Qurtulu\u015f G\u00fcn\u00fcnd\u0259, Qars m\u00fcqavil\u0259sind\u0259n y\u00fcz il sonra iki dost v\u0259 qarda\u015f \u00f6lk\u0259 aras\u0131nda imzalanan m\u00fctt\u0259fiqlik m\u00fcnasib\u0259tl\u0259rin\u0259 dair&hellip;","_links":{"self":[{"href":"https:\/\/arantv.az\/index.php?rest_route=\/wp\/v2\/posts\/347584"}],"collection":[{"href":"https:\/\/arantv.az\/index.php?rest_route=\/wp\/v2\/posts"}],"about":[{"href":"https:\/\/arantv.az\/index.php?rest_route=\/wp\/v2\/types\/post"}],"author":[{"embeddable":true,"href":"https:\/\/arantv.az\/index.php?rest_route=\/wp\/v2\/users\/2"}],"replies":[{"embeddable":true,"href":"https:\/\/arantv.az\/index.php?rest_route=%2Fwp%2Fv2%2Fcomments&post=347584"}],"version-history":[{"count":0,"href":"https:\/\/arantv.az\/index.php?rest_route=\/wp\/v2\/posts\/347584\/revisions"}],"wp:featuredmedia":[{"embeddable":true,"href":"https:\/\/arantv.az\/index.php?rest_route=\/wp\/v2\/media\/347585"}],"wp:attachment":[{"href":"https:\/\/arantv.az\/index.php?rest_route=%2Fwp%2Fv2%2Fmedia&parent=347584"}],"wp:term":[{"taxonomy":"category","embeddable":true,"href":"https:\/\/arantv.az\/index.php?rest_route=%2Fwp%2Fv2%2Fcategories&post=347584"},{"taxonomy":"post_tag","embeddable":true,"href":"https:\/\/arantv.az\/index.php?rest_route=%2Fwp%2Fv2%2Ftags&post=347584"}],"curies":[{"name":"wp","href":"https:\/\/api.w.org\/{rel}","templated":true}]}}