{"id":347587,"date":"2021-06-15T21:33:06","date_gmt":"2021-06-15T18:33:06","guid":{"rendered":"https:\/\/arantv.az\/?p=347587"},"modified":"2021-06-15T21:33:06","modified_gmt":"2021-06-15T18:33:06","slug":"%c9%99rdogan-bizim-gucumuz-az%c9%99rbaycanin-gucu-az%c9%99rbaycanin-gucu-d%c9%99-bizim-gucumuzdur","status":"publish","type":"post","link":"https:\/\/arantv.az\/?p=347587","title":{"rendered":"\u018frdo\u011fan: \u201cBizim g\u00fcc\u00fcm\u00fcz Az\u0259rbaycan\u0131n g\u00fcc\u00fc, Az\u0259rbaycan\u0131n g\u00fcc\u00fc d\u0259 bizim g\u00fcc\u00fcm\u00fczd\u00fcr\u201d"},"content":{"rendered":"<p>Pandemiyaya baxmayaraq, k\u0259nd t\u0259s\u0259rr\u00fcfat\u0131ndan enerjiy\u0259, n\u0259qliyyatdan turizm\u0259, m\u00fcdafi\u0259d\u0259n t\u0259hsil v\u0259 m\u0259d\u0259niyy\u0259t\u0259 q\u0259d\u0259r h\u0259r sah\u0259d\u0259 \u0259m\u0259kda\u015fl\u0131\u011f\u0131m\u0131z\u0131 inki\u015faf etdirm\u0259k \u00fc\u00e7\u00fcn birg\u0259 s\u0259yl\u0259rimizi q\u0259tiyy\u0259tl\u0259 davam etdiririk. B\u00fct\u00fcn bunlardan ba\u015fqa, m\u00fcdafi\u0259 s\u0259nayesi sah\u0259sind\u0259 \u0259laq\u0259l\u0259rimizi texnologiya transferi v\u0259 birg\u0259 istehsal layih\u0259l\u0259ri il\u0259 daha da g\u00fccl\u0259ndiririk.<\/p>\n<div id=\"AdviadNativeVideo0\" class=\"AdviadNativeVideo\"><\/div>\n<p><a href=\"https:\/\/azertag.az\/xeber\/Receb_Tayyib_Ardogan_Mudafie_senayesi_sahesinde_elaqelerimiz_bundan_sonra_daha_ferqli_sekilde_inkisaf_edecek-1807745\" target=\"_blank\" rel=\"noopener\">AZ\u018fRTAC<\/a>\u00a0x\u0259b\u0259r verir ki, bu bar\u0259d\u0259 T\u00fcrkiy\u0259 Prezidenti R\u0259c\u0259b Tayyib \u018frdo\u011fan iyunun 15-d\u0259 \u015eu\u015fada m\u0259tbuata b\u0259yanat\u0131nda s\u00f6yl\u0259yib.<\/p>\n<p>\u0130kinci Qaraba\u011f m\u00fcharib\u0259sind\u0259 pilotsuz u\u00e7u\u015f aparatlar\u0131n\u0131n \u00f6n\u0259mini x\u00fcsusi vur\u011fulayan T\u00fcrkiy\u0259 Prezidenti deyib: \u201cM\u00fcdafi\u0259 s\u0259nayesi sah\u0259sind\u0259 \u0259laq\u0259l\u0259rimiz bundan sonra daha f\u0259rqli \u015f\u0259kild\u0259 inki\u015faf ed\u0259c\u0259k. Bu f\u0259rqli inki\u015fafla yana\u015f\u0131, Az\u0259rbaycan bir bazar deyil, eyni zamanda, bu prosesd\u0259 istehsal m\u0259rk\u0259zi olma imkan\u0131 da \u0259ld\u0259 ed\u0259c\u0259k. Bizim g\u00fcc\u00fcm\u00fcz Az\u0259rbaycan\u0131n g\u00fcc\u00fc, Az\u0259rbaycan\u0131n g\u00fcc\u00fc d\u0259 bizim g\u00fcc\u00fcm\u00fczd\u00fcr\u201d.<\/p>\n","protected":false},"excerpt":{"rendered":"<p>Pandemiyaya baxmayaraq, k\u0259nd t\u0259s\u0259rr\u00fcfat\u0131ndan enerjiy\u0259, n\u0259qliyyatdan turizm\u0259, m\u00fcdafi\u0259d\u0259n t\u0259hsil v\u0259 m\u0259d\u0259niyy\u0259t\u0259 q\u0259d\u0259r h\u0259r sah\u0259d\u0259 \u0259m\u0259kda\u015fl\u0131\u011f\u0131m\u0131z\u0131 inki\u015faf etdirm\u0259k \u00fc\u00e7\u00fcn birg\u0259 s\u0259yl\u0259rimizi q\u0259tiyy\u0259tl\u0259 davam etdiririk. B\u00fct\u00fcn bunlardan ba\u015fqa, m\u00fcdafi\u0259 s\u0259nayesi sah\u0259sind\u0259 \u0259laq\u0259l\u0259rimizi texnologiya transferi v\u0259 birg\u0259 istehsal layih\u0259l\u0259ri il\u0259 daha da g\u00fccl\u0259ndiririk. AZ\u018fRTAC\u00a0x\u0259b\u0259r verir ki, bu bar\u0259d\u0259 T\u00fcrkiy\u0259 Prezidenti R\u0259c\u0259b Tayyib \u018frdo\u011fan iyunun 15-d\u0259 \u015eu\u015fada m\u0259tbuata b\u0259yanat\u0131nda s\u00f6yl\u0259yib. \u0130kinci Qaraba\u011f m\u00fcharib\u0259sind\u0259 pilotsuz u\u00e7u\u015f aparatlar\u0131n\u0131n \u00f6n\u0259mini x\u00fcsusi vur\u011fulayan T\u00fcrkiy\u0259 Prezidenti deyib: \u201cM\u00fcdafi\u0259 s\u0259nayesi sah\u0259sind\u0259 \u0259laq\u0259l\u0259rimiz bundan sonra daha f\u0259rqli \u015f\u0259kild\u0259 inki\u015faf ed\u0259c\u0259k. Bu f\u0259rqli inki\u015fafla yana\u015f\u0131, Az\u0259rbaycan bir bazar deyil, eyni zamanda, bu&hellip;<\/p>\n","protected":false},"author":2,"featured_media":347588,"comment_status":"closed","ping_status":"closed","sticky":false,"template":"","format":"standard","meta":{"om_disable_all_campaigns":false,"_monsterinsights_skip_tracking":false,"_monsterinsights_sitenote_active":false,"_monsterinsights_sitenote_note":"","_monsterinsights_sitenote_category":0},"categories":[4],"tags":[],"aioseo_notices":[],"gutentor_comment":0,"rttpg_featured_image_url":{"full":["https:\/\/arantv.az\/wp-content\/uploads\/2021\/06\/erdogan-6puq_cover.jpg",620,349,false],"landscape":["https:\/\/arantv.az\/wp-content\/uploads\/2021\/06\/erdogan-6puq_cover.jpg",620,349,false],"portraits":["https:\/\/arantv.az\/wp-content\/uploads\/2021\/06\/erdogan-6puq_cover.jpg",620,349,false],"thumbnail":["https:\/\/arantv.az\/wp-content\/uploads\/2021\/06\/erdogan-6puq_cover-500x280.jpg",500,280,true],"medium":["https:\/\/arantv.az\/wp-content\/uploads\/2021\/06\/erdogan-6puq_cover.jpg",620,349,false],"large":["https:\/\/arantv.az\/wp-content\/uploads\/2021\/06\/erdogan-6puq_cover.jpg",620,349,false],"1536x1536":["https:\/\/arantv.az\/wp-content\/uploads\/2021\/06\/erdogan-6puq_cover.jpg",620,349,false],"2048x2048":["https:\/\/arantv.az\/wp-content\/uploads\/2021\/06\/erdogan-6puq_cover.jpg",620,349,false],"post-thumbnail":["https:\/\/arantv.az\/wp-content\/uploads\/2021\/06\/erdogan-6puq_cover-240x172.jpg",240,172,true],"advps-thumb-one":["https:\/\/arantv.az\/wp-content\/uploads\/2021\/06\/erdogan-6puq_cover.jpg",620,349,false]},"rttpg_author":{"display_name":"V\u00fcsal Rafiqo\u011flu","author_link":"https:\/\/arantv.az\/?author=2"},"rttpg_comment":0,"rttpg_category":"<a href=\"https:\/\/arantv.az\/?cat=4\" rel=\"category\">Siyas\u0259t<\/a>","rttpg_excerpt":"Pandemiyaya baxmayaraq, k\u0259nd t\u0259s\u0259rr\u00fcfat\u0131ndan enerjiy\u0259, n\u0259qliyyatdan turizm\u0259, m\u00fcdafi\u0259d\u0259n t\u0259hsil v\u0259 m\u0259d\u0259niyy\u0259t\u0259 q\u0259d\u0259r h\u0259r sah\u0259d\u0259 \u0259m\u0259kda\u015fl\u0131\u011f\u0131m\u0131z\u0131 inki\u015faf etdirm\u0259k \u00fc\u00e7\u00fcn birg\u0259 s\u0259yl\u0259rimizi q\u0259tiyy\u0259tl\u0259 davam etdiririk. B\u00fct\u00fcn bunlardan ba\u015fqa, m\u00fcdafi\u0259 s\u0259nayesi sah\u0259sind\u0259 \u0259laq\u0259l\u0259rimizi texnologiya transferi v\u0259 birg\u0259 istehsal layih\u0259l\u0259ri il\u0259 daha da g\u00fccl\u0259ndiririk. AZ\u018fRTAC\u00a0x\u0259b\u0259r verir ki, bu bar\u0259d\u0259 T\u00fcrkiy\u0259 Prezidenti R\u0259c\u0259b Tayyib \u018frdo\u011fan iyunun 15-d\u0259 \u015eu\u015fada m\u0259tbuata b\u0259yanat\u0131nda&hellip;","_links":{"self":[{"href":"https:\/\/arantv.az\/index.php?rest_route=\/wp\/v2\/posts\/347587"}],"collection":[{"href":"https:\/\/arantv.az\/index.php?rest_route=\/wp\/v2\/posts"}],"about":[{"href":"https:\/\/arantv.az\/index.php?rest_route=\/wp\/v2\/types\/post"}],"author":[{"embeddable":true,"href":"https:\/\/arantv.az\/index.php?rest_route=\/wp\/v2\/users\/2"}],"replies":[{"embeddable":true,"href":"https:\/\/arantv.az\/index.php?rest_route=%2Fwp%2Fv2%2Fcomments&post=347587"}],"version-history":[{"count":0,"href":"https:\/\/arantv.az\/index.php?rest_route=\/wp\/v2\/posts\/347587\/revisions"}],"wp:featuredmedia":[{"embeddable":true,"href":"https:\/\/arantv.az\/index.php?rest_route=\/wp\/v2\/media\/347588"}],"wp:attachment":[{"href":"https:\/\/arantv.az\/index.php?rest_route=%2Fwp%2Fv2%2Fmedia&parent=347587"}],"wp:term":[{"taxonomy":"category","embeddable":true,"href":"https:\/\/arantv.az\/index.php?rest_route=%2Fwp%2Fv2%2Fcategories&post=347587"},{"taxonomy":"post_tag","embeddable":true,"href":"https:\/\/arantv.az\/index.php?rest_route=%2Fwp%2Fv2%2Ftags&post=347587"}],"curies":[{"name":"wp","href":"https:\/\/api.w.org\/{rel}","templated":true}]}}