{"id":347597,"date":"2021-06-15T21:47:02","date_gmt":"2021-06-15T18:47:02","guid":{"rendered":"https:\/\/arantv.az\/?p=347597"},"modified":"2021-06-15T21:47:02","modified_gmt":"2021-06-15T18:47:02","slug":"prezident-cidir-duzund%c9%99-r%c9%99qs-ed%c9%99nl%c9%99r%c9%99-qosuldu-video","status":"publish","type":"post","link":"https:\/\/arantv.az\/?p=347597","title":{"rendered":"Prezident C\u0131d\u0131r D\u00fcz\u00fcnd\u0259 r\u0259qs ed\u0259nl\u0259r\u0259 qo\u015fuldu \u2013 V\u0130DEO"},"content":{"rendered":"<p>X\u0259b\u0259r verdiyimiz kimi, bu g\u00fcn prezident \u0130lham \u018fliyev v\u0259 T\u00fcrkiy\u0259 prezidenti R\u0259\u0259cb Tayyip \u018frdo\u011fan Qaraba\u011fda g\u00f6r\u00fc\u015f ke\u00e7irib.<\/p>\n<p>G\u00f6r\u00fc\u015f zaman\u0131 \u015eu\u015fada Heyd\u0259r \u018fliyev Fondunun t\u0259\u015fkilat\u00e7\u0131l\u0131\u011f\u0131 il\u0259 \u201cMusiqi irsi v\u0259 Qaraba\u011f atlar\u0131 C\u0131d\u0131r d\u00fcz\u00fcnd\u0259\u201d adl\u0131 musiqili kompozisiya t\u0259qdim edilib.<\/p>\n<div id=\"AdviadNativeVideo0\" class=\"AdviadNativeVideo\"><\/div>\n<p>Daha sonra r\u0259qs truppalar\u0131 birg\u0259 r\u0259qs etm\u0259y\u0259 ba\u015flay\u0131b. R\u0259qqaslar\u0131n \u00e7\u0131x\u0131\u015f\u0131na prezident \u0130lham \u018fliyev, D\u00f6vl\u0259t S\u0259rh\u0259d Xidm\u0259tinin r\u0259isi El\u00e7in Quliyev v\u0259 Az\u0259rbaycan D\u0259mir Yollar\u0131 QSC-nin s\u0259dri Cavid Qurbanov\u00a0da\u00a0qo\u015fulub.<\/p>\n<p>H\u0259min g\u00f6r\u00fcnt\u00fcl\u0259ri t\u0259qdim edirik:<\/p>\n<div><iframe id=\"instagram-embed-0\" class=\"instagram-media instagram-media-rendered\" src=\"https:\/\/www.instagram.com\/p\/CQJrHEMhhj8\/embed\/captioned\/?cr=1&amp;v=13&amp;wp=485&amp;rd=https%3A%2F%2Foxu.az&amp;rp=%2Fpolitics%2F503688#%7B%22ci%22%3A0%2C%22os%22%3A5754.600000023842%2C%22ls%22%3A3085.399999976158%2C%22le%22%3A3966.899999976158%7D\" height=\"1048\" frameborder=\"0\" scrolling=\"no\" allowfullscreen=\"allowfullscreen\" data-instgrm-payload-id=\"instagram-media-payload-0\" data-mce-fragment=\"1\"><\/iframe><\/div>\n<p>&nbsp;<\/p>\n","protected":false},"excerpt":{"rendered":"<p>X\u0259b\u0259r verdiyimiz kimi, bu g\u00fcn prezident \u0130lham \u018fliyev v\u0259 T\u00fcrkiy\u0259 prezidenti R\u0259\u0259cb Tayyip \u018frdo\u011fan Qaraba\u011fda g\u00f6r\u00fc\u015f ke\u00e7irib. G\u00f6r\u00fc\u015f zaman\u0131 \u015eu\u015fada Heyd\u0259r \u018fliyev Fondunun t\u0259\u015fkilat\u00e7\u0131l\u0131\u011f\u0131 il\u0259 \u201cMusiqi irsi v\u0259 Qaraba\u011f atlar\u0131 C\u0131d\u0131r d\u00fcz\u00fcnd\u0259\u201d adl\u0131 musiqili kompozisiya t\u0259qdim edilib. Daha sonra r\u0259qs truppalar\u0131 birg\u0259 r\u0259qs etm\u0259y\u0259 ba\u015flay\u0131b. R\u0259qqaslar\u0131n \u00e7\u0131x\u0131\u015f\u0131na prezident \u0130lham \u018fliyev, D\u00f6vl\u0259t S\u0259rh\u0259d Xidm\u0259tinin r\u0259isi El\u00e7in Quliyev v\u0259 Az\u0259rbaycan D\u0259mir Yollar\u0131 QSC-nin s\u0259dri Cavid Qurbanov\u00a0da\u00a0qo\u015fulub. H\u0259min g\u00f6r\u00fcnt\u00fcl\u0259ri t\u0259qdim edirik: &nbsp;<\/p>\n","protected":false},"author":2,"featured_media":347598,"comment_status":"closed","ping_status":"closed","sticky":false,"template":"","format":"standard","meta":{"om_disable_all_campaigns":false,"_monsterinsights_skip_tracking":false,"_monsterinsights_sitenote_active":false,"_monsterinsights_sitenote_note":"","_monsterinsights_sitenote_category":0},"categories":[4],"tags":[],"aioseo_notices":[],"gutentor_comment":0,"rttpg_featured_image_url":{"full":["https:\/\/arantv.az\/wp-content\/uploads\/2021\/06\/201746067_2006176159538273_3752811725730093650_n.jpg",620,430,false],"landscape":["https:\/\/arantv.az\/wp-content\/uploads\/2021\/06\/201746067_2006176159538273_3752811725730093650_n.jpg",620,430,false],"portraits":["https:\/\/arantv.az\/wp-content\/uploads\/2021\/06\/201746067_2006176159538273_3752811725730093650_n.jpg",620,430,false],"thumbnail":["https:\/\/arantv.az\/wp-content\/uploads\/2021\/06\/201746067_2006176159538273_3752811725730093650_n-500x280.jpg",500,280,true],"medium":["https:\/\/arantv.az\/wp-content\/uploads\/2021\/06\/201746067_2006176159538273_3752811725730093650_n-526x365.jpg",526,365,true],"large":["https:\/\/arantv.az\/wp-content\/uploads\/2021\/06\/201746067_2006176159538273_3752811725730093650_n.jpg",620,430,false],"1536x1536":["https:\/\/arantv.az\/wp-content\/uploads\/2021\/06\/201746067_2006176159538273_3752811725730093650_n.jpg",620,430,false],"2048x2048":["https:\/\/arantv.az\/wp-content\/uploads\/2021\/06\/201746067_2006176159538273_3752811725730093650_n.jpg",620,430,false],"post-thumbnail":["https:\/\/arantv.az\/wp-content\/uploads\/2021\/06\/201746067_2006176159538273_3752811725730093650_n-240x172.jpg",240,172,true],"advps-thumb-one":["https:\/\/arantv.az\/wp-content\/uploads\/2021\/06\/201746067_2006176159538273_3752811725730093650_n.jpg",620,430,false]},"rttpg_author":{"display_name":"V\u00fcsal Rafiqo\u011flu","author_link":"https:\/\/arantv.az\/?author=2"},"rttpg_comment":0,"rttpg_category":"<a href=\"https:\/\/arantv.az\/?cat=4\" rel=\"category\">Siyas\u0259t<\/a>","rttpg_excerpt":"X\u0259b\u0259r verdiyimiz kimi, bu g\u00fcn prezident \u0130lham \u018fliyev v\u0259 T\u00fcrkiy\u0259 prezidenti R\u0259\u0259cb Tayyip \u018frdo\u011fan Qaraba\u011fda g\u00f6r\u00fc\u015f ke\u00e7irib. G\u00f6r\u00fc\u015f zaman\u0131 \u015eu\u015fada Heyd\u0259r \u018fliyev Fondunun t\u0259\u015fkilat\u00e7\u0131l\u0131\u011f\u0131 il\u0259 \u201cMusiqi irsi v\u0259 Qaraba\u011f atlar\u0131 C\u0131d\u0131r d\u00fcz\u00fcnd\u0259\u201d adl\u0131 musiqili kompozisiya t\u0259qdim edilib. Daha sonra r\u0259qs truppalar\u0131 birg\u0259 r\u0259qs etm\u0259y\u0259 ba\u015flay\u0131b. R\u0259qqaslar\u0131n \u00e7\u0131x\u0131\u015f\u0131na prezident \u0130lham \u018fliyev, D\u00f6vl\u0259t S\u0259rh\u0259d Xidm\u0259tinin r\u0259isi El\u00e7in&hellip;","_links":{"self":[{"href":"https:\/\/arantv.az\/index.php?rest_route=\/wp\/v2\/posts\/347597"}],"collection":[{"href":"https:\/\/arantv.az\/index.php?rest_route=\/wp\/v2\/posts"}],"about":[{"href":"https:\/\/arantv.az\/index.php?rest_route=\/wp\/v2\/types\/post"}],"author":[{"embeddable":true,"href":"https:\/\/arantv.az\/index.php?rest_route=\/wp\/v2\/users\/2"}],"replies":[{"embeddable":true,"href":"https:\/\/arantv.az\/index.php?rest_route=%2Fwp%2Fv2%2Fcomments&post=347597"}],"version-history":[{"count":0,"href":"https:\/\/arantv.az\/index.php?rest_route=\/wp\/v2\/posts\/347597\/revisions"}],"wp:featuredmedia":[{"embeddable":true,"href":"https:\/\/arantv.az\/index.php?rest_route=\/wp\/v2\/media\/347598"}],"wp:attachment":[{"href":"https:\/\/arantv.az\/index.php?rest_route=%2Fwp%2Fv2%2Fmedia&parent=347597"}],"wp:term":[{"taxonomy":"category","embeddable":true,"href":"https:\/\/arantv.az\/index.php?rest_route=%2Fwp%2Fv2%2Fcategories&post=347597"},{"taxonomy":"post_tag","embeddable":true,"href":"https:\/\/arantv.az\/index.php?rest_route=%2Fwp%2Fv2%2Ftags&post=347597"}],"curies":[{"name":"wp","href":"https:\/\/api.w.org\/{rel}","templated":true}]}}