{"id":347603,"date":"2021-06-15T21:52:48","date_gmt":"2021-06-15T18:52:48","guid":{"rendered":"https:\/\/arantv.az\/?p=347603"},"modified":"2021-06-15T21:52:48","modified_gmt":"2021-06-15T18:52:48","slug":"baki-media-m%c9%99rk%c9%99zi-ilham-%c9%99liyev-v%c9%99-r%c9%99c%c9%99b-tayyip-%c9%99rdoganin-susa-s%c9%99f%c9%99rind%c9%99n-goruntul%c9%99r-yayimlayib-foto-video","status":"publish","type":"post","link":"https:\/\/arantv.az\/?p=347603","title":{"rendered":"Bak\u0131 Media M\u0259rk\u0259zi \u0130lham \u018fliyev v\u0259 R\u0259c\u0259b Tayyip \u018frdo\u011fan\u0131n \u015eu\u015fa s\u0259f\u0259rind\u0259n g\u00f6r\u00fcnt\u00fcl\u0259r yay\u0131mlay\u0131b \u2013 FOTO\/V\u0130DEO"},"content":{"rendered":"<article class=\"news\">\n<div class=\"news-inner\">\n<p>Az\u0259rbaycan v\u0259 T\u00fcrkiy\u0259 prezidentl\u0259rinin \u015eu\u015fa \u015f\u0259h\u0259rin\u0259 s\u0259f\u0259ri \u00e7\u0259r\u00e7iv\u0259sind\u0259 tarix yaz\u0131ld\u0131.<\/p>\n<p>Xalq\u0131m\u0131z\u0131n q\u00fcrur m\u0259nb\u0259yin\u0259 \u00e7evril\u0259n d\u00fcnyaca m\u0259\u015fhur Qaraba\u011f atlar\u0131n\u0131n i\u015ftirak\u0131 il\u0259 x\u00fcsusi musiqi v\u0259 r\u0259qsl\u0259rl\u0259 m\u00fc\u015fay\u0259t olunan n\u00f6mr\u0259 t\u0259qdim olunub.<\/p>\n<div id=\"AdviadNativeVideo0\" class=\"AdviadNativeVideo\"><\/div>\n<p>Video v\u0259 foto \u00e7\u0259kili\u015fini Bak\u0131 Media M\u0259rk\u0259zinin pe\u015f\u0259kar komandas\u0131n\u0131n h\u0259yata ke\u00e7irdiyi tarixi t\u0259dbirin yadda qalan anlar\u0131ndan ibar\u0259t q\u0131sa video \u00e7arx\u0131 v\u0259 \u015f\u0259kill\u0259ri t\u0259qdim edirik:<\/p>\n<div><iframe id=\"instagram-embed-0\" class=\"instagram-media instagram-media-rendered\" src=\"https:\/\/www.instagram.com\/p\/CQJh6x_Dqy_\/embed\/captioned\/?cr=1&amp;v=13&amp;wp=485&amp;rd=https%3A%2F%2Foxu.az&amp;rp=%2Fpolitics%2F503690#%7B%22ci%22%3A0%2C%22os%22%3A4172.5%2C%22ls%22%3A2614.899999976158%2C%22le%22%3A2621.199999988079%7D\" height=\"722\" frameborder=\"0\" scrolling=\"no\" allowfullscreen=\"allowfullscreen\" data-instgrm-payload-id=\"instagram-media-payload-0\" data-mce-fragment=\"1\"><\/iframe><\/div>\n<p>&nbsp;<\/p>\n<div><iframe id=\"instagram-embed-1\" class=\"instagram-media instagram-media-rendered\" src=\"https:\/\/www.instagram.com\/p\/CQJmr9SD7H2\/embed\/captioned\/?cr=1&amp;v=13&amp;wp=485&amp;rd=https%3A%2F%2Foxu.az&amp;rp=%2Fpolitics%2F503690#%7B%22ci%22%3A1%2C%22os%22%3A4186%2C%22ls%22%3A2614.899999976158%2C%22le%22%3A2621.199999988079%7D\" height=\"906\" frameborder=\"0\" scrolling=\"no\" allowfullscreen=\"allowfullscreen\" data-instgrm-payload-id=\"instagram-media-payload-1\" data-mce-fragment=\"1\"><\/iframe><\/div>\n<\/div>\n<\/article>\n<h2 class=\"news-share-title\"><\/h2>\n","protected":false},"excerpt":{"rendered":"<p>Az\u0259rbaycan v\u0259 T\u00fcrkiy\u0259 prezidentl\u0259rinin \u015eu\u015fa \u015f\u0259h\u0259rin\u0259 s\u0259f\u0259ri \u00e7\u0259r\u00e7iv\u0259sind\u0259 tarix yaz\u0131ld\u0131. Xalq\u0131m\u0131z\u0131n q\u00fcrur m\u0259nb\u0259yin\u0259 \u00e7evril\u0259n d\u00fcnyaca m\u0259\u015fhur Qaraba\u011f atlar\u0131n\u0131n i\u015ftirak\u0131 il\u0259 x\u00fcsusi musiqi v\u0259 r\u0259qsl\u0259rl\u0259 m\u00fc\u015fay\u0259t olunan n\u00f6mr\u0259 t\u0259qdim olunub. Video v\u0259 foto \u00e7\u0259kili\u015fini Bak\u0131 Media M\u0259rk\u0259zinin pe\u015f\u0259kar komandas\u0131n\u0131n h\u0259yata ke\u00e7irdiyi tarixi t\u0259dbirin yadda qalan anlar\u0131ndan ibar\u0259t q\u0131sa video \u00e7arx\u0131 v\u0259 \u015f\u0259kill\u0259ri t\u0259qdim edirik: &nbsp;<\/p>\n","protected":false},"author":2,"featured_media":347604,"comment_status":"closed","ping_status":"closed","sticky":false,"template":"","format":"standard","meta":{"om_disable_all_campaigns":false,"_monsterinsights_skip_tracking":false,"_monsterinsights_sitenote_active":false,"_monsterinsights_sitenote_note":"","_monsterinsights_sitenote_category":0},"categories":[4],"tags":[],"aioseo_notices":[],"gutentor_comment":0,"rttpg_featured_image_url":{"full":["https:\/\/arantv.az\/wp-content\/uploads\/2021\/06\/194878756_4059843280776707_4341931781859619615_n.jpg",620,405,false],"landscape":["https:\/\/arantv.az\/wp-content\/uploads\/2021\/06\/194878756_4059843280776707_4341931781859619615_n.jpg",620,405,false],"portraits":["https:\/\/arantv.az\/wp-content\/uploads\/2021\/06\/194878756_4059843280776707_4341931781859619615_n.jpg",620,405,false],"thumbnail":["https:\/\/arantv.az\/wp-content\/uploads\/2021\/06\/194878756_4059843280776707_4341931781859619615_n-500x280.jpg",500,280,true],"medium":["https:\/\/arantv.az\/wp-content\/uploads\/2021\/06\/194878756_4059843280776707_4341931781859619615_n-559x365.jpg",559,365,true],"large":["https:\/\/arantv.az\/wp-content\/uploads\/2021\/06\/194878756_4059843280776707_4341931781859619615_n.jpg",620,405,false],"1536x1536":["https:\/\/arantv.az\/wp-content\/uploads\/2021\/06\/194878756_4059843280776707_4341931781859619615_n.jpg",620,405,false],"2048x2048":["https:\/\/arantv.az\/wp-content\/uploads\/2021\/06\/194878756_4059843280776707_4341931781859619615_n.jpg",620,405,false],"post-thumbnail":["https:\/\/arantv.az\/wp-content\/uploads\/2021\/06\/194878756_4059843280776707_4341931781859619615_n-240x172.jpg",240,172,true],"advps-thumb-one":["https:\/\/arantv.az\/wp-content\/uploads\/2021\/06\/194878756_4059843280776707_4341931781859619615_n.jpg",620,405,false]},"rttpg_author":{"display_name":"V\u00fcsal Rafiqo\u011flu","author_link":"https:\/\/arantv.az\/?author=2"},"rttpg_comment":0,"rttpg_category":"<a href=\"https:\/\/arantv.az\/?cat=4\" rel=\"category\">Siyas\u0259t<\/a>","rttpg_excerpt":"Az\u0259rbaycan v\u0259 T\u00fcrkiy\u0259 prezidentl\u0259rinin \u015eu\u015fa \u015f\u0259h\u0259rin\u0259 s\u0259f\u0259ri \u00e7\u0259r\u00e7iv\u0259sind\u0259 tarix yaz\u0131ld\u0131. Xalq\u0131m\u0131z\u0131n q\u00fcrur m\u0259nb\u0259yin\u0259 \u00e7evril\u0259n d\u00fcnyaca m\u0259\u015fhur Qaraba\u011f atlar\u0131n\u0131n i\u015ftirak\u0131 il\u0259 x\u00fcsusi musiqi v\u0259 r\u0259qsl\u0259rl\u0259 m\u00fc\u015fay\u0259t olunan n\u00f6mr\u0259 t\u0259qdim olunub. Video v\u0259 foto \u00e7\u0259kili\u015fini Bak\u0131 Media M\u0259rk\u0259zinin pe\u015f\u0259kar komandas\u0131n\u0131n h\u0259yata ke\u00e7irdiyi tarixi t\u0259dbirin yadda qalan anlar\u0131ndan ibar\u0259t q\u0131sa video \u00e7arx\u0131 v\u0259 \u015f\u0259kill\u0259ri t\u0259qdim edirik: &nbsp;","_links":{"self":[{"href":"https:\/\/arantv.az\/index.php?rest_route=\/wp\/v2\/posts\/347603"}],"collection":[{"href":"https:\/\/arantv.az\/index.php?rest_route=\/wp\/v2\/posts"}],"about":[{"href":"https:\/\/arantv.az\/index.php?rest_route=\/wp\/v2\/types\/post"}],"author":[{"embeddable":true,"href":"https:\/\/arantv.az\/index.php?rest_route=\/wp\/v2\/users\/2"}],"replies":[{"embeddable":true,"href":"https:\/\/arantv.az\/index.php?rest_route=%2Fwp%2Fv2%2Fcomments&post=347603"}],"version-history":[{"count":0,"href":"https:\/\/arantv.az\/index.php?rest_route=\/wp\/v2\/posts\/347603\/revisions"}],"wp:featuredmedia":[{"embeddable":true,"href":"https:\/\/arantv.az\/index.php?rest_route=\/wp\/v2\/media\/347604"}],"wp:attachment":[{"href":"https:\/\/arantv.az\/index.php?rest_route=%2Fwp%2Fv2%2Fmedia&parent=347603"}],"wp:term":[{"taxonomy":"category","embeddable":true,"href":"https:\/\/arantv.az\/index.php?rest_route=%2Fwp%2Fv2%2Fcategories&post=347603"},{"taxonomy":"post_tag","embeddable":true,"href":"https:\/\/arantv.az\/index.php?rest_route=%2Fwp%2Fv2%2Ftags&post=347603"}],"curies":[{"name":"wp","href":"https:\/\/api.w.org\/{rel}","templated":true}]}}