{"id":347606,"date":"2021-06-16T07:34:01","date_gmt":"2021-06-16T04:34:01","guid":{"rendered":"http:\/\/arantv.az\/?p=347606"},"modified":"2021-06-16T07:34:01","modified_gmt":"2021-06-16T04:34:01","slug":"%c9%99min%c9%99-%c9%99rdoganla-ilham-%c9%99liyevin-s%c9%99mimi-dialoqu-video","status":"publish","type":"post","link":"https:\/\/arantv.az\/?p=347606","title":{"rendered":"\u018fmin\u0259 \u018frdo\u011fanla \u0130lham \u018fliyevin s\u0259mimi dialoqu \u2013 V\u0130DEO"},"content":{"rendered":"<article class=\"news\">\n<div class=\"news-inner\">\n<p>Az\u0259rbaycan Prezidenti \u0130lham \u018fliyevl\u0259 T\u00fcrkiy\u0259 d\u00f6vl\u0259t ba\u015f\u00e7\u0131s\u0131 R\u0259c\u0259b Tayyib \u018frdo\u011fan, h\u0259yat yolda\u015f\u0131 \u018fmin\u0259 \u018frdo\u011fan v\u0259 onlar\u0131 m\u00fc\u015fayi\u0259t ed\u0259n hey\u0259t\u00a0F\u00fczuli rayonundan \u015eu\u015faya ged\u0259rk\u0259n avtobusda t\u0259r\u0259fl\u0259r aras\u0131nda s\u0259mimi s\u00f6hb\u0259t ba\u015f tutub.<\/p>\n<p>M\u00fcvafiq g\u00f6r\u00fcnt\u00fcl\u0259ri \u201cHaber Global\u201d yay\u0131mlay\u0131b.<\/p>\n<div id=\"AdviadNativeVideo0\" class=\"AdviadNativeVideo\"><\/div>\n<p>\u018fmin\u0259 \u018frdo\u011fan yol boyu \u0259kin sah\u0259l\u0259rinin, h\u0259tta otlar\u0131n da erm\u0259nil\u0259r t\u0259r\u0259find\u0259n yand\u0131r\u0131lmas\u0131ndan d\u0259h\u015f\u0259t\u0259 g\u0259ldiyini gizl\u0259d\u0259 bilm\u0259yib. Prezident \u0130lham \u018fliyev is\u0259 bildirib ki, 30 ilik i\u015f\u011fal \u0259rzind\u0259 F\u00fczuli rayonunda bir bina bel\u0259 salamat qalmay\u0131b.<\/p>\n<p>\u201cBiz F\u00fczulini i\u015f\u011faldan azad ed\u0259rk\u0259n ist\u0259dik ki, bir binaya bayra\u011f\u0131m\u0131z\u0131 asaq. Dedil\u0259r ki, bina yoxdur. \u0130ndi \u00f6z\u00fcn\u00fcz d\u0259 g\u00f6r\u0259c\u0259ksiniz. F\u00fczuli \u015f\u0259h\u0259rini tamamil\u0259 da\u011f\u0131d\u0131blar\u201d, &#8211; dey\u0259 d\u00f6vl\u0259t ba\u015f\u00e7\u0131s\u0131 qeyd edib.<\/p>\n<div><iframe loading=\"lazy\" title=\"YouTube video player\" src=\"https:\/\/www.youtube.com\/embed\/vkF-zvGTJLQ\" width=\"560\" height=\"315\" frameborder=\"0\" allowfullscreen=\"allowfullscreen\" data-mce-fragment=\"1\"><\/iframe><\/div>\n<\/div>\n<\/article>\n<h2 class=\"news-share-title\"><\/h2>\n","protected":false},"excerpt":{"rendered":"<p>Az\u0259rbaycan Prezidenti \u0130lham \u018fliyevl\u0259 T\u00fcrkiy\u0259 d\u00f6vl\u0259t ba\u015f\u00e7\u0131s\u0131 R\u0259c\u0259b Tayyib \u018frdo\u011fan, h\u0259yat yolda\u015f\u0131 \u018fmin\u0259 \u018frdo\u011fan v\u0259 onlar\u0131 m\u00fc\u015fayi\u0259t ed\u0259n hey\u0259t\u00a0F\u00fczuli rayonundan \u015eu\u015faya ged\u0259rk\u0259n avtobusda t\u0259r\u0259fl\u0259r aras\u0131nda s\u0259mimi s\u00f6hb\u0259t ba\u015f tutub. M\u00fcvafiq g\u00f6r\u00fcnt\u00fcl\u0259ri \u201cHaber Global\u201d yay\u0131mlay\u0131b. \u018fmin\u0259 \u018frdo\u011fan yol boyu \u0259kin sah\u0259l\u0259rinin, h\u0259tta otlar\u0131n da erm\u0259nil\u0259r t\u0259r\u0259find\u0259n yand\u0131r\u0131lmas\u0131ndan d\u0259h\u015f\u0259t\u0259 g\u0259ldiyini gizl\u0259d\u0259 bilm\u0259yib. Prezident \u0130lham \u018fliyev is\u0259 bildirib ki, 30 ilik i\u015f\u011fal \u0259rzind\u0259 F\u00fczuli rayonunda bir bina bel\u0259 salamat qalmay\u0131b. \u201cBiz F\u00fczulini i\u015f\u011faldan azad ed\u0259rk\u0259n ist\u0259dik ki, bir binaya bayra\u011f\u0131m\u0131z\u0131 asaq. Dedil\u0259r ki, bina yoxdur. \u0130ndi \u00f6z\u00fcn\u00fcz d\u0259 g\u00f6r\u0259c\u0259ksiniz. F\u00fczuli \u015f\u0259h\u0259rini tamamil\u0259 da\u011f\u0131d\u0131blar\u201d,&hellip;<\/p>\n","protected":false},"author":2,"featured_media":347607,"comment_status":"closed","ping_status":"closed","sticky":false,"template":"","format":"standard","meta":{"om_disable_all_campaigns":false,"_monsterinsights_skip_tracking":false,"_monsterinsights_sitenote_active":false,"_monsterinsights_sitenote_note":"","_monsterinsights_sitenote_category":0},"categories":[4],"tags":[],"aioseo_notices":[],"gutentor_comment":0,"rttpg_featured_image_url":{"full":["https:\/\/arantv.az\/wp-content\/uploads\/2021\/06\/Capture-10.jpg",620,300,false],"landscape":["https:\/\/arantv.az\/wp-content\/uploads\/2021\/06\/Capture-10.jpg",620,300,false],"portraits":["https:\/\/arantv.az\/wp-content\/uploads\/2021\/06\/Capture-10.jpg",620,300,false],"thumbnail":["https:\/\/arantv.az\/wp-content\/uploads\/2021\/06\/Capture-10-500x280.jpg",500,280,true],"medium":["https:\/\/arantv.az\/wp-content\/uploads\/2021\/06\/Capture-10.jpg",620,300,false],"large":["https:\/\/arantv.az\/wp-content\/uploads\/2021\/06\/Capture-10.jpg",620,300,false],"1536x1536":["https:\/\/arantv.az\/wp-content\/uploads\/2021\/06\/Capture-10.jpg",620,300,false],"2048x2048":["https:\/\/arantv.az\/wp-content\/uploads\/2021\/06\/Capture-10.jpg",620,300,false],"post-thumbnail":["https:\/\/arantv.az\/wp-content\/uploads\/2021\/06\/Capture-10-240x172.jpg",240,172,true],"advps-thumb-one":["https:\/\/arantv.az\/wp-content\/uploads\/2021\/06\/Capture-10.jpg",620,300,false]},"rttpg_author":{"display_name":"V\u00fcsal Rafiqo\u011flu","author_link":"https:\/\/arantv.az\/?author=2"},"rttpg_comment":0,"rttpg_category":"<a href=\"https:\/\/arantv.az\/?cat=4\" rel=\"category\">Siyas\u0259t<\/a>","rttpg_excerpt":"Az\u0259rbaycan Prezidenti \u0130lham \u018fliyevl\u0259 T\u00fcrkiy\u0259 d\u00f6vl\u0259t ba\u015f\u00e7\u0131s\u0131 R\u0259c\u0259b Tayyib \u018frdo\u011fan, h\u0259yat yolda\u015f\u0131 \u018fmin\u0259 \u018frdo\u011fan v\u0259 onlar\u0131 m\u00fc\u015fayi\u0259t ed\u0259n hey\u0259t\u00a0F\u00fczuli rayonundan \u015eu\u015faya ged\u0259rk\u0259n avtobusda t\u0259r\u0259fl\u0259r aras\u0131nda s\u0259mimi s\u00f6hb\u0259t ba\u015f tutub. M\u00fcvafiq g\u00f6r\u00fcnt\u00fcl\u0259ri \u201cHaber Global\u201d yay\u0131mlay\u0131b. \u018fmin\u0259 \u018frdo\u011fan yol boyu \u0259kin sah\u0259l\u0259rinin, h\u0259tta otlar\u0131n da erm\u0259nil\u0259r t\u0259r\u0259find\u0259n yand\u0131r\u0131lmas\u0131ndan d\u0259h\u015f\u0259t\u0259 g\u0259ldiyini gizl\u0259d\u0259 bilm\u0259yib. Prezident \u0130lham \u018fliyev is\u0259 bildirib&hellip;","_links":{"self":[{"href":"https:\/\/arantv.az\/index.php?rest_route=\/wp\/v2\/posts\/347606"}],"collection":[{"href":"https:\/\/arantv.az\/index.php?rest_route=\/wp\/v2\/posts"}],"about":[{"href":"https:\/\/arantv.az\/index.php?rest_route=\/wp\/v2\/types\/post"}],"author":[{"embeddable":true,"href":"https:\/\/arantv.az\/index.php?rest_route=\/wp\/v2\/users\/2"}],"replies":[{"embeddable":true,"href":"https:\/\/arantv.az\/index.php?rest_route=%2Fwp%2Fv2%2Fcomments&post=347606"}],"version-history":[{"count":0,"href":"https:\/\/arantv.az\/index.php?rest_route=\/wp\/v2\/posts\/347606\/revisions"}],"wp:featuredmedia":[{"embeddable":true,"href":"https:\/\/arantv.az\/index.php?rest_route=\/wp\/v2\/media\/347607"}],"wp:attachment":[{"href":"https:\/\/arantv.az\/index.php?rest_route=%2Fwp%2Fv2%2Fmedia&parent=347606"}],"wp:term":[{"taxonomy":"category","embeddable":true,"href":"https:\/\/arantv.az\/index.php?rest_route=%2Fwp%2Fv2%2Fcategories&post=347606"},{"taxonomy":"post_tag","embeddable":true,"href":"https:\/\/arantv.az\/index.php?rest_route=%2Fwp%2Fv2%2Ftags&post=347606"}],"curies":[{"name":"wp","href":"https:\/\/api.w.org\/{rel}","templated":true}]}}