{"id":347615,"date":"2021-06-16T07:37:00","date_gmt":"2021-06-16T04:37:00","guid":{"rendered":"http:\/\/arantv.az\/?p=347615"},"modified":"2021-06-16T07:37:00","modified_gmt":"2021-06-16T04:37:00","slug":"aztv-nin-haber-globalla-ortaq-yayiminda-tarixi-susa-s%c9%99f%c9%99ri-t%c9%99hlil-olunub-video","status":"publish","type":"post","link":"https:\/\/arantv.az\/?p=347615","title":{"rendered":"AzTV-nin \u201cHaber Global\u201dla ortaq yay\u0131m\u0131nda tarixi \u015eu\u015fa s\u0259f\u0259ri t\u0259hlil olunub \u2013 V\u0130DEO"},"content":{"rendered":"<article class=\"news\">\n<div class=\"news-inner\">\n<p>Az\u0259rbaycan Televiziyas\u0131n\u0131n \u201c\u018fsas m\u0259s\u0259l\u0259\u201d tok-\u015fousu T\u00fcrkiy\u0259nin \u201cHaber Global\u201d telekanal\u0131 il\u0259 ortaq yay\u0131m format\u0131nda efir\u0259 \u00e7\u0131x\u0131b.<\/p>\n<div id=\"AdviadNativeVideo0\" class=\"AdviadNativeVideo\"><\/div>\n<p>Tofiq Abbasovun t\u0259qdimat\u0131nda verili\u015fin qonaqlar\u0131 T\u00fcrkiy\u0259 prezidenti R\u0259c\u0259b Tayyib \u018frdo\u011fan\u0131n Az\u0259rbaycana r\u0259smi s\u0259f\u0259ri, \u015eu\u015fa b\u0259yannam\u0259sinin imzalanmas\u0131 v\u0259 bu tarixi hadis\u0259nin b\u00f6lg\u0259 \u00fc\u00e7\u00fcn \u0259h\u0259miyy\u0259ti bar\u0259d\u0259 fikir m\u00fcbadil\u0259si apar\u0131blar.<\/p>\n<div><iframe loading=\"lazy\" title=\"YouTube video player\" src=\"https:\/\/www.youtube.com\/embed\/a-EpnUiaqG4\" width=\"560\" height=\"315\" frameborder=\"0\" allowfullscreen=\"allowfullscreen\" data-mce-fragment=\"1\"><\/iframe><\/div>\n<\/div>\n<\/article>\n<h2 class=\"news-share-title\"><\/h2>\n","protected":false},"excerpt":{"rendered":"<p>Az\u0259rbaycan Televiziyas\u0131n\u0131n \u201c\u018fsas m\u0259s\u0259l\u0259\u201d tok-\u015fousu T\u00fcrkiy\u0259nin \u201cHaber Global\u201d telekanal\u0131 il\u0259 ortaq yay\u0131m format\u0131nda efir\u0259 \u00e7\u0131x\u0131b. Tofiq Abbasovun t\u0259qdimat\u0131nda verili\u015fin qonaqlar\u0131 T\u00fcrkiy\u0259 prezidenti R\u0259c\u0259b Tayyib \u018frdo\u011fan\u0131n Az\u0259rbaycana r\u0259smi s\u0259f\u0259ri, \u015eu\u015fa b\u0259yannam\u0259sinin imzalanmas\u0131 v\u0259 bu tarixi hadis\u0259nin b\u00f6lg\u0259 \u00fc\u00e7\u00fcn \u0259h\u0259miyy\u0259ti bar\u0259d\u0259 fikir m\u00fcbadil\u0259si apar\u0131blar.<\/p>\n","protected":false},"author":2,"featured_media":347616,"comment_status":"closed","ping_status":"closed","sticky":false,"template":"","format":"standard","meta":{"om_disable_all_campaigns":false,"_monsterinsights_skip_tracking":false,"_monsterinsights_sitenote_active":false,"_monsterinsights_sitenote_note":"","_monsterinsights_sitenote_category":0},"categories":[4],"tags":[],"aioseo_notices":[],"gutentor_comment":0,"rttpg_featured_image_url":{"full":["https:\/\/arantv.az\/wp-content\/uploads\/2021\/06\/Capture-11.jpg",620,306,false],"landscape":["https:\/\/arantv.az\/wp-content\/uploads\/2021\/06\/Capture-11.jpg",620,306,false],"portraits":["https:\/\/arantv.az\/wp-content\/uploads\/2021\/06\/Capture-11.jpg",620,306,false],"thumbnail":["https:\/\/arantv.az\/wp-content\/uploads\/2021\/06\/Capture-11-500x280.jpg",500,280,true],"medium":["https:\/\/arantv.az\/wp-content\/uploads\/2021\/06\/Capture-11.jpg",620,306,false],"large":["https:\/\/arantv.az\/wp-content\/uploads\/2021\/06\/Capture-11.jpg",620,306,false],"1536x1536":["https:\/\/arantv.az\/wp-content\/uploads\/2021\/06\/Capture-11.jpg",620,306,false],"2048x2048":["https:\/\/arantv.az\/wp-content\/uploads\/2021\/06\/Capture-11.jpg",620,306,false],"post-thumbnail":["https:\/\/arantv.az\/wp-content\/uploads\/2021\/06\/Capture-11-240x172.jpg",240,172,true],"advps-thumb-one":["https:\/\/arantv.az\/wp-content\/uploads\/2021\/06\/Capture-11.jpg",620,306,false]},"rttpg_author":{"display_name":"V\u00fcsal Rafiqo\u011flu","author_link":"https:\/\/arantv.az\/?author=2"},"rttpg_comment":0,"rttpg_category":"<a href=\"https:\/\/arantv.az\/?cat=4\" rel=\"category\">Siyas\u0259t<\/a>","rttpg_excerpt":"Az\u0259rbaycan Televiziyas\u0131n\u0131n \u201c\u018fsas m\u0259s\u0259l\u0259\u201d tok-\u015fousu T\u00fcrkiy\u0259nin \u201cHaber Global\u201d telekanal\u0131 il\u0259 ortaq yay\u0131m format\u0131nda efir\u0259 \u00e7\u0131x\u0131b. Tofiq Abbasovun t\u0259qdimat\u0131nda verili\u015fin qonaqlar\u0131 T\u00fcrkiy\u0259 prezidenti R\u0259c\u0259b Tayyib \u018frdo\u011fan\u0131n Az\u0259rbaycana r\u0259smi s\u0259f\u0259ri, \u015eu\u015fa b\u0259yannam\u0259sinin imzalanmas\u0131 v\u0259 bu tarixi hadis\u0259nin b\u00f6lg\u0259 \u00fc\u00e7\u00fcn \u0259h\u0259miyy\u0259ti bar\u0259d\u0259 fikir m\u00fcbadil\u0259si apar\u0131blar.","_links":{"self":[{"href":"https:\/\/arantv.az\/index.php?rest_route=\/wp\/v2\/posts\/347615"}],"collection":[{"href":"https:\/\/arantv.az\/index.php?rest_route=\/wp\/v2\/posts"}],"about":[{"href":"https:\/\/arantv.az\/index.php?rest_route=\/wp\/v2\/types\/post"}],"author":[{"embeddable":true,"href":"https:\/\/arantv.az\/index.php?rest_route=\/wp\/v2\/users\/2"}],"replies":[{"embeddable":true,"href":"https:\/\/arantv.az\/index.php?rest_route=%2Fwp%2Fv2%2Fcomments&post=347615"}],"version-history":[{"count":0,"href":"https:\/\/arantv.az\/index.php?rest_route=\/wp\/v2\/posts\/347615\/revisions"}],"wp:featuredmedia":[{"embeddable":true,"href":"https:\/\/arantv.az\/index.php?rest_route=\/wp\/v2\/media\/347616"}],"wp:attachment":[{"href":"https:\/\/arantv.az\/index.php?rest_route=%2Fwp%2Fv2%2Fmedia&parent=347615"}],"wp:term":[{"taxonomy":"category","embeddable":true,"href":"https:\/\/arantv.az\/index.php?rest_route=%2Fwp%2Fv2%2Fcategories&post=347615"},{"taxonomy":"post_tag","embeddable":true,"href":"https:\/\/arantv.az\/index.php?rest_route=%2Fwp%2Fv2%2Ftags&post=347615"}],"curies":[{"name":"wp","href":"https:\/\/api.w.org\/{rel}","templated":true}]}}