{"id":347618,"date":"2021-06-16T07:38:08","date_gmt":"2021-06-16T04:38:08","guid":{"rendered":"http:\/\/arantv.az\/?p=347618"},"modified":"2021-06-16T07:38:08","modified_gmt":"2021-06-16T04:38:08","slug":"turkiy%c9%99li-jurnalistd%c9%99n-susa-paylasimi-foto","status":"publish","type":"post","link":"https:\/\/arantv.az\/?p=347618","title":{"rendered":"T\u00fcrkiy\u0259li jurnalistd\u0259n \u015eu\u015fa payla\u015f\u0131m\u0131 &#8211; FOTO"},"content":{"rendered":"<article class=\"news\">\n<div class=\"news-inner\">\n<p>\u201cCNN T\u00fcrk\u201d telekanal\u0131n\u0131n \u0259m\u0259kda\u015f\u0131 Fulya \u00d6zt\u00fcrk \u015eu\u015fa \u015f\u0259h\u0259ril\u0259 ba\u011fl\u0131 payla\u015f\u0131m edib.<\/p>\n<p>\u00d6z\u00fcn\u00fcn \u201cInstagram\u201d s\u0259hif\u0259sind\u0259 Az\u0259rbaycan \u0259sg\u0259rl\u0259ril\u0259 \u00e7\u0259kdirdiyi fotosunu payla\u015fan jurnalist \u201c\u015eu\u015fadak\u0131 \u0259sg\u0259rl\u0259rl\u0259 xatir\u0259 fotomuz\u201d, &#8211; yazaraq qeyd edib.<\/p>\n<div id=\"AdviadNativeVideo0\" class=\"AdviadNativeVideo\"><\/div>\n<p>Xat\u0131rladaq ki, F.\u00d6zt\u00fcrk 44 g\u00fcnl\u00fck V\u0259t\u0259n m\u00fcharib\u0259sini i\u015f\u0131qland\u0131ran \u0259n f\u0259al \u0259cn\u0259bi media n\u00fcmay\u0259nd\u0259l\u0259rind\u0259n biri olub.<\/p>\n<p>X\u00fcsusil\u0259 d\u0259\u00a0G\u0259nc\u0259nin raket at\u0259\u015fin\u0259 tutulmas\u0131ndan sonra o, canl\u0131 efir\u0259 \u00e7\u0131xaraq ba\u015f ver\u0259n faci\u0259ni obyektiv v\u0259 operativ \u015f\u0259kild\u0259 d\u00fcnya ictimaiyy\u0259tin\u0259 \u00e7atd\u0131r\u0131b.<\/p>\n<div>\n<blockquote class=\"instagram-media\" data-instgrm-captioned=\"\" data-instgrm-permalink=\"https:\/\/www.instagram.com\/p\/CQJcDPpgrVZ\/?utm_source=ig_embed&amp;utm_campaign=loading\" data-instgrm-version=\"13\">\n<div>\n<div>\n<div><\/div>\n<div>\n<div><\/div>\n<div><\/div>\n<\/div>\n<\/div>\n<div><\/div>\n<div><\/div>\n<div>\n<div><a href=\"https:\/\/www.instagram.com\/p\/CQJcDPpgrVZ\/?utm_source=ig_embed&amp;utm_campaign=loading\" target=\"_blank\" rel=\"noopener\">View this post on Instagram<\/a><\/div>\n<\/div>\n<div><\/div>\n<div>\n<div>\n<div><\/div>\n<div><\/div>\n<div><\/div>\n<\/div>\n<div>\n<div><\/div>\n<div><\/div>\n<\/div>\n<div>\n<div><\/div>\n<div><\/div>\n<div><\/div>\n<\/div>\n<\/div>\n<div>\n<div><\/div>\n<div><\/div>\n<\/div>\n<p><a href=\"https:\/\/www.instagram.com\/p\/CQJcDPpgrVZ\/?utm_source=ig_embed&amp;utm_campaign=loading\" target=\"_blank\" rel=\"noopener\">A post shared by Fulya \u00d6zt\u00fcrk\ud83c\uddf9\ud83c\uddf7 (@fullyaozturk)<\/a><\/p>\n<\/div>\n<\/blockquote>\n<\/div>\n<\/div>\n<\/article>\n<h2 class=\"news-share-title\"><\/h2>\n","protected":false},"excerpt":{"rendered":"<p>\u201cCNN T\u00fcrk\u201d telekanal\u0131n\u0131n \u0259m\u0259kda\u015f\u0131 Fulya \u00d6zt\u00fcrk \u015eu\u015fa \u015f\u0259h\u0259ril\u0259 ba\u011fl\u0131 payla\u015f\u0131m edib. \u00d6z\u00fcn\u00fcn \u201cInstagram\u201d s\u0259hif\u0259sind\u0259 Az\u0259rbaycan \u0259sg\u0259rl\u0259ril\u0259 \u00e7\u0259kdirdiyi fotosunu payla\u015fan jurnalist \u201c\u015eu\u015fadak\u0131 \u0259sg\u0259rl\u0259rl\u0259 xatir\u0259 fotomuz\u201d, &#8211; yazaraq qeyd edib. Xat\u0131rladaq ki, F.\u00d6zt\u00fcrk 44 g\u00fcnl\u00fck V\u0259t\u0259n m\u00fcharib\u0259sini i\u015f\u0131qland\u0131ran \u0259n f\u0259al \u0259cn\u0259bi media n\u00fcmay\u0259nd\u0259l\u0259rind\u0259n biri olub. X\u00fcsusil\u0259 d\u0259\u00a0G\u0259nc\u0259nin raket at\u0259\u015fin\u0259 tutulmas\u0131ndan sonra o, canl\u0131 efir\u0259 \u00e7\u0131xaraq ba\u015f ver\u0259n faci\u0259ni obyektiv v\u0259 operativ \u015f\u0259kild\u0259 d\u00fcnya ictimaiyy\u0259tin\u0259 \u00e7atd\u0131r\u0131b. View this post on Instagram A post shared by Fulya \u00d6zt\u00fcrk\ud83c\uddf9\ud83c\uddf7 (@fullyaozturk)<\/p>\n","protected":false},"author":2,"featured_media":347619,"comment_status":"closed","ping_status":"closed","sticky":false,"template":"","format":"standard","meta":{"om_disable_all_campaigns":false,"_monsterinsights_skip_tracking":false,"_monsterinsights_sitenote_active":false,"_monsterinsights_sitenote_note":"","_monsterinsights_sitenote_category":0},"categories":[10],"tags":[],"aioseo_notices":[],"gutentor_comment":0,"rttpg_featured_image_url":{"full":["https:\/\/arantv.az\/wp-content\/uploads\/2021\/06\/Capture-12.jpg",595,399,false],"landscape":["https:\/\/arantv.az\/wp-content\/uploads\/2021\/06\/Capture-12.jpg",595,399,false],"portraits":["https:\/\/arantv.az\/wp-content\/uploads\/2021\/06\/Capture-12.jpg",595,399,false],"thumbnail":["https:\/\/arantv.az\/wp-content\/uploads\/2021\/06\/Capture-12-500x280.jpg",500,280,true],"medium":["https:\/\/arantv.az\/wp-content\/uploads\/2021\/06\/Capture-12-544x365.jpg",544,365,true],"large":["https:\/\/arantv.az\/wp-content\/uploads\/2021\/06\/Capture-12.jpg",595,399,false],"1536x1536":["https:\/\/arantv.az\/wp-content\/uploads\/2021\/06\/Capture-12.jpg",595,399,false],"2048x2048":["https:\/\/arantv.az\/wp-content\/uploads\/2021\/06\/Capture-12.jpg",595,399,false],"post-thumbnail":["https:\/\/arantv.az\/wp-content\/uploads\/2021\/06\/Capture-12-240x172.jpg",240,172,true],"advps-thumb-one":["https:\/\/arantv.az\/wp-content\/uploads\/2021\/06\/Capture-12.jpg",595,399,false]},"rttpg_author":{"display_name":"V\u00fcsal Rafiqo\u011flu","author_link":"https:\/\/arantv.az\/?author=2"},"rttpg_comment":0,"rttpg_category":"<a href=\"https:\/\/arantv.az\/?cat=10\" rel=\"category\">C\u0259bh\u0259d\u0259n X\u0259b\u0259r<\/a>","rttpg_excerpt":"\u201cCNN T\u00fcrk\u201d telekanal\u0131n\u0131n \u0259m\u0259kda\u015f\u0131 Fulya \u00d6zt\u00fcrk \u015eu\u015fa \u015f\u0259h\u0259ril\u0259 ba\u011fl\u0131 payla\u015f\u0131m edib. \u00d6z\u00fcn\u00fcn \u201cInstagram\u201d s\u0259hif\u0259sind\u0259 Az\u0259rbaycan \u0259sg\u0259rl\u0259ril\u0259 \u00e7\u0259kdirdiyi fotosunu payla\u015fan jurnalist \u201c\u015eu\u015fadak\u0131 \u0259sg\u0259rl\u0259rl\u0259 xatir\u0259 fotomuz\u201d, &#8211; yazaraq qeyd edib. Xat\u0131rladaq ki, F.\u00d6zt\u00fcrk 44 g\u00fcnl\u00fck V\u0259t\u0259n m\u00fcharib\u0259sini i\u015f\u0131qland\u0131ran \u0259n f\u0259al \u0259cn\u0259bi media n\u00fcmay\u0259nd\u0259l\u0259rind\u0259n biri olub. X\u00fcsusil\u0259 d\u0259\u00a0G\u0259nc\u0259nin raket at\u0259\u015fin\u0259 tutulmas\u0131ndan sonra o, canl\u0131 efir\u0259 \u00e7\u0131xaraq ba\u015f ver\u0259n&hellip;","_links":{"self":[{"href":"https:\/\/arantv.az\/index.php?rest_route=\/wp\/v2\/posts\/347618"}],"collection":[{"href":"https:\/\/arantv.az\/index.php?rest_route=\/wp\/v2\/posts"}],"about":[{"href":"https:\/\/arantv.az\/index.php?rest_route=\/wp\/v2\/types\/post"}],"author":[{"embeddable":true,"href":"https:\/\/arantv.az\/index.php?rest_route=\/wp\/v2\/users\/2"}],"replies":[{"embeddable":true,"href":"https:\/\/arantv.az\/index.php?rest_route=%2Fwp%2Fv2%2Fcomments&post=347618"}],"version-history":[{"count":0,"href":"https:\/\/arantv.az\/index.php?rest_route=\/wp\/v2\/posts\/347618\/revisions"}],"wp:featuredmedia":[{"embeddable":true,"href":"https:\/\/arantv.az\/index.php?rest_route=\/wp\/v2\/media\/347619"}],"wp:attachment":[{"href":"https:\/\/arantv.az\/index.php?rest_route=%2Fwp%2Fv2%2Fmedia&parent=347618"}],"wp:term":[{"taxonomy":"category","embeddable":true,"href":"https:\/\/arantv.az\/index.php?rest_route=%2Fwp%2Fv2%2Fcategories&post=347618"},{"taxonomy":"post_tag","embeddable":true,"href":"https:\/\/arantv.az\/index.php?rest_route=%2Fwp%2Fv2%2Ftags&post=347618"}],"curies":[{"name":"wp","href":"https:\/\/api.w.org\/{rel}","templated":true}]}}