{"id":347621,"date":"2021-06-16T07:39:54","date_gmt":"2021-06-16T04:39:54","guid":{"rendered":"http:\/\/arantv.az\/?p=347621"},"modified":"2021-06-16T07:39:54","modified_gmt":"2021-06-16T04:39:54","slug":"tacikistan-portali-milli-qurtulus-gunu-il%c9%99-bagli-m%c9%99qal%c9%99-yayimlayib","status":"publish","type":"post","link":"https:\/\/arantv.az\/?p=347621","title":{"rendered":"Tacikistan portal\u0131 Milli Qurtulu\u015f G\u00fcn\u00fc il\u0259 ba\u011fl\u0131 m\u0259qal\u0259 yay\u0131mlay\u0131b"},"content":{"rendered":"<p>Tacikistan\u0131n \u201cfaraj.tj\u201d portal\u0131 \u00f6z s\u0259hif\u0259sind\u0259 Milli Qurtulu\u015f G\u00fcn\u00fc il\u0259 ba\u011fl\u0131 tacik dilind\u0259 m\u0259qal\u0259 yerl\u0259\u015fdirib.<br \/>\n<strong>ARANTV.AZ\u00a0<\/strong> x\u0259b\u0259r verir ki, m\u0259qal\u0259d\u0259 Milli Qurtulu\u015f G\u00fcn\u00fcn\u00fcn yaranma tarixind\u0259n dan\u0131\u015f\u0131l\u0131r, bu g\u00fcn\u00fcn ulu \u00f6nd\u0259r Heyd\u0259r \u018fliyevin ad\u0131 il\u0259 ba\u011fl\u0131 oldu\u011fu qeyd edilir.<br \/>\nM\u0259qal\u0259d\u0259 bildirilir ki, Az\u0259rbaycan 1991-ci il oktyabr\u0131n 18-d\u0259 m\u00fcst\u0259qilliyini b\u0259rpa ets\u0259 d\u0259, ilk ill\u0259rd\u0259 \u00f6lk\u0259d\u0259 hakimiyy\u0259t b\u00f6hran\u0131 yaranm\u0131\u015f v\u0259 Erm\u0259nistan\u0131n t\u0259cav\u00fcz\u00fc getdikc\u0259 g\u00fccl\u0259nirdi. Vur\u011fulan\u0131r ki, xalq\u0131m\u0131z\u0131n t\u0259kidli t\u0259l\u0259bi il\u0259 1993-c\u00fc il iyunun 15-d\u0259 \u00fcmummilli lider Heyd\u0259r \u018fliyev Az\u0259rbaycan Ali Sovetinin s\u0259dri, h\u0259min il oktyabr\u0131n 11-d\u0259 is\u0259 Az\u0259rbaycan Prezidenti se\u00e7ilib. Bel\u0259likl\u0259 d\u0259 Ulu \u00d6nd\u0259rin siyasi hakimiyy\u0259t\u0259 qay\u0131d\u0131\u015f\u0131 tariximiz\u0259 Milli Qurtulu\u015f G\u00fcn\u00fc kimi daxil olub.<br \/>\nO zaman Heyd\u0259r \u018fliyevin q\u0259tiyy\u0259ti say\u0259sind\u0259 \u00f6lk\u0259d\u0259 sabitlik v\u0259 \u0259min-amanl\u0131q b\u0259rq\u0259rar olub. Ulu \u00f6nd\u0259r Heyd\u0259r \u018fliyev Az\u0259rbaycan\u0131 xaosdan xilas edib, \u00f6lk\u0259 sivil demokratik inki\u015faf yolu il\u0259 ir\u0259lil\u0259y\u0259r\u0259k b\u00f6y\u00fck nailiyy\u0259tl\u0259r qazan\u0131b. Heyd\u0259r \u018fliyev \u00f6z g\u00fcc\u00fcn\u0259, t\u0259cr\u00fcb\u0259sin\u0259 g\u00fcv\u0259n\u0259n dahi siyas\u0259t\u00e7i olub.<br \/>\nQeyd edilir ki, Erm\u0259nistan\u0131n Az\u0259rbaycan torpaqlar\u0131n\u0131 i\u015f\u011fal etm\u0259si n\u0259tic\u0259sind\u0259 bir milyon n\u0259f\u0259r qa\u00e7q\u0131n v\u0259 m\u0259cburi k\u00f6\u00e7k\u00fcn\u0259 \u00e7evrilib.<br \/>\nYaz\u0131da Heyd\u0259r \u018fliyev hakimiyy\u0259t\u0259 qay\u0131td\u0131qdan sonra q\u0131sa m\u00fcdd\u0259t \u0259rzind\u0259 \u00f6lk\u0259d\u0259 g\u00f6r\u00fcl\u0259n i\u015fl\u0259r haqq\u0131nda da m\u0259lumat verilir, neft strategiyas\u0131, \u201c\u018fsrin m\u00fcqavil\u0259si\u201d v\u0259 dig\u0259r layih\u0259l\u0259r haqq\u0131nda s\u00f6hb\u0259t a\u00e7\u0131l\u0131r.<br \/>\nBildirilir ki, Heyd\u0259r \u018fliyevin siyasi x\u0259ttini davam etdir\u0259n Az\u0259rbaycan Prezidenti \u0130lham \u018fliyevin hakimiyy\u0259ti d\u00f6vr\u00fcnd\u0259 \u00f6lk\u0259 iqtisadiyyat\u0131na 260 milyard dollar s\u0259rmay\u0259 qoyulub.<br \/>\nM\u0259qal\u0259d\u0259 44 g\u00fcnl\u00fck V\u0259t\u0259n m\u00fcharib\u0259si, Az\u0259rbaycan ordusunun q\u0259l\u0259b\u0259si, torpaqlar\u0131m\u0131z\u0131n azad edilm\u0259si haqq\u0131nda da dan\u0131\u015f\u0131l\u0131r.<\/p>\n","protected":false},"excerpt":{"rendered":"<p>Tacikistan\u0131n \u201cfaraj.tj\u201d portal\u0131 \u00f6z s\u0259hif\u0259sind\u0259 Milli Qurtulu\u015f G\u00fcn\u00fc il\u0259 ba\u011fl\u0131 tacik dilind\u0259 m\u0259qal\u0259 yerl\u0259\u015fdirib. ARANTV.AZ\u00a0 x\u0259b\u0259r verir ki, m\u0259qal\u0259d\u0259 Milli Qurtulu\u015f G\u00fcn\u00fcn\u00fcn yaranma tarixind\u0259n dan\u0131\u015f\u0131l\u0131r, bu g\u00fcn\u00fcn ulu \u00f6nd\u0259r Heyd\u0259r \u018fliyevin ad\u0131 il\u0259 ba\u011fl\u0131 oldu\u011fu qeyd edilir. M\u0259qal\u0259d\u0259 bildirilir ki, Az\u0259rbaycan 1991-ci il oktyabr\u0131n 18-d\u0259 m\u00fcst\u0259qilliyini b\u0259rpa ets\u0259 d\u0259, ilk ill\u0259rd\u0259 \u00f6lk\u0259d\u0259 hakimiyy\u0259t b\u00f6hran\u0131 yaranm\u0131\u015f v\u0259 Erm\u0259nistan\u0131n t\u0259cav\u00fcz\u00fc getdikc\u0259 g\u00fccl\u0259nirdi. Vur\u011fulan\u0131r ki, xalq\u0131m\u0131z\u0131n t\u0259kidli t\u0259l\u0259bi il\u0259 1993-c\u00fc il iyunun 15-d\u0259 \u00fcmummilli lider Heyd\u0259r \u018fliyev Az\u0259rbaycan Ali Sovetinin s\u0259dri, h\u0259min il oktyabr\u0131n 11-d\u0259 is\u0259 Az\u0259rbaycan Prezidenti se\u00e7ilib. Bel\u0259likl\u0259 d\u0259 Ulu \u00d6nd\u0259rin&hellip;<\/p>\n","protected":false},"author":2,"featured_media":347622,"comment_status":"closed","ping_status":"closed","sticky":false,"template":"","format":"standard","meta":{"om_disable_all_campaigns":false,"_monsterinsights_skip_tracking":false,"_monsterinsights_sitenote_active":false,"_monsterinsights_sitenote_note":"","_monsterinsights_sitenote_category":0},"categories":[4],"tags":[],"aioseo_notices":[],"gutentor_comment":0,"rttpg_featured_image_url":{"full":["https:\/\/arantv.az\/wp-content\/uploads\/2021\/06\/4a46fbfc162380181928208983210555898.jpg",975,540,false],"landscape":["https:\/\/arantv.az\/wp-content\/uploads\/2021\/06\/4a46fbfc162380181928208983210555898.jpg",975,540,false],"portraits":["https:\/\/arantv.az\/wp-content\/uploads\/2021\/06\/4a46fbfc162380181928208983210555898.jpg",975,540,false],"thumbnail":["https:\/\/arantv.az\/wp-content\/uploads\/2021\/06\/4a46fbfc162380181928208983210555898-500x280.jpg",500,280,true],"medium":["https:\/\/arantv.az\/wp-content\/uploads\/2021\/06\/4a46fbfc162380181928208983210555898-660x365.jpg",660,365,true],"large":["https:\/\/arantv.az\/wp-content\/uploads\/2021\/06\/4a46fbfc162380181928208983210555898-840x465.jpg",640,354,true],"1536x1536":["https:\/\/arantv.az\/wp-content\/uploads\/2021\/06\/4a46fbfc162380181928208983210555898.jpg",975,540,false],"2048x2048":["https:\/\/arantv.az\/wp-content\/uploads\/2021\/06\/4a46fbfc162380181928208983210555898.jpg",975,540,false],"post-thumbnail":["https:\/\/arantv.az\/wp-content\/uploads\/2021\/06\/4a46fbfc162380181928208983210555898-240x172.jpg",240,172,true],"advps-thumb-one":["https:\/\/arantv.az\/wp-content\/uploads\/2021\/06\/4a46fbfc162380181928208983210555898.jpg",975,540,false]},"rttpg_author":{"display_name":"V\u00fcsal Rafiqo\u011flu","author_link":"https:\/\/arantv.az\/?author=2"},"rttpg_comment":0,"rttpg_category":"<a href=\"https:\/\/arantv.az\/?cat=4\" rel=\"category\">Siyas\u0259t<\/a>","rttpg_excerpt":"Tacikistan\u0131n \u201cfaraj.tj\u201d portal\u0131 \u00f6z s\u0259hif\u0259sind\u0259 Milli Qurtulu\u015f G\u00fcn\u00fc il\u0259 ba\u011fl\u0131 tacik dilind\u0259 m\u0259qal\u0259 yerl\u0259\u015fdirib. ARANTV.AZ\u00a0 x\u0259b\u0259r verir ki, m\u0259qal\u0259d\u0259 Milli Qurtulu\u015f G\u00fcn\u00fcn\u00fcn yaranma tarixind\u0259n dan\u0131\u015f\u0131l\u0131r, bu g\u00fcn\u00fcn ulu \u00f6nd\u0259r Heyd\u0259r \u018fliyevin ad\u0131 il\u0259 ba\u011fl\u0131 oldu\u011fu qeyd edilir. M\u0259qal\u0259d\u0259 bildirilir ki, Az\u0259rbaycan 1991-ci il oktyabr\u0131n 18-d\u0259 m\u00fcst\u0259qilliyini b\u0259rpa ets\u0259 d\u0259, ilk ill\u0259rd\u0259 \u00f6lk\u0259d\u0259 hakimiyy\u0259t b\u00f6hran\u0131 yaranm\u0131\u015f&hellip;","_links":{"self":[{"href":"https:\/\/arantv.az\/index.php?rest_route=\/wp\/v2\/posts\/347621"}],"collection":[{"href":"https:\/\/arantv.az\/index.php?rest_route=\/wp\/v2\/posts"}],"about":[{"href":"https:\/\/arantv.az\/index.php?rest_route=\/wp\/v2\/types\/post"}],"author":[{"embeddable":true,"href":"https:\/\/arantv.az\/index.php?rest_route=\/wp\/v2\/users\/2"}],"replies":[{"embeddable":true,"href":"https:\/\/arantv.az\/index.php?rest_route=%2Fwp%2Fv2%2Fcomments&post=347621"}],"version-history":[{"count":0,"href":"https:\/\/arantv.az\/index.php?rest_route=\/wp\/v2\/posts\/347621\/revisions"}],"wp:featuredmedia":[{"embeddable":true,"href":"https:\/\/arantv.az\/index.php?rest_route=\/wp\/v2\/media\/347622"}],"wp:attachment":[{"href":"https:\/\/arantv.az\/index.php?rest_route=%2Fwp%2Fv2%2Fmedia&parent=347621"}],"wp:term":[{"taxonomy":"category","embeddable":true,"href":"https:\/\/arantv.az\/index.php?rest_route=%2Fwp%2Fv2%2Fcategories&post=347621"},{"taxonomy":"post_tag","embeddable":true,"href":"https:\/\/arantv.az\/index.php?rest_route=%2Fwp%2Fv2%2Ftags&post=347621"}],"curies":[{"name":"wp","href":"https:\/\/api.w.org\/{rel}","templated":true}]}}