{"id":347624,"date":"2021-06-16T07:43:09","date_gmt":"2021-06-16T04:43:09","guid":{"rendered":"http:\/\/arantv.az\/?p=347624"},"modified":"2021-06-16T07:43:09","modified_gmt":"2021-06-16T04:43:09","slug":"qalib-qardaslarin-susa-gorusu-novb%c9%99ti-q%c9%99l%c9%99b%c9%99l%c9%99rin-t%c9%99m%c9%99li-qoyuldu","status":"publish","type":"post","link":"https:\/\/arantv.az\/?p=347624","title":{"rendered":"Qalib qarda\u015flar\u0131n \u015eu\u015fa g\u00f6r\u00fc\u015f\u00fc: N\u00f6vb\u0259ti q\u0259l\u0259b\u0259l\u0259rin t\u0259m\u0259li qoyuldu"},"content":{"rendered":"<p>T\u00fcrkiy\u0259 Prezidenti R\u0259c\u0259b Tayyib \u018frdo\u011fan\u0131n Az\u0259rbaycana s\u0259f\u0259ri v\u0259 \u015eu\u015fan\u0131 ziyar\u0259t etm\u0259si m\u00fcnasib\u0259tl\u0259rin yeni d\u00f6n\u0259minin ba\u015flanmas\u0131ndan x\u0259b\u0259r verir.<\/p>\n<p>\u015eu\u015fa g\u00f6r\u00fc\u015f\u00fcn\u00fcn \u0259n ba\u015fl\u0131ca \u00f6n\u0259mi is\u0259 imzalanan \u015eu\u015fa b\u0259yannam\u0259si oldu. B\u0259yannam\u0259d\u0259 bir s\u0131ra qar\u015f\u0131l\u0131ql\u0131 m\u0259s\u0259l\u0259l\u0259r, g\u0259l\u0259c\u0259k \u0259m\u0259kda\u015fl\u0131\u011f\u0131n yol x\u0259rit\u0259si \u0259ks olunub.<\/p>\n<p>S\u0259n\u0259dd\u0259 yer alan iki m\u0259s\u0259l\u0259 is\u0259 x\u00fcsusil\u0259 diqq\u0259t \u00e7\u0259kir:<\/p>\n<p>&#8211; T\u0259r\u0259fl\u0259r bir-birl\u0259rinin t\u0259hl\u00fck\u0259sizliyinin t\u0259minat\u0131 \u00fc\u00e7\u00fcn BMT Nizamnam\u0259sin\u0259 uy\u011fun qar\u015f\u0131l\u0131ql\u0131 \u00f6hd\u0259lik g\u00f6t\u00fcr\u00fcr:<\/p>\n<p>&#8211; Az\u0259rbaycan v\u0259 T\u00fcrkiy\u0259ni birl\u0259\u015fdir\u0259n Z\u0259ng\u0259zur d\u0259hlizinin a\u00e7\u0131lmas\u0131.<\/p>\n<p>Az\u0259rbaycan-T\u00fcrkiy\u0259 \u0259m\u0259kda\u015fl\u0131\u011f\u0131 b\u00fct\u00fcn m\u00fcst\u0259vil\u0259rd\u0259 y\u00fcks\u0259l\u0259n x\u0259tl\u0259 inki\u015faf edir. V\u0259t\u0259n m\u00fcharib\u0259sind\u0259 Az\u0259rbaycan\u0131n qazand\u0131\u011f\u0131 q\u0259l\u0259b\u0259d\u0259n sonra b\u00f6lg\u0259d\u0259 yeni reall\u0131q yaran\u0131b. N\u00fcfuzlu beyn\u0259lxalq t\u0259\u015fkilatlar, \u00f6lk\u0259l\u0259r d\u0259 bu reall\u0131\u011f\u0131 q\u0259bul edir.<\/p>\n<p>\u0130mzalanm\u0131\u015f \u015eu\u015fa B\u0259yannam\u0259si d\u0259 b\u00f6lg\u0259d\u0259 Az\u0259rbaycan-T\u00fcrkiy\u0259 qarda\u015fl\u0131\u011f\u0131n\u0131n yaratd\u0131\u011f\u0131 reall\u0131\u011f\u0131n n\u0259tic\u0259sidir. B\u0259yannam\u0259 t\u0259r\u0259fl\u0259rin g\u0259l\u0259c\u0259k \u0259mda\u015fl\u0131\u011f\u0131 \u00fc\u00e7\u00fcn yol x\u0259rit\u0259si rolunu da oynay\u0131r.<\/p>\n<p>B\u0259yannam\u0259nin 15 iyunda \u015eu\u015fada imzalanmas\u0131 is\u0259 t\u0259sad\u00fcf\u00fc deyil. 28 il \u00f6nc\u0259 1993-c\u00fc ilid\u0259 Az\u0259rbaycan v\u0259t\u0259nda\u015f m\u00fcharib\u0259si \u0259r\u0259f\u0259sind\u0259 idi. \u00dcmummilli lider Heyd\u0259r \u018fliyev \u00e7ox q\u0131sa bir vaxtda Az\u0259rbaycanda v\u0259t\u0259nda\u015f m\u00fcharib\u0259sinin qar\u015f\u0131s\u0131n\u0131 ala bildi.<\/p>\n<p>1993-c\u00fc il iyunun 15-d\u0259 ulu \u00f6nd\u0259r Heyd\u0259r \u018fliyev Az\u0259rbaycan Respublikas\u0131 Ali Sovetinin s\u0259dri se\u00e7ildi. Bel\u0259likl\u0259, 15 iyun tariximiz\u0259 Milli Qurtulu\u015f G\u00fcn\u00fc kimi daxil oldu.<\/p>\n<p>28 ild\u0259n sonra is\u0259 &#8211; 2021-ci ilin 15 iyununda Prezident \u0130lham \u018fliyev Az\u0259rbaycan\u0131n m\u0259d\u0259niyy\u0259t paytaxt\u0131, azad \u015eu\u015fada yeni s\u0259n\u0259d imzalad\u0131. Bu, ilk n\u00f6vb\u0259d\u0259 \u0259razi b\u00fct\u00f6vl\u00fcy\u00fc t\u0259min olunmu\u015f m\u00fcst\u0259qil Az\u0259rbaycan\u0131n v\u0259 onun r\u0259hb\u0259rinin m\u00fcst\u0259qil siyas\u0259tinin bariz n\u00fcmun\u0259sidir. \u015eu\u015fada T\u00fcrkiy\u0259-Az\u0259rbaycan qarda\u015fl\u0131\u011f\u0131n\u0131n g\u0259l\u0259c\u0259kd\u0259ki q\u0259l\u0259b\u0259l\u0259rinin t\u0259m\u0259li qoyuldu.<\/p>\n<p>Bundan sonra 15 iyun h\u0259m Milli Qurtulu\u015f G\u00fcn\u00fc, h\u0259m d\u0259 \u015eu\u015fa B\u0259yannam\u0259sinin imzaland\u0131\u011f\u0131 g\u00fcn kimi tarixd\u0259 qalacaq!<\/p>\n<p><strong>Asif Mehman<\/strong><br \/>\n<a href=\"http:\/\/az.trend.az\/\" target=\"_blank\" rel=\"noopener\">Trend<\/a>\u00a0\u0130nformasiya Agentliyi Az\u0259rbaycan xidm\u0259tinin m\u00fcdiri<\/p>\n","protected":false},"excerpt":{"rendered":"<p>T\u00fcrkiy\u0259 Prezidenti R\u0259c\u0259b Tayyib \u018frdo\u011fan\u0131n Az\u0259rbaycana s\u0259f\u0259ri v\u0259 \u015eu\u015fan\u0131 ziyar\u0259t etm\u0259si m\u00fcnasib\u0259tl\u0259rin yeni d\u00f6n\u0259minin ba\u015flanmas\u0131ndan x\u0259b\u0259r verir. \u015eu\u015fa g\u00f6r\u00fc\u015f\u00fcn\u00fcn \u0259n ba\u015fl\u0131ca \u00f6n\u0259mi is\u0259 imzalanan \u015eu\u015fa b\u0259yannam\u0259si oldu. B\u0259yannam\u0259d\u0259 bir s\u0131ra qar\u015f\u0131l\u0131ql\u0131 m\u0259s\u0259l\u0259l\u0259r, g\u0259l\u0259c\u0259k \u0259m\u0259kda\u015fl\u0131\u011f\u0131n yol x\u0259rit\u0259si \u0259ks olunub. S\u0259n\u0259dd\u0259 yer alan iki m\u0259s\u0259l\u0259 is\u0259 x\u00fcsusil\u0259 diqq\u0259t \u00e7\u0259kir: &#8211; T\u0259r\u0259fl\u0259r bir-birl\u0259rinin t\u0259hl\u00fck\u0259sizliyinin t\u0259minat\u0131 \u00fc\u00e7\u00fcn BMT Nizamnam\u0259sin\u0259 uy\u011fun qar\u015f\u0131l\u0131ql\u0131 \u00f6hd\u0259lik g\u00f6t\u00fcr\u00fcr: &#8211; Az\u0259rbaycan v\u0259 T\u00fcrkiy\u0259ni birl\u0259\u015fdir\u0259n Z\u0259ng\u0259zur d\u0259hlizinin a\u00e7\u0131lmas\u0131. Az\u0259rbaycan-T\u00fcrkiy\u0259 \u0259m\u0259kda\u015fl\u0131\u011f\u0131 b\u00fct\u00fcn m\u00fcst\u0259vil\u0259rd\u0259 y\u00fcks\u0259l\u0259n x\u0259tl\u0259 inki\u015faf edir. V\u0259t\u0259n m\u00fcharib\u0259sind\u0259 Az\u0259rbaycan\u0131n qazand\u0131\u011f\u0131 q\u0259l\u0259b\u0259d\u0259n sonra b\u00f6lg\u0259d\u0259 yeni reall\u0131q yaran\u0131b. N\u00fcfuzlu beyn\u0259lxalq t\u0259\u015fkilatlar, \u00f6lk\u0259l\u0259r d\u0259&hellip;<\/p>\n","protected":false},"author":2,"featured_media":347625,"comment_status":"closed","ping_status":"closed","sticky":false,"template":"","format":"standard","meta":{"om_disable_all_campaigns":false,"_monsterinsights_skip_tracking":false,"_monsterinsights_sitenote_active":false,"_monsterinsights_sitenote_note":"","_monsterinsights_sitenote_category":0},"categories":[4],"tags":[],"aioseo_notices":[],"gutentor_comment":0,"rttpg_featured_image_url":{"full":["https:\/\/arantv.az\/wp-content\/uploads\/2021\/06\/957036.jpg",966,669,false],"landscape":["https:\/\/arantv.az\/wp-content\/uploads\/2021\/06\/957036.jpg",966,669,false],"portraits":["https:\/\/arantv.az\/wp-content\/uploads\/2021\/06\/957036.jpg",966,669,false],"thumbnail":["https:\/\/arantv.az\/wp-content\/uploads\/2021\/06\/957036-500x280.jpg",500,280,true],"medium":["https:\/\/arantv.az\/wp-content\/uploads\/2021\/06\/957036-527x365.jpg",527,365,true],"large":["https:\/\/arantv.az\/wp-content\/uploads\/2021\/06\/957036-840x582.jpg",640,443,true],"1536x1536":["https:\/\/arantv.az\/wp-content\/uploads\/2021\/06\/957036.jpg",966,669,false],"2048x2048":["https:\/\/arantv.az\/wp-content\/uploads\/2021\/06\/957036.jpg",966,669,false],"post-thumbnail":["https:\/\/arantv.az\/wp-content\/uploads\/2021\/06\/957036-240x172.jpg",240,172,true],"advps-thumb-one":["https:\/\/arantv.az\/wp-content\/uploads\/2021\/06\/957036-966x620.jpg",966,620,true]},"rttpg_author":{"display_name":"V\u00fcsal Rafiqo\u011flu","author_link":"https:\/\/arantv.az\/?author=2"},"rttpg_comment":0,"rttpg_category":"<a href=\"https:\/\/arantv.az\/?cat=4\" rel=\"category\">Siyas\u0259t<\/a>","rttpg_excerpt":"T\u00fcrkiy\u0259 Prezidenti R\u0259c\u0259b Tayyib \u018frdo\u011fan\u0131n Az\u0259rbaycana s\u0259f\u0259ri v\u0259 \u015eu\u015fan\u0131 ziyar\u0259t etm\u0259si m\u00fcnasib\u0259tl\u0259rin yeni d\u00f6n\u0259minin ba\u015flanmas\u0131ndan x\u0259b\u0259r verir. \u015eu\u015fa g\u00f6r\u00fc\u015f\u00fcn\u00fcn \u0259n ba\u015fl\u0131ca \u00f6n\u0259mi is\u0259 imzalanan \u015eu\u015fa b\u0259yannam\u0259si oldu. B\u0259yannam\u0259d\u0259 bir s\u0131ra qar\u015f\u0131l\u0131ql\u0131 m\u0259s\u0259l\u0259l\u0259r, g\u0259l\u0259c\u0259k \u0259m\u0259kda\u015fl\u0131\u011f\u0131n yol x\u0259rit\u0259si \u0259ks olunub. S\u0259n\u0259dd\u0259 yer alan iki m\u0259s\u0259l\u0259 is\u0259 x\u00fcsusil\u0259 diqq\u0259t \u00e7\u0259kir: &#8211; T\u0259r\u0259fl\u0259r bir-birl\u0259rinin t\u0259hl\u00fck\u0259sizliyinin t\u0259minat\u0131 \u00fc\u00e7\u00fcn BMT Nizamnam\u0259sin\u0259&hellip;","_links":{"self":[{"href":"https:\/\/arantv.az\/index.php?rest_route=\/wp\/v2\/posts\/347624"}],"collection":[{"href":"https:\/\/arantv.az\/index.php?rest_route=\/wp\/v2\/posts"}],"about":[{"href":"https:\/\/arantv.az\/index.php?rest_route=\/wp\/v2\/types\/post"}],"author":[{"embeddable":true,"href":"https:\/\/arantv.az\/index.php?rest_route=\/wp\/v2\/users\/2"}],"replies":[{"embeddable":true,"href":"https:\/\/arantv.az\/index.php?rest_route=%2Fwp%2Fv2%2Fcomments&post=347624"}],"version-history":[{"count":0,"href":"https:\/\/arantv.az\/index.php?rest_route=\/wp\/v2\/posts\/347624\/revisions"}],"wp:featuredmedia":[{"embeddable":true,"href":"https:\/\/arantv.az\/index.php?rest_route=\/wp\/v2\/media\/347625"}],"wp:attachment":[{"href":"https:\/\/arantv.az\/index.php?rest_route=%2Fwp%2Fv2%2Fmedia&parent=347624"}],"wp:term":[{"taxonomy":"category","embeddable":true,"href":"https:\/\/arantv.az\/index.php?rest_route=%2Fwp%2Fv2%2Fcategories&post=347624"},{"taxonomy":"post_tag","embeddable":true,"href":"https:\/\/arantv.az\/index.php?rest_route=%2Fwp%2Fv2%2Ftags&post=347624"}],"curies":[{"name":"wp","href":"https:\/\/api.w.org\/{rel}","templated":true}]}}