{"id":347630,"date":"2021-06-16T07:45:21","date_gmt":"2021-06-16T04:45:21","guid":{"rendered":"http:\/\/arantv.az\/?p=347630"},"modified":"2021-06-16T07:45:21","modified_gmt":"2021-06-16T04:45:21","slug":"qaxda-agir-yol-q%c9%99zasinda-1-m%c9%99zun-olub-dig%c9%99rl%c9%99ri-yaralanib","status":"publish","type":"post","link":"https:\/\/arantv.az\/?p=347630","title":{"rendered":"Qaxda a\u011f\u0131r yol q\u0259zas\u0131nda 1 m\u0259zun \u00f6l\u00fcb, dig\u0259rl\u0259ri yaralan\u0131b"},"content":{"rendered":"<p>Qax rayonunda mikroavtobusla minik avtomobili toqqu\u015fub, bir n\u0259f\u0259r \u00f6l\u00fcb, on n\u0259f\u0259r\u0259 yax\u0131n s\u0259rni\u015fin is\u0259 x\u0259sar\u0259t al\u0131b.<\/p>\n<p><strong>ARANTV.AZ<\/strong> APA-ya istinad\u0259n x\u0259b\u0259r verir ki,hadis\u0259 bu g\u00fcn ax\u015fam saatlar\u0131nda Qax-Qora\u011fan-Zaqatala avtomobil yolunun, rayonun L\u0259kit k\u0259ndi \u0259razisind\u0259n ke\u00e7\u0259n hiss\u0259sind\u0259 qeyd\u0259 al\u0131n\u0131b.<\/p>\n<p>Qax istiqam\u0259tind\u0259 h\u0259r\u0259k\u0259t ed\u0259n L\u0259kit k\u0259nd sakininin idar\u0259 etdiyi 10-KE-722 d\u00f6vl\u0259t qeydiyyat ni\u015fanl\u0131 &#8220;Daewoo&#8221; markal\u0131 minik avtomobili, Balak\u0259n rayonu istiqam\u0259tind\u0259 h\u0259r\u0259k\u0259t ed\u0259n 99-VX-849 d\u00f6vl\u0259t qeydiyyat ni\u015fanl\u0131 &#8220;Mercedes Vito&#8221; markal\u0131 mikroavtobusla toqqu\u015fub.<\/p>\n<p>Q\u0259za zaman\u0131 minik avtomobilind\u0259 olan s\u0259rni\u015fin a\u011f\u0131r x\u0259sar\u0259tl\u0259 x\u0259st\u0259xanaya apar\u0131lark\u0259n yolda \u00f6l\u00fcb. Mikroavtobusda v\u0259 minik avtomobilind\u0259 olan 10-a yax\u0131n s\u0259rni\u015fin is\u0259 m\u00fcxt\u0259lif d\u0259r\u0259c\u0259li b\u0259d\u0259n x\u0259sar\u0259tl\u0259ri al\u0131b. Yaral\u0131lar Qax Rayon M\u0259rk\u0259zi X\u0259st\u0259xanas\u0131na \u00e7atd\u0131r\u0131l\u0131blar.<\/p>\n<p>Qaxda yol q\u0259zas\u0131 zaman\u0131 \u00f6l\u0259n \u015f\u0259xs rayonun L\u0259kit k\u0259nd sakini, 2004-c\u00fc il t\u0259v\u0259ll\u00fcdl\u00fc C\u0259f\u0259r \u015eamil o\u011flu C\u0259f\u0259rovdu.<\/p>\n<div>\n<div id=\"AdviadNativeVideo0\" class=\"AdviadNativeVideo\"><\/div>\n<\/div>\n<p>&#8220;Daewoo&#8221; markal\u0131 minik avtomobilini idar\u0259 ed\u0259n C.C\u0259f\u0259rov bu il orta m\u0259kt\u0259bi qutaran m\u0259zundu. Q\u0259za zaman\u0131 onun idar\u0259 etdiyi avtomobild\u0259 yaralananlardan da m\u0259zun olanlar\u0131 var.<\/p>\n","protected":false},"excerpt":{"rendered":"<p>Qax rayonunda mikroavtobusla minik avtomobili toqqu\u015fub, bir n\u0259f\u0259r \u00f6l\u00fcb, on n\u0259f\u0259r\u0259 yax\u0131n s\u0259rni\u015fin is\u0259 x\u0259sar\u0259t al\u0131b. ARANTV.AZ APA-ya istinad\u0259n x\u0259b\u0259r verir ki,hadis\u0259 bu g\u00fcn ax\u015fam saatlar\u0131nda Qax-Qora\u011fan-Zaqatala avtomobil yolunun, rayonun L\u0259kit k\u0259ndi \u0259razisind\u0259n ke\u00e7\u0259n hiss\u0259sind\u0259 qeyd\u0259 al\u0131n\u0131b. Qax istiqam\u0259tind\u0259 h\u0259r\u0259k\u0259t ed\u0259n L\u0259kit k\u0259nd sakininin idar\u0259 etdiyi 10-KE-722 d\u00f6vl\u0259t qeydiyyat ni\u015fanl\u0131 &#8220;Daewoo&#8221; markal\u0131 minik avtomobili, Balak\u0259n rayonu istiqam\u0259tind\u0259 h\u0259r\u0259k\u0259t ed\u0259n 99-VX-849 d\u00f6vl\u0259t qeydiyyat ni\u015fanl\u0131 &#8220;Mercedes Vito&#8221; markal\u0131 mikroavtobusla toqqu\u015fub. Q\u0259za zaman\u0131 minik avtomobilind\u0259 olan s\u0259rni\u015fin a\u011f\u0131r x\u0259sar\u0259tl\u0259 x\u0259st\u0259xanaya apar\u0131lark\u0259n yolda \u00f6l\u00fcb. Mikroavtobusda v\u0259 minik avtomobilind\u0259 olan 10-a yax\u0131n s\u0259rni\u015fin is\u0259 m\u00fcxt\u0259lif&hellip;<\/p>\n","protected":false},"author":2,"featured_media":347631,"comment_status":"closed","ping_status":"closed","sticky":false,"template":"","format":"standard","meta":{"om_disable_all_campaigns":false,"_monsterinsights_skip_tracking":false,"_monsterinsights_sitenote_active":false,"_monsterinsights_sitenote_note":"","_monsterinsights_sitenote_category":0},"categories":[5],"tags":[],"aioseo_notices":[],"gutentor_comment":0,"rttpg_featured_image_url":{"full":["https:\/\/arantv.az\/wp-content\/uploads\/2021\/06\/60c8f62fedf2260c8f62fedf23162378295960c8f62fedf2060c8f62fedf21.jpg",1200,800,false],"landscape":["https:\/\/arantv.az\/wp-content\/uploads\/2021\/06\/60c8f62fedf2260c8f62fedf23162378295960c8f62fedf2060c8f62fedf21.jpg",1200,800,false],"portraits":["https:\/\/arantv.az\/wp-content\/uploads\/2021\/06\/60c8f62fedf2260c8f62fedf23162378295960c8f62fedf2060c8f62fedf21.jpg",1200,800,false],"thumbnail":["https:\/\/arantv.az\/wp-content\/uploads\/2021\/06\/60c8f62fedf2260c8f62fedf23162378295960c8f62fedf2060c8f62fedf21-500x280.jpg",500,280,true],"medium":["https:\/\/arantv.az\/wp-content\/uploads\/2021\/06\/60c8f62fedf2260c8f62fedf23162378295960c8f62fedf2060c8f62fedf21-548x365.jpg",548,365,true],"large":["https:\/\/arantv.az\/wp-content\/uploads\/2021\/06\/60c8f62fedf2260c8f62fedf23162378295960c8f62fedf2060c8f62fedf21-840x560.jpg",640,427,true],"1536x1536":["https:\/\/arantv.az\/wp-content\/uploads\/2021\/06\/60c8f62fedf2260c8f62fedf23162378295960c8f62fedf2060c8f62fedf21.jpg",1200,800,false],"2048x2048":["https:\/\/arantv.az\/wp-content\/uploads\/2021\/06\/60c8f62fedf2260c8f62fedf23162378295960c8f62fedf2060c8f62fedf21.jpg",1200,800,false],"post-thumbnail":["https:\/\/arantv.az\/wp-content\/uploads\/2021\/06\/60c8f62fedf2260c8f62fedf23162378295960c8f62fedf2060c8f62fedf21-240x172.jpg",240,172,true],"advps-thumb-one":["https:\/\/arantv.az\/wp-content\/uploads\/2021\/06\/60c8f62fedf2260c8f62fedf23162378295960c8f62fedf2060c8f62fedf21-1200x620.jpg",1200,620,true]},"rttpg_author":{"display_name":"V\u00fcsal Rafiqo\u011flu","author_link":"https:\/\/arantv.az\/?author=2"},"rttpg_comment":0,"rttpg_category":"<a href=\"https:\/\/arantv.az\/?cat=5\" rel=\"category\">Hadis\u0259<\/a>","rttpg_excerpt":"Qax rayonunda mikroavtobusla minik avtomobili toqqu\u015fub, bir n\u0259f\u0259r \u00f6l\u00fcb, on n\u0259f\u0259r\u0259 yax\u0131n s\u0259rni\u015fin is\u0259 x\u0259sar\u0259t al\u0131b. ARANTV.AZ APA-ya istinad\u0259n x\u0259b\u0259r verir ki,hadis\u0259 bu g\u00fcn ax\u015fam saatlar\u0131nda Qax-Qora\u011fan-Zaqatala avtomobil yolunun, rayonun L\u0259kit k\u0259ndi \u0259razisind\u0259n ke\u00e7\u0259n hiss\u0259sind\u0259 qeyd\u0259 al\u0131n\u0131b. Qax istiqam\u0259tind\u0259 h\u0259r\u0259k\u0259t ed\u0259n L\u0259kit k\u0259nd sakininin idar\u0259 etdiyi 10-KE-722 d\u00f6vl\u0259t qeydiyyat ni\u015fanl\u0131 &#8220;Daewoo&#8221; markal\u0131 minik avtomobili, Balak\u0259n&hellip;","_links":{"self":[{"href":"https:\/\/arantv.az\/index.php?rest_route=\/wp\/v2\/posts\/347630"}],"collection":[{"href":"https:\/\/arantv.az\/index.php?rest_route=\/wp\/v2\/posts"}],"about":[{"href":"https:\/\/arantv.az\/index.php?rest_route=\/wp\/v2\/types\/post"}],"author":[{"embeddable":true,"href":"https:\/\/arantv.az\/index.php?rest_route=\/wp\/v2\/users\/2"}],"replies":[{"embeddable":true,"href":"https:\/\/arantv.az\/index.php?rest_route=%2Fwp%2Fv2%2Fcomments&post=347630"}],"version-history":[{"count":0,"href":"https:\/\/arantv.az\/index.php?rest_route=\/wp\/v2\/posts\/347630\/revisions"}],"wp:featuredmedia":[{"embeddable":true,"href":"https:\/\/arantv.az\/index.php?rest_route=\/wp\/v2\/media\/347631"}],"wp:attachment":[{"href":"https:\/\/arantv.az\/index.php?rest_route=%2Fwp%2Fv2%2Fmedia&parent=347630"}],"wp:term":[{"taxonomy":"category","embeddable":true,"href":"https:\/\/arantv.az\/index.php?rest_route=%2Fwp%2Fv2%2Fcategories&post=347630"},{"taxonomy":"post_tag","embeddable":true,"href":"https:\/\/arantv.az\/index.php?rest_route=%2Fwp%2Fv2%2Ftags&post=347630"}],"curies":[{"name":"wp","href":"https:\/\/api.w.org\/{rel}","templated":true}]}}