{"id":347639,"date":"2021-06-16T08:09:42","date_gmt":"2021-06-16T05:09:42","guid":{"rendered":"http:\/\/arantv.az\/?p=347639"},"modified":"2021-06-16T08:09:42","modified_gmt":"2021-06-16T05:09:42","slug":"moldova-m%c9%99tbuati-susa-b%c9%99yannam%c9%99si-haqqinda-genis-m%c9%99lumat-d%c9%99rc-edib","status":"publish","type":"post","link":"https:\/\/arantv.az\/?p=347639","title":{"rendered":"Moldova m\u0259tbuat\u0131 \u015eu\u015fa B\u0259yannam\u0259si haqq\u0131nda geni\u015f m\u0259lumat d\u0259rc edib"},"content":{"rendered":"<p>\u0130yunun 15-d\u0259 T\u00fcrkiy\u0259 Prezidenti R\u0259c\u0259b Tayyib \u018frdo\u011fan\u0131n \u015eu\u015faya s\u0259f\u0259ri, Az\u0259rbaycan Prezidenti \u0130lham \u018fliyevl\u0259 t\u0259kb\u0259t\u0259k g\u00f6r\u00fc\u015f\u00fc, \u201cAz\u0259rbaycan Respublikas\u0131 il\u0259 T\u00fcrkiy\u0259 Respublikas\u0131 aras\u0131nda m\u00fctt\u0259fiqlik m\u00fcnasib\u0259tl\u0259ri haqq\u0131nda \u015eu\u015fa B\u0259yannam\u0259si\u201d imzalanmas\u0131 bar\u0259d\u0259 m\u0259lumat Moldova m\u0259tbuat\u0131nda geni\u015f i\u015f\u0131qland\u0131r\u0131l\u0131b.<\/p>\n<p><strong>ARANTV.AZ<\/strong>\u00a0 AZ\u018fRTAC-a istinad\u0259n x\u0259b\u0259r verir ki, \u201cNoi.md\u201d, \u201cPoint.md\u201d, \u201cDosug.md\u201d v\u0259 dig\u0259r media qurumlar\u0131 imzalanan s\u0259n\u0259din \u0259h\u0259miyy\u0259tind\u0259n b\u0259hs edib, bunun \u00f6lk\u0259l\u0259rimiz aras\u0131nda b\u00fct\u00fcn sah\u0259l\u0259rd\u0259 \u0259laq\u0259l\u0259rin daha da m\u00f6hk\u0259ml\u0259ndir\u0259c\u0259yini bildiribl\u0259r.<\/p>\n<p>Az\u0259rbaycan Prezidenti \u0130lham \u018fliyevin v\u0259 T\u00fcrkiy\u0259 Prezidenti R\u0259c\u0259b Tayyib \u018frdo\u011fan\u0131n m\u0259tbuata b\u0259yanatlar\u0131nda s\u0259sl\u0259ndirdikl\u0259ri fikirl\u0259r Moldova m\u0259tbuat\u0131nda yer al\u0131b. Qeyd olunub ki, Qars m\u00fcqavil\u0259sind\u0259n y\u00fcz il sonra iki dost v\u0259 qarda\u015f \u00f6lk\u0259 aras\u0131nda imzalanan m\u00fctt\u0259fiqlik m\u00fcnasib\u0259tl\u0259rin\u0259 dair \u015eu\u015fa B\u0259yannam\u0259sini prezidentl\u0259r \u0130lham \u018fliyev v\u0259 R\u0259c\u0259b Tayyib \u018frdo\u011fan imzalay\u0131blar. Bildirilir ki, b\u0259yannam\u0259d\u0259 Z\u0259ng\u0259zur d\u0259hlizinin a\u00e7\u0131lmas\u0131 il\u0259 ba\u011fl\u0131 \u00e7ox a\u00e7\u0131q ifad\u0259l\u0259r \u00f6z \u0259ksini tap\u0131b. Vur\u011fulan\u0131b ki, azad edilmi\u015f \u015eu\u015fa \u015f\u0259h\u0259rind\u0259 100 ild\u0259n sonra m\u00fctt\u0259fiqlik haqq\u0131nda imzalanan Birg\u0259 B\u0259yannam\u0259 Az\u0259rbaycan v\u0259 T\u00fcrkiy\u0259 aras\u0131nda g\u0259l\u0259c\u0259k i\u015f birliyinin istiqam\u0259tini g\u00f6st\u0259rir.<\/p>\n","protected":false},"excerpt":{"rendered":"<p>\u0130yunun 15-d\u0259 T\u00fcrkiy\u0259 Prezidenti R\u0259c\u0259b Tayyib \u018frdo\u011fan\u0131n \u015eu\u015faya s\u0259f\u0259ri, Az\u0259rbaycan Prezidenti \u0130lham \u018fliyevl\u0259 t\u0259kb\u0259t\u0259k g\u00f6r\u00fc\u015f\u00fc, \u201cAz\u0259rbaycan Respublikas\u0131 il\u0259 T\u00fcrkiy\u0259 Respublikas\u0131 aras\u0131nda m\u00fctt\u0259fiqlik m\u00fcnasib\u0259tl\u0259ri haqq\u0131nda \u015eu\u015fa B\u0259yannam\u0259si\u201d imzalanmas\u0131 bar\u0259d\u0259 m\u0259lumat Moldova m\u0259tbuat\u0131nda geni\u015f i\u015f\u0131qland\u0131r\u0131l\u0131b. ARANTV.AZ\u00a0 AZ\u018fRTAC-a istinad\u0259n x\u0259b\u0259r verir ki, \u201cNoi.md\u201d, \u201cPoint.md\u201d, \u201cDosug.md\u201d v\u0259 dig\u0259r media qurumlar\u0131 imzalanan s\u0259n\u0259din \u0259h\u0259miyy\u0259tind\u0259n b\u0259hs edib, bunun \u00f6lk\u0259l\u0259rimiz aras\u0131nda b\u00fct\u00fcn sah\u0259l\u0259rd\u0259 \u0259laq\u0259l\u0259rin daha da m\u00f6hk\u0259ml\u0259ndir\u0259c\u0259yini bildiribl\u0259r. Az\u0259rbaycan Prezidenti \u0130lham \u018fliyevin v\u0259 T\u00fcrkiy\u0259 Prezidenti R\u0259c\u0259b Tayyib \u018frdo\u011fan\u0131n m\u0259tbuata b\u0259yanatlar\u0131nda s\u0259sl\u0259ndirdikl\u0259ri fikirl\u0259r Moldova m\u0259tbuat\u0131nda yer al\u0131b. Qeyd olunub ki, Qars m\u00fcqavil\u0259sind\u0259n y\u00fcz il sonra iki dost v\u0259&hellip;<\/p>\n","protected":false},"author":2,"featured_media":347640,"comment_status":"closed","ping_status":"closed","sticky":false,"template":"","format":"standard","meta":{"om_disable_all_campaigns":false,"_monsterinsights_skip_tracking":false,"_monsterinsights_sitenote_active":false,"_monsterinsights_sitenote_note":"","_monsterinsights_sitenote_category":0},"categories":[4],"tags":[],"aioseo_notices":[],"gutentor_comment":0,"rttpg_featured_image_url":{"full":["https:\/\/arantv.az\/wp-content\/uploads\/2021\/06\/20d039f5162381942869102761810952457.jpg",975,540,false],"landscape":["https:\/\/arantv.az\/wp-content\/uploads\/2021\/06\/20d039f5162381942869102761810952457.jpg",975,540,false],"portraits":["https:\/\/arantv.az\/wp-content\/uploads\/2021\/06\/20d039f5162381942869102761810952457.jpg",975,540,false],"thumbnail":["https:\/\/arantv.az\/wp-content\/uploads\/2021\/06\/20d039f5162381942869102761810952457-500x280.jpg",500,280,true],"medium":["https:\/\/arantv.az\/wp-content\/uploads\/2021\/06\/20d039f5162381942869102761810952457-660x365.jpg",660,365,true],"large":["https:\/\/arantv.az\/wp-content\/uploads\/2021\/06\/20d039f5162381942869102761810952457-840x465.jpg",640,354,true],"1536x1536":["https:\/\/arantv.az\/wp-content\/uploads\/2021\/06\/20d039f5162381942869102761810952457.jpg",975,540,false],"2048x2048":["https:\/\/arantv.az\/wp-content\/uploads\/2021\/06\/20d039f5162381942869102761810952457.jpg",975,540,false],"post-thumbnail":["https:\/\/arantv.az\/wp-content\/uploads\/2021\/06\/20d039f5162381942869102761810952457-240x172.jpg",240,172,true],"advps-thumb-one":["https:\/\/arantv.az\/wp-content\/uploads\/2021\/06\/20d039f5162381942869102761810952457.jpg",975,540,false]},"rttpg_author":{"display_name":"V\u00fcsal Rafiqo\u011flu","author_link":"https:\/\/arantv.az\/?author=2"},"rttpg_comment":0,"rttpg_category":"<a href=\"https:\/\/arantv.az\/?cat=4\" rel=\"category\">Siyas\u0259t<\/a>","rttpg_excerpt":"\u0130yunun 15-d\u0259 T\u00fcrkiy\u0259 Prezidenti R\u0259c\u0259b Tayyib \u018frdo\u011fan\u0131n \u015eu\u015faya s\u0259f\u0259ri, Az\u0259rbaycan Prezidenti \u0130lham \u018fliyevl\u0259 t\u0259kb\u0259t\u0259k g\u00f6r\u00fc\u015f\u00fc, \u201cAz\u0259rbaycan Respublikas\u0131 il\u0259 T\u00fcrkiy\u0259 Respublikas\u0131 aras\u0131nda m\u00fctt\u0259fiqlik m\u00fcnasib\u0259tl\u0259ri haqq\u0131nda \u015eu\u015fa B\u0259yannam\u0259si\u201d imzalanmas\u0131 bar\u0259d\u0259 m\u0259lumat Moldova m\u0259tbuat\u0131nda geni\u015f i\u015f\u0131qland\u0131r\u0131l\u0131b. ARANTV.AZ\u00a0 AZ\u018fRTAC-a istinad\u0259n x\u0259b\u0259r verir ki, \u201cNoi.md\u201d, \u201cPoint.md\u201d, \u201cDosug.md\u201d v\u0259 dig\u0259r media qurumlar\u0131 imzalanan s\u0259n\u0259din \u0259h\u0259miyy\u0259tind\u0259n b\u0259hs edib, bunun \u00f6lk\u0259l\u0259rimiz aras\u0131nda b\u00fct\u00fcn&hellip;","_links":{"self":[{"href":"https:\/\/arantv.az\/index.php?rest_route=\/wp\/v2\/posts\/347639"}],"collection":[{"href":"https:\/\/arantv.az\/index.php?rest_route=\/wp\/v2\/posts"}],"about":[{"href":"https:\/\/arantv.az\/index.php?rest_route=\/wp\/v2\/types\/post"}],"author":[{"embeddable":true,"href":"https:\/\/arantv.az\/index.php?rest_route=\/wp\/v2\/users\/2"}],"replies":[{"embeddable":true,"href":"https:\/\/arantv.az\/index.php?rest_route=%2Fwp%2Fv2%2Fcomments&post=347639"}],"version-history":[{"count":0,"href":"https:\/\/arantv.az\/index.php?rest_route=\/wp\/v2\/posts\/347639\/revisions"}],"wp:featuredmedia":[{"embeddable":true,"href":"https:\/\/arantv.az\/index.php?rest_route=\/wp\/v2\/media\/347640"}],"wp:attachment":[{"href":"https:\/\/arantv.az\/index.php?rest_route=%2Fwp%2Fv2%2Fmedia&parent=347639"}],"wp:term":[{"taxonomy":"category","embeddable":true,"href":"https:\/\/arantv.az\/index.php?rest_route=%2Fwp%2Fv2%2Fcategories&post=347639"},{"taxonomy":"post_tag","embeddable":true,"href":"https:\/\/arantv.az\/index.php?rest_route=%2Fwp%2Fv2%2Ftags&post=347639"}],"curies":[{"name":"wp","href":"https:\/\/api.w.org\/{rel}","templated":true}]}}