{"id":347648,"date":"2021-06-16T08:20:48","date_gmt":"2021-06-16T05:20:48","guid":{"rendered":"http:\/\/arantv.az\/?p=347648"},"modified":"2021-06-16T08:20:48","modified_gmt":"2021-06-16T05:20:48","slug":"az%c9%99rbaycan-muxalif%c9%99ti-ilham-%c9%99liyevd%c9%99n-uzr-ist%c9%99m%c9%99lidir-niy%c9%99","status":"publish","type":"post","link":"https:\/\/arantv.az\/?p=347648","title":{"rendered":"Az\u0259rbaycan m\u00fcxalif\u0259ti \u0130lham \u018fliyevd\u0259n \u00fczr ist\u0259m\u0259lidir! Niy\u0259?"},"content":{"rendered":"<p><strong>M\u00fchacir\u0259td\u0259 ya\u015fayan siyasi f\u0259al Elb\u0259yi H\u0259s\u0259nli m\u00fcxalif\u0259ti t\u0259nqid edib.<\/strong><\/p>\n<p><strong>ARANTV.AZ<\/strong> yaz\u0131n\u0131 t\u0259qdim edir:<\/p>\n<p>&#8220;Dostum-qarda\u015f\u0131m Tofiq Yaqublu soru\u015fur ki, \u015eu\u015fada \u0130lham \u018fliyev v\u0259 ya Tayyib \u018frdo\u011fan Xank\u0259ndi, Xocal\u0131 v\u0259 dig\u0259r i\u015f\u011fal alt\u0131nda qalan \u015f\u0259h\u0259rl\u0259rimizin ad\u0131n \u00e7\u0259kdimi? Dolay\u0131s\u0131 il\u0259 deyir ki, \u015eu\u015fa Anla\u015fmas\u0131 bo\u015f \u015feydir. Y\u0259ni son aylarda dedikl\u0259rini t\u0259krar edir: &#8220;\u0130lham \u018fliyev s\u0259n Qaraba\u011f\u0131 erm\u0259ni v\u0259 rus birl\u0259\u015fm\u0259l\u0259rin\u0259 satm\u0131san, Tayyib \u018frdo\u011fan da s\u0259nin cinay\u0259t orta\u011f\u0131nd\u0131r&#8221;.<\/p>\n<p>M\u0259n h\u00f6rm\u0259tli Tofiq Yaqubludan soru\u015fmaq ist\u0259yir\u0259m. II Qaraba\u011f Sava\u015f\u0131ndan \u00f6nc\u0259 s\u0259n Z\u0259ngilan, Qubadl\u0131, La\u00e7\u0131n, C\u0259bray\u0131l, A\u011fdam, K\u0259lb\u0259c\u0259r, F\u00fczuli dey\u0259 bilirdinmi? Horadiz, \u015eu\u015fa nec\u0259? Dey\u0259 bilmirdin. Des\u0259ydin d\u0259 bo\u015f s\u00f6hb\u0259t olacaqd\u0131. \u00c7\u00fcnki reall\u0131q tam \u0259ksini g\u00f6st\u0259r\u0259c\u0259kdi. \u0130ndi b\u00fct\u00fcn ad\u0131n \u00e7\u0259kdikl\u0259rim bizd\u0259dir. Ancaq s\u0259n deyirs\u0259n ki, bunlar bo\u015f \u015feydir. \u018fsas m\u0259s\u0259l\u0259 Xank\u0259ndidir, Xocal\u0131d\u0131r&#8230; Y\u0259ni, \u0130lham \u018fliyev bir z\u0259hm\u0259t, o \u015f\u0259h\u0259rl\u0259ri d\u0259 al. Qaraba\u011fdak\u0131 erm\u0259nil\u0259rin d\u0259 ham\u0131s\u0131n\u0131 Erm\u0259nistana qov. Z\u0259ng\u0259zuru da \u0259l\u0259 ke\u00e7ir, \u0130r\u0259van da bizimdir&#8230; Sonra da istefa ver, get. Bir az da biz iqtidarda \u015fell\u0259n\u0259k&#8230;<\/p>\n<p>Bizim m\u00fcxalif\u0259timiz bu a\u011f\u0131ldad\u0131r. \u0130lham \u018fliyev iqtidardan gets\u0259, bu a\u011f\u0131lda olan siy\u0259t\u00e7il\u0259r iqtidara g\u0259l\u0259c\u0259k. Bax, onda Pa\u015finyan\u0131n Erm\u0259nistana ya\u015fatd\u0131\u011f\u0131 m\u00fcsib\u0259tl\u0259ri bu ba\u015fab\u0259la siyas\u0259t\u00e7il\u0259r Az\u0259rbaycana ya\u015fadacaqlar.<\/p>\n<p>Allah o g\u00fcnl\u0259ri bizl\u0259r\u0259 g\u00f6st\u0259rm\u0259sin&#8230;<\/p>\n<p>\u00dcmumiyy\u0259tl\u0259, Az\u0259rbaycan m\u00fcxalif\u0259tind\u0259 bir az ab\u0131r-h\u0259ya olsa, \u0130lham \u018fliyevd\u0259n \u00e7oxdan \u00fczr ist\u0259y\u0259rdil\u0259r. X\u00fcsus\u0259n \u0130lham \u018fliyevi Erm\u0259nistana v\u0259 Rusiyaya i\u015fl\u0259m\u0259kd\u0259 su\u00e7layanlar bunu \u00e7oxdan etm\u0259liydi.<\/p>\n<p>Amma bunlar da\u015f\u0131 \u0259t\u0259yind\u0259n t\u00f6k\u0259n deyill\u0259r&#8230;&#8221;<\/p>\n","protected":false},"excerpt":{"rendered":"<p>M\u00fchacir\u0259td\u0259 ya\u015fayan siyasi f\u0259al Elb\u0259yi H\u0259s\u0259nli m\u00fcxalif\u0259ti t\u0259nqid edib. ARANTV.AZ yaz\u0131n\u0131 t\u0259qdim edir: &#8220;Dostum-qarda\u015f\u0131m Tofiq Yaqublu soru\u015fur ki, \u015eu\u015fada \u0130lham \u018fliyev v\u0259 ya Tayyib \u018frdo\u011fan Xank\u0259ndi, Xocal\u0131 v\u0259 dig\u0259r i\u015f\u011fal alt\u0131nda qalan \u015f\u0259h\u0259rl\u0259rimizin ad\u0131n \u00e7\u0259kdimi? Dolay\u0131s\u0131 il\u0259 deyir ki, \u015eu\u015fa Anla\u015fmas\u0131 bo\u015f \u015feydir. Y\u0259ni son aylarda dedikl\u0259rini t\u0259krar edir: &#8220;\u0130lham \u018fliyev s\u0259n Qaraba\u011f\u0131 erm\u0259ni v\u0259 rus birl\u0259\u015fm\u0259l\u0259rin\u0259 satm\u0131san, Tayyib \u018frdo\u011fan da s\u0259nin cinay\u0259t orta\u011f\u0131nd\u0131r&#8221;. M\u0259n h\u00f6rm\u0259tli Tofiq Yaqubludan soru\u015fmaq ist\u0259yir\u0259m. II Qaraba\u011f Sava\u015f\u0131ndan \u00f6nc\u0259 s\u0259n Z\u0259ngilan, Qubadl\u0131, La\u00e7\u0131n, C\u0259bray\u0131l, A\u011fdam, K\u0259lb\u0259c\u0259r, F\u00fczuli dey\u0259 bilirdinmi? Horadiz, \u015eu\u015fa nec\u0259? Dey\u0259 bilmirdin. Des\u0259ydin&hellip;<\/p>\n","protected":false},"author":2,"featured_media":347649,"comment_status":"closed","ping_status":"closed","sticky":false,"template":"","format":"standard","meta":{"om_disable_all_campaigns":false,"_monsterinsights_skip_tracking":false,"_monsterinsights_sitenote_active":false,"_monsterinsights_sitenote_note":"","_monsterinsights_sitenote_category":0},"categories":[4],"tags":[],"aioseo_notices":[],"gutentor_comment":0,"rttpg_featured_image_url":{"full":["https:\/\/arantv.az\/wp-content\/uploads\/2021\/06\/957046.jpg",800,600,false],"landscape":["https:\/\/arantv.az\/wp-content\/uploads\/2021\/06\/957046.jpg",800,600,false],"portraits":["https:\/\/arantv.az\/wp-content\/uploads\/2021\/06\/957046.jpg",800,600,false],"thumbnail":["https:\/\/arantv.az\/wp-content\/uploads\/2021\/06\/957046-500x280.jpg",500,280,true],"medium":["https:\/\/arantv.az\/wp-content\/uploads\/2021\/06\/957046-487x365.jpg",487,365,true],"large":["https:\/\/arantv.az\/wp-content\/uploads\/2021\/06\/957046.jpg",640,480,false],"1536x1536":["https:\/\/arantv.az\/wp-content\/uploads\/2021\/06\/957046.jpg",800,600,false],"2048x2048":["https:\/\/arantv.az\/wp-content\/uploads\/2021\/06\/957046.jpg",800,600,false],"post-thumbnail":["https:\/\/arantv.az\/wp-content\/uploads\/2021\/06\/957046-240x172.jpg",240,172,true],"advps-thumb-one":["https:\/\/arantv.az\/wp-content\/uploads\/2021\/06\/957046.jpg",800,600,false]},"rttpg_author":{"display_name":"V\u00fcsal Rafiqo\u011flu","author_link":"https:\/\/arantv.az\/?author=2"},"rttpg_comment":0,"rttpg_category":"<a href=\"https:\/\/arantv.az\/?cat=4\" rel=\"category\">Siyas\u0259t<\/a>","rttpg_excerpt":"M\u00fchacir\u0259td\u0259 ya\u015fayan siyasi f\u0259al Elb\u0259yi H\u0259s\u0259nli m\u00fcxalif\u0259ti t\u0259nqid edib. ARANTV.AZ yaz\u0131n\u0131 t\u0259qdim edir: &#8220;Dostum-qarda\u015f\u0131m Tofiq Yaqublu soru\u015fur ki, \u015eu\u015fada \u0130lham \u018fliyev v\u0259 ya Tayyib \u018frdo\u011fan Xank\u0259ndi, Xocal\u0131 v\u0259 dig\u0259r i\u015f\u011fal alt\u0131nda qalan \u015f\u0259h\u0259rl\u0259rimizin ad\u0131n \u00e7\u0259kdimi? Dolay\u0131s\u0131 il\u0259 deyir ki, \u015eu\u015fa Anla\u015fmas\u0131 bo\u015f \u015feydir. Y\u0259ni son aylarda dedikl\u0259rini t\u0259krar edir: &#8220;\u0130lham \u018fliyev s\u0259n Qaraba\u011f\u0131 erm\u0259ni v\u0259&hellip;","_links":{"self":[{"href":"https:\/\/arantv.az\/index.php?rest_route=\/wp\/v2\/posts\/347648"}],"collection":[{"href":"https:\/\/arantv.az\/index.php?rest_route=\/wp\/v2\/posts"}],"about":[{"href":"https:\/\/arantv.az\/index.php?rest_route=\/wp\/v2\/types\/post"}],"author":[{"embeddable":true,"href":"https:\/\/arantv.az\/index.php?rest_route=\/wp\/v2\/users\/2"}],"replies":[{"embeddable":true,"href":"https:\/\/arantv.az\/index.php?rest_route=%2Fwp%2Fv2%2Fcomments&post=347648"}],"version-history":[{"count":0,"href":"https:\/\/arantv.az\/index.php?rest_route=\/wp\/v2\/posts\/347648\/revisions"}],"wp:featuredmedia":[{"embeddable":true,"href":"https:\/\/arantv.az\/index.php?rest_route=\/wp\/v2\/media\/347649"}],"wp:attachment":[{"href":"https:\/\/arantv.az\/index.php?rest_route=%2Fwp%2Fv2%2Fmedia&parent=347648"}],"wp:term":[{"taxonomy":"category","embeddable":true,"href":"https:\/\/arantv.az\/index.php?rest_route=%2Fwp%2Fv2%2Fcategories&post=347648"},{"taxonomy":"post_tag","embeddable":true,"href":"https:\/\/arantv.az\/index.php?rest_route=%2Fwp%2Fv2%2Ftags&post=347648"}],"curies":[{"name":"wp","href":"https:\/\/api.w.org\/{rel}","templated":true}]}}