{"id":347651,"date":"2021-06-16T08:29:56","date_gmt":"2021-06-16T05:29:56","guid":{"rendered":"http:\/\/arantv.az\/?p=347651"},"modified":"2021-06-16T08:29:56","modified_gmt":"2021-06-16T05:29:56","slug":"qars-logistika-m%c9%99rk%c9%99zinin-acilisi-ucun-son-isl%c9%99r-aparilir","status":"publish","type":"post","link":"https:\/\/arantv.az\/?p=347651","title":{"rendered":"Qars Logistika M\u0259rk\u0259zinin a\u00e7\u0131l\u0131\u015f\u0131 \u00fc\u00e7\u00fcn son i\u015fl\u0259r apar\u0131l\u0131r"},"content":{"rendered":"<p>\u0130n\u015faat\u0131na 2017-ci ild\u0259 ba\u015flan\u0131lan Qars Logistika M\u0259rk\u0259zind\u0259 tikinti i\u015fl\u0259ri ba\u015fa \u00e7at\u0131b. 2020-ci ilin dekabr ay\u0131nda logistika m\u0259rk\u0259zind\u0259 s\u0131naq m\u0259qs\u0259dil\u0259 y\u00fckl\u0259r q\u0259bul olunub v\u0259 haz\u0131rda Qars Logistika M\u0259rk\u0259zinin a\u00e7\u0131l\u0131\u015f\u0131 \u00fc\u00e7\u00fcn yekun i\u015fl\u0259r apar\u0131l\u0131r.<\/p>\n<p><strong>ARANTV.AZ<\/strong>\u00a0 bildirir ki, bunu <a href=\"https:\/\/az.trend.az\/\" target=\"_blank\" rel=\"noopener\">Trend<\/a>-\u0259\u00a0\u00f6z\u0259l m\u00fcsahib\u0259sind\u0259 T\u00fcrkiy\u0259nin n\u0259qliyyat v\u0259 infrastruktur naziri Adil Karaismailo\u011flu bildirib.<\/p>\n<p>O qeyd edib ki, 16 kilometrlik d\u0259mir yolu v\u0259 5,5 kilometrlik qov\u015faq x\u0259tti olan m\u0259rk\u0259zin istismara verilm\u0259si \u00e7ox ciddi i\u015f imkanlar\u0131 yaradacaq.<\/p>\n<p>Qars Logistika M\u0259rk\u0259zinin a\u00e7\u0131lmas\u0131 il\u0259 T\u00fcrkiy\u0259 logistika sektorunda 412 milyon ton h\u0259cmind\u0259 y\u00fckda\u015f\u0131ma imkan\u0131 \u0259ld\u0259 ed\u0259c\u0259k:<\/p>\n<p>&#8220;Qars Logistika M\u0259rk\u0259zi Sivasdak\u0131 y\u00fcks\u0259k s\u00fcr\u0259tli d\u0259miryolu x\u0259tti il\u0259 birl\u0259\u015f\u0259r\u0259k Sivas-Qars v\u0259 Bak\u0131-Tiflis-Qars d\u0259mir yolunu daha \u00f6n\u0259mli hala g\u0259tir\u0259c\u0259k. \u00dcmumilikd\u0259 2 milyon ton y\u00fck q\u0259bul ed\u0259c\u0259k Qars Logistika M\u0259rk\u0259zi il\u0259 illik 140 milyon 972 min lir\u0259 g\u0259lir t\u0259min edil\u0259c\u0259k&#8221;.<\/p>\n<p>T\u00fcrkiy\u0259nin 2023-c\u00fc il\u0259 y\u00f6n\u0259lmi\u015f h\u0259d\u0259fl\u0259ri aras\u0131nda logistika m\u0259rk\u0259zl\u0259rin\u0259 x\u00fcsusi \u00f6n\u0259m verildiyini qeyd ed\u0259n nazir bildirib ki, T\u00fcrkiy\u0259 d\u0259niz, hava, quru v\u0259 d\u0259mir yol n\u0259qliyyat\u0131 \u00fczr\u0259 logistika sah\u0259sind\u0259 super g\u00fcc olmaqdad\u0131r v\u0259 bu b\u00f6lg\u0259 \u00f6lk\u0259l\u0259rini d\u0259 yax\u0131ndan maraqland\u0131r\u0131r.<\/p>\n<p>A.Karaismailo\u011flunun s\u00f6zl\u0259rin\u0259 g\u00f6r\u0259, T\u00fcrkiy\u0259 g\u0259l\u0259c\u0259y\u0259 y\u00f6n\u0259lmi\u015f n\u0259h\u0259ng layih\u0259l\u0259r\u0259 haz\u0131rla\u015fark\u0259n 2023-c\u00fc il v\u0259 sonrak\u0131 ill\u0259r \u00fc\u00e7\u00fcn logistika il\u0259 ba\u011fl\u0131 Ba\u015f Plana uy\u011fun h\u0259r\u0259k\u0259t edir v\u0259 y\u00fck da\u015f\u0131nmas\u0131nda b\u00fct\u00fcn b\u00f6lg\u0259nin inki\u015faf\u0131na r\u0259vac ver\u0259c\u0259k \u00f6n\u0259mli infrastruktur qurur:<\/p>\n<p>&#8220;H\u0259r bir liman v\u0259 logistika m\u0259rk\u0259zimiz bizim \u00fc\u00e7\u00fcn strateji \u0259h\u0259miyy\u0259t da\u015f\u0131maqdad\u0131r. 2023-c\u00fc il\u0259 q\u0259d\u0259r in\u015fas\u0131 davam ed\u0259n &#8220;Becek Bozh\u00f6y\u00fck&#8221;, &#8220;Kayseri Bo\u011fazk\u00f6pr\u00fc&#8221;, &#8220;\u0130zmit K\u00f6sek\u00f6y&#8221; v\u0259 &#8220;Sivas&#8221; logistika m\u0259rk\u0259zl\u0259rinin tikintisinin tamamlanmas\u0131 il\u0259 logistika m\u0259rk\u0259zl\u0259rimizin say\u0131n\u0131 11-d\u0259n 15-\u0259 \u00e7atd\u0131raca\u011f\u0131q. Egey d\u0259nizi, Aral\u0131q d\u0259nizi v\u0259 Qara d\u0259nizd\u0259 d\u0259niz n\u0259qliyyat\u0131 sah\u0259sind\u0259ki \u00fcst\u00fcnl\u00fckl\u0259rimizi art\u0131racaq liman investisiyalar\u0131m\u0131z davam edir. \u0130yunun 4-d\u0259 Qara d\u0259nizin q\u0259rbind\u0259ki Filyos liman\u0131m\u0131z\u0131 a\u00e7d\u0131q v\u0259 &#8220;Rize \u0130yidere&#8221; liman\u0131m\u0131z\u0131n in\u015fas\u0131n\u0131 bir il i\u00e7ind\u0259 tamamlama\u011f\u0131 h\u0259d\u0259fl\u0259yirik. Eyni zamanda T\u00fcrkiy\u0259 Respublikas\u0131 D\u00f6vl\u0259t D\u0259mir Yollar\u0131 t\u0259r\u0259find\u0259n Haydarpa\u015fa v\u0259 \u0130zmir limanlar\u0131nda i\u015fl\u0259r h\u0259yata ke\u00e7irilir. &#8220;Derince&#8221;, &#8220;Band\u0131rma&#8221;, &#8220;Samsun&#8221;, &#8220;\u0130skenderun&#8221; v\u0259 &#8220;Mersin&#8221; limanlar\u0131nda is\u0259 \u00f6z\u0259l m\u00fc\u0259ssis\u0259l\u0259r tikinti apar\u0131r&#8221;.<\/p>\n<p>Onun s\u00f6zl\u0259rin\u0259 g\u00f6r\u0259, 2023-c\u00fc il\u0259 q\u0259d\u0259r T\u00fcrkiy\u0259d\u0259 25 logistika m\u0259rk\u0259zinin ham\u0131s\u0131n\u0131n a\u00e7\u0131lmas\u0131 il\u0259 \u00fcmumilikd\u0259 35,6 milyon ton \u0259lav\u0259 n\u0259qliyyat tutumu, 12,8 milyon kvadrat metr konteyner ehtiyat\u0131 v\u0259 f\u0259aliyy\u0259t sah\u0259si \u0259ld\u0259 edil\u0259c\u0259k:<\/p>\n<p>&#8220;Logistika m\u0259rk\u0259zl\u0259rimiz d\u0259mir yollar\u0131nda oldu\u011fu kimi liman sektorumuzun g\u00fccl\u0259ndirilm\u0259sind\u0259 d\u0259 \u0259h\u0259miyy\u0259tli rol oynayacaq&#8221;.<\/p>\n","protected":false},"excerpt":{"rendered":"<p>\u0130n\u015faat\u0131na 2017-ci ild\u0259 ba\u015flan\u0131lan Qars Logistika M\u0259rk\u0259zind\u0259 tikinti i\u015fl\u0259ri ba\u015fa \u00e7at\u0131b. 2020-ci ilin dekabr ay\u0131nda logistika m\u0259rk\u0259zind\u0259 s\u0131naq m\u0259qs\u0259dil\u0259 y\u00fckl\u0259r q\u0259bul olunub v\u0259 haz\u0131rda Qars Logistika M\u0259rk\u0259zinin a\u00e7\u0131l\u0131\u015f\u0131 \u00fc\u00e7\u00fcn yekun i\u015fl\u0259r apar\u0131l\u0131r. ARANTV.AZ\u00a0 bildirir ki, bunu Trend-\u0259\u00a0\u00f6z\u0259l m\u00fcsahib\u0259sind\u0259 T\u00fcrkiy\u0259nin n\u0259qliyyat v\u0259 infrastruktur naziri Adil Karaismailo\u011flu bildirib. O qeyd edib ki, 16 kilometrlik d\u0259mir yolu v\u0259 5,5 kilometrlik qov\u015faq x\u0259tti olan m\u0259rk\u0259zin istismara verilm\u0259si \u00e7ox ciddi i\u015f imkanlar\u0131 yaradacaq. Qars Logistika M\u0259rk\u0259zinin a\u00e7\u0131lmas\u0131 il\u0259 T\u00fcrkiy\u0259 logistika sektorunda 412 milyon ton h\u0259cmind\u0259 y\u00fckda\u015f\u0131ma imkan\u0131 \u0259ld\u0259 ed\u0259c\u0259k: &#8220;Qars Logistika M\u0259rk\u0259zi Sivasdak\u0131 y\u00fcks\u0259k s\u00fcr\u0259tli&hellip;<\/p>\n","protected":false},"author":2,"featured_media":347652,"comment_status":"closed","ping_status":"closed","sticky":false,"template":"","format":"standard","meta":{"om_disable_all_campaigns":false,"_monsterinsights_skip_tracking":false,"_monsterinsights_sitenote_active":false,"_monsterinsights_sitenote_note":"","_monsterinsights_sitenote_category":0},"categories":[4],"tags":[],"aioseo_notices":[],"gutentor_comment":0,"rttpg_featured_image_url":{"full":["https:\/\/arantv.az\/wp-content\/uploads\/2021\/06\/957059.jpg",800,600,false],"landscape":["https:\/\/arantv.az\/wp-content\/uploads\/2021\/06\/957059.jpg",800,600,false],"portraits":["https:\/\/arantv.az\/wp-content\/uploads\/2021\/06\/957059.jpg",800,600,false],"thumbnail":["https:\/\/arantv.az\/wp-content\/uploads\/2021\/06\/957059-500x280.jpg",500,280,true],"medium":["https:\/\/arantv.az\/wp-content\/uploads\/2021\/06\/957059-487x365.jpg",487,365,true],"large":["https:\/\/arantv.az\/wp-content\/uploads\/2021\/06\/957059.jpg",640,480,false],"1536x1536":["https:\/\/arantv.az\/wp-content\/uploads\/2021\/06\/957059.jpg",800,600,false],"2048x2048":["https:\/\/arantv.az\/wp-content\/uploads\/2021\/06\/957059.jpg",800,600,false],"post-thumbnail":["https:\/\/arantv.az\/wp-content\/uploads\/2021\/06\/957059-240x172.jpg",240,172,true],"advps-thumb-one":["https:\/\/arantv.az\/wp-content\/uploads\/2021\/06\/957059.jpg",800,600,false]},"rttpg_author":{"display_name":"V\u00fcsal Rafiqo\u011flu","author_link":"https:\/\/arantv.az\/?author=2"},"rttpg_comment":0,"rttpg_category":"<a href=\"https:\/\/arantv.az\/?cat=4\" rel=\"category\">Siyas\u0259t<\/a>","rttpg_excerpt":"\u0130n\u015faat\u0131na 2017-ci ild\u0259 ba\u015flan\u0131lan Qars Logistika M\u0259rk\u0259zind\u0259 tikinti i\u015fl\u0259ri ba\u015fa \u00e7at\u0131b. 2020-ci ilin dekabr ay\u0131nda logistika m\u0259rk\u0259zind\u0259 s\u0131naq m\u0259qs\u0259dil\u0259 y\u00fckl\u0259r q\u0259bul olunub v\u0259 haz\u0131rda Qars Logistika M\u0259rk\u0259zinin a\u00e7\u0131l\u0131\u015f\u0131 \u00fc\u00e7\u00fcn yekun i\u015fl\u0259r apar\u0131l\u0131r. ARANTV.AZ\u00a0 bildirir ki, bunu Trend-\u0259\u00a0\u00f6z\u0259l m\u00fcsahib\u0259sind\u0259 T\u00fcrkiy\u0259nin n\u0259qliyyat v\u0259 infrastruktur naziri Adil Karaismailo\u011flu bildirib. O qeyd edib ki, 16 kilometrlik d\u0259mir yolu v\u0259&hellip;","_links":{"self":[{"href":"https:\/\/arantv.az\/index.php?rest_route=\/wp\/v2\/posts\/347651"}],"collection":[{"href":"https:\/\/arantv.az\/index.php?rest_route=\/wp\/v2\/posts"}],"about":[{"href":"https:\/\/arantv.az\/index.php?rest_route=\/wp\/v2\/types\/post"}],"author":[{"embeddable":true,"href":"https:\/\/arantv.az\/index.php?rest_route=\/wp\/v2\/users\/2"}],"replies":[{"embeddable":true,"href":"https:\/\/arantv.az\/index.php?rest_route=%2Fwp%2Fv2%2Fcomments&post=347651"}],"version-history":[{"count":0,"href":"https:\/\/arantv.az\/index.php?rest_route=\/wp\/v2\/posts\/347651\/revisions"}],"wp:featuredmedia":[{"embeddable":true,"href":"https:\/\/arantv.az\/index.php?rest_route=\/wp\/v2\/media\/347652"}],"wp:attachment":[{"href":"https:\/\/arantv.az\/index.php?rest_route=%2Fwp%2Fv2%2Fmedia&parent=347651"}],"wp:term":[{"taxonomy":"category","embeddable":true,"href":"https:\/\/arantv.az\/index.php?rest_route=%2Fwp%2Fv2%2Fcategories&post=347651"},{"taxonomy":"post_tag","embeddable":true,"href":"https:\/\/arantv.az\/index.php?rest_route=%2Fwp%2Fv2%2Ftags&post=347651"}],"curies":[{"name":"wp","href":"https:\/\/api.w.org\/{rel}","templated":true}]}}