{"id":35075,"date":"2019-01-26T09:07:44","date_gmt":"2019-01-26T06:07:44","guid":{"rendered":"http:\/\/arantv.az\/?p=35075"},"modified":"2019-01-26T09:07:44","modified_gmt":"2019-01-26T06:07:44","slug":"az%c9%99rbaycanda-15-yasli-oglan-qardasini-oldurdu","status":"publish","type":"post","link":"https:\/\/arantv.az\/?p=35075","title":{"rendered":"Az\u0259rbaycanda 15 ya\u015fl\u0131 o\u011flan qarda\u015f\u0131n\u0131 \u00f6ld\u00fcrd\u00fc"},"content":{"rendered":"<p>Goranboyda 17 ya\u015fl\u0131 o\u011flan qarda\u015f\u0131 t\u0259r\u0259find\u0259n \u00f6ld\u00fcr\u00fcl\u00fcb.<\/p>\n<p><strong>ARANTV.AZ<\/strong>-\u0131n m\u0259lumat\u0131na g\u00f6r\u0259, qarda\u015flar birlikd\u0259 oyun oynay\u0131blar.<\/p>\n<p>Bu zaman onlar\u0131n aras\u0131nda m\u00fcbahis\u0259 yaran\u0131b. 2004-c\u00fc il t\u0259v\u0259ll\u00fcdl\u00fc X\u0259lil M\u0259mm\u0259dov b\u0131\u00e7aqla qarda\u015f\u0131, 2002-ci t\u0259v\u0259ll\u00fcdl\u00fc \u0130smay\u0131l M\u0259mm\u0259dovun \u00fcr\u0259k nahiy\u0259sin\u0259 z\u0259rb\u0259 vurub. Sonuncu ald\u0131\u011f\u0131 z\u0259rb\u0259d\u0259n yerind\u0259c\u0259 ke\u00e7inib.<\/p>\n<p>Haz\u0131rda Goranboy Rayon Prokurorlu\u011funda faktla ba\u011fl\u0131 ara\u015fd\u0131rma apar\u0131l\u0131r.<\/p>\n<p>oxu.az<\/p>\n","protected":false},"excerpt":{"rendered":"<p>Goranboyda 17 ya\u015fl\u0131 o\u011flan qarda\u015f\u0131 t\u0259r\u0259find\u0259n \u00f6ld\u00fcr\u00fcl\u00fcb. ARANTV.AZ-\u0131n m\u0259lumat\u0131na g\u00f6r\u0259, qarda\u015flar birlikd\u0259 oyun oynay\u0131blar. Bu zaman onlar\u0131n aras\u0131nda m\u00fcbahis\u0259 yaran\u0131b. 2004-c\u00fc il t\u0259v\u0259ll\u00fcdl\u00fc X\u0259lil M\u0259mm\u0259dov b\u0131\u00e7aqla qarda\u015f\u0131, 2002-ci t\u0259v\u0259ll\u00fcdl\u00fc \u0130smay\u0131l M\u0259mm\u0259dovun \u00fcr\u0259k nahiy\u0259sin\u0259 z\u0259rb\u0259 vurub. Sonuncu ald\u0131\u011f\u0131 z\u0259rb\u0259d\u0259n yerind\u0259c\u0259 ke\u00e7inib. Haz\u0131rda Goranboy Rayon Prokurorlu\u011funda faktla ba\u011fl\u0131 ara\u015fd\u0131rma apar\u0131l\u0131r. oxu.az<\/p>\n","protected":false},"author":2,"featured_media":35076,"comment_status":"closed","ping_status":"closed","sticky":false,"template":"","format":"standard","meta":{"om_disable_all_campaigns":false,"_monsterinsights_skip_tracking":false,"_monsterinsights_sitenote_active":false,"_monsterinsights_sitenote_note":"","_monsterinsights_sitenote_category":0},"categories":[3],"tags":[],"aioseo_notices":[],"gutentor_comment":0,"rttpg_featured_image_url":{"full":["https:\/\/arantv.az\/wp-content\/uploads\/2019\/01\/4113c19db9b987e1d9e3e36f9b1547c0.jpg",620,413,false],"landscape":["https:\/\/arantv.az\/wp-content\/uploads\/2019\/01\/4113c19db9b987e1d9e3e36f9b1547c0.jpg",620,413,false],"portraits":["https:\/\/arantv.az\/wp-content\/uploads\/2019\/01\/4113c19db9b987e1d9e3e36f9b1547c0.jpg",620,413,false],"thumbnail":["https:\/\/arantv.az\/wp-content\/uploads\/2019\/01\/4113c19db9b987e1d9e3e36f9b1547c0-150x150.jpg",150,150,true],"medium":["https:\/\/arantv.az\/wp-content\/uploads\/2019\/01\/4113c19db9b987e1d9e3e36f9b1547c0-300x200.jpg",300,200,true],"large":["https:\/\/arantv.az\/wp-content\/uploads\/2019\/01\/4113c19db9b987e1d9e3e36f9b1547c0.jpg",620,413,false],"1536x1536":["https:\/\/arantv.az\/wp-content\/uploads\/2019\/01\/4113c19db9b987e1d9e3e36f9b1547c0.jpg",620,413,false],"2048x2048":["https:\/\/arantv.az\/wp-content\/uploads\/2019\/01\/4113c19db9b987e1d9e3e36f9b1547c0.jpg",620,413,false],"post-thumbnail":["https:\/\/arantv.az\/wp-content\/uploads\/2019\/01\/4113c19db9b987e1d9e3e36f9b1547c0-240x172.jpg",240,172,true],"advps-thumb-one":["https:\/\/arantv.az\/wp-content\/uploads\/2019\/01\/4113c19db9b987e1d9e3e36f9b1547c0.jpg",620,413,false]},"rttpg_author":{"display_name":"V\u00fcsal Rafiqo\u011flu","author_link":"https:\/\/arantv.az\/?author=2"},"rttpg_comment":0,"rttpg_category":"<a href=\"https:\/\/arantv.az\/?cat=3\" rel=\"category\">Kriminal<\/a>","rttpg_excerpt":"Goranboyda 17 ya\u015fl\u0131 o\u011flan qarda\u015f\u0131 t\u0259r\u0259find\u0259n \u00f6ld\u00fcr\u00fcl\u00fcb. ARANTV.AZ-\u0131n m\u0259lumat\u0131na g\u00f6r\u0259, qarda\u015flar birlikd\u0259 oyun oynay\u0131blar. Bu zaman onlar\u0131n aras\u0131nda m\u00fcbahis\u0259 yaran\u0131b. 2004-c\u00fc il t\u0259v\u0259ll\u00fcdl\u00fc X\u0259lil M\u0259mm\u0259dov b\u0131\u00e7aqla qarda\u015f\u0131, 2002-ci t\u0259v\u0259ll\u00fcdl\u00fc \u0130smay\u0131l M\u0259mm\u0259dovun \u00fcr\u0259k nahiy\u0259sin\u0259 z\u0259rb\u0259 vurub. Sonuncu ald\u0131\u011f\u0131 z\u0259rb\u0259d\u0259n yerind\u0259c\u0259 ke\u00e7inib. Haz\u0131rda Goranboy Rayon Prokurorlu\u011funda faktla ba\u011fl\u0131 ara\u015fd\u0131rma apar\u0131l\u0131r. oxu.az","_links":{"self":[{"href":"https:\/\/arantv.az\/index.php?rest_route=\/wp\/v2\/posts\/35075"}],"collection":[{"href":"https:\/\/arantv.az\/index.php?rest_route=\/wp\/v2\/posts"}],"about":[{"href":"https:\/\/arantv.az\/index.php?rest_route=\/wp\/v2\/types\/post"}],"author":[{"embeddable":true,"href":"https:\/\/arantv.az\/index.php?rest_route=\/wp\/v2\/users\/2"}],"replies":[{"embeddable":true,"href":"https:\/\/arantv.az\/index.php?rest_route=%2Fwp%2Fv2%2Fcomments&post=35075"}],"version-history":[{"count":0,"href":"https:\/\/arantv.az\/index.php?rest_route=\/wp\/v2\/posts\/35075\/revisions"}],"wp:featuredmedia":[{"embeddable":true,"href":"https:\/\/arantv.az\/index.php?rest_route=\/wp\/v2\/media\/35076"}],"wp:attachment":[{"href":"https:\/\/arantv.az\/index.php?rest_route=%2Fwp%2Fv2%2Fmedia&parent=35075"}],"wp:term":[{"taxonomy":"category","embeddable":true,"href":"https:\/\/arantv.az\/index.php?rest_route=%2Fwp%2Fv2%2Fcategories&post=35075"},{"taxonomy":"post_tag","embeddable":true,"href":"https:\/\/arantv.az\/index.php?rest_route=%2Fwp%2Fv2%2Ftags&post=35075"}],"curies":[{"name":"wp","href":"https:\/\/api.w.org\/{rel}","templated":true}]}}