{"id":35098,"date":"2019-01-26T09:21:01","date_gmt":"2019-01-26T06:21:01","guid":{"rendered":"http:\/\/arantv.az\/?p=35098"},"modified":"2019-01-26T09:21:01","modified_gmt":"2019-01-26T06:21:01","slug":"ramil-usubovun-gost%c9%99risi-il%c9%99-dyp-nin-iki-sob%c9%99-r%c9%99isi-l%c9%99nk%c9%99rana-getdi","status":"publish","type":"post","link":"https:\/\/arantv.az\/?p=35098","title":{"rendered":"Ramil Usubovun g\u00f6st\u0259ri\u015fi il\u0259 DYP-nin iki \u015f\u00f6b\u0259 r\u0259isi L\u0259nk\u0259rana getdi"},"content":{"rendered":"<p>Daxili i\u015fl\u0259r naziri, general-polkovnik Ramil Usubovun g\u00f6st\u0259ri\u015fi il\u0259 Ba\u015f D\u00f6vl\u0259t Yol Polisi \u0130dar\u0259sinin \u015f\u00f6b\u0259 r\u0259isi, polis polkovniki Kamran \u018fliyev, \u0130ctimaiyy\u0259tl\u0259 \u0259laq\u0259l\u0259r \u015f\u00f6b\u0259sinin r\u0259isi, polis polkovnik-leytenant\u0131 R\u00fcf\u0259t Quliyev v\u0259 L\u0259nk\u0259ran rayon Polis \u015f\u00f6b\u0259sinin r\u0259isi, polis polkovniki \u0130slam H\u00fcmb\u0259tovun i\u015ftirak\u0131 il\u0259 ictimaiyy\u0259t n\u00fcmay\u0259nd\u0259l\u0259ri il\u0259 g\u00f6r\u00fc\u015f ke\u00e7irilib.<\/p>\n<p><b>ARANTV.AZ\u00a0<\/b>&#8220;Report&#8221;a istinad\u0259n x\u0259b\u0259r verir ki, g\u00f6r\u00fc\u015f\u00fcn ke\u00e7irilm\u0259sind\u0259 \u0259sas m\u0259qs\u0259d L\u0259nk\u0259ran sakinl\u0259ri t\u0259r\u0259find\u0259n yol h\u0259r\u0259k\u0259tinin t\u0259hl\u00fck\u0259sizliyi il\u0259 ba\u011fl\u0131 D\u0130N-\u0259 \u00fcnvanlanan t\u0259klif v\u0259 m\u00fcraci\u0259tl\u0259rin yerind\u0259 ara\u015fd\u0131r\u0131lmas\u0131, habel\u0259 v\u0259t\u0259nda\u015f m\u0259mnunlu\u011funun t\u0259min edilm\u0259si il\u0259 \u0259laq\u0259dar qald\u0131r\u0131lan m\u0259s\u0259l\u0259l\u0259rin operativ \u015f\u0259kild\u0259 h\u0259ll edilm\u0259si olub.<\/p>\n<div id=\"AdributorNativeVideo0\" class=\"AdributorNativeVideo\"><\/div>\n<p><ins><\/ins><\/p>\n<div id=\"beacon_f3e5d29ed8\"><img loading=\"lazy\" src=\"https:\/\/ads2.newmedia.az\/www\/delivery\/lg.php?bannerid=0&amp;campaignid=0&amp;zoneid=975&amp;loc=https%3A%2F%2Fbig.az%2F342226-ramil_usubovun_gosterisi_ile_dyp-nin_iki_sobe_reisi_lenkerana_getdi.html&amp;referer=https%3A%2F%2Fbig.az%2F&amp;cb=f3e5d29ed8\" alt=\"\" width=\"0\" height=\"0\" \/><\/div>\n<p>G\u00f6r\u00fc\u015fd\u0259 v\u0259t\u0259nda\u015flara yol h\u0259r\u0259k\u0259ti t\u0259hl\u00fck\u0259sizliyi il\u0259 ba\u011fl\u0131 g\u00f6r\u00fcl\u0259n t\u0259dbirl\u0259rin effektivliyi, L\u0259nk\u0259ran rayonu \u0259razisind\u0259 yol n\u0259qliyyat hadis\u0259l\u0259rinin, el\u0259c\u0259 d\u0259 \u00f6l\u0259n v\u0259 yaralananlar\u0131n say\u0131n\u0131n k\u0259skin azalmas\u0131n\u0131n bunun bariz n\u00fcmun\u0259si olmas\u0131 izah edilib.<\/p>\n<p>\u018fsasl\u0131 v\u0259 \u0259sass\u0131z m\u00fcraci\u0259tl\u0259r bar\u0259d\u0259 polis t\u0259r\u0259find\u0259n veril\u0259n izahatlardan raz\u0131l\u0131q ed\u0259n v\u0259t\u0259nda\u015flar D\u0130N r\u0259hb\u0259rliyin\u0259 \u00f6z t\u0259\u015f\u0259kk\u00fcrl\u0259rinin \u00e7atd\u0131r\u0131lmas\u0131n\u0131 xahi\u015f edibl\u0259r.<br \/>\n<img class=\"imgbcodecent\" src=\"https:\/\/upload.az\/foto\/arxiv\/qatar-0_1_31548482836.jpg\" alt=\"Ramil Usubovun g\u00f6st\u0259ri\u015fi il\u0259 DYP-nin iki \u015f\u00f6b\u0259 r\u0259isi L\u0259nk\u0259rana getdi\" \/><\/p>\n<p>&nbsp;<\/p>\n","protected":false},"excerpt":{"rendered":"<p>Daxili i\u015fl\u0259r naziri, general-polkovnik Ramil Usubovun g\u00f6st\u0259ri\u015fi il\u0259 Ba\u015f D\u00f6vl\u0259t Yol Polisi \u0130dar\u0259sinin \u015f\u00f6b\u0259 r\u0259isi, polis polkovniki Kamran \u018fliyev, \u0130ctimaiyy\u0259tl\u0259 \u0259laq\u0259l\u0259r \u015f\u00f6b\u0259sinin r\u0259isi, polis polkovnik-leytenant\u0131 R\u00fcf\u0259t Quliyev v\u0259 L\u0259nk\u0259ran rayon Polis \u015f\u00f6b\u0259sinin r\u0259isi, polis polkovniki \u0130slam H\u00fcmb\u0259tovun i\u015ftirak\u0131 il\u0259 ictimaiyy\u0259t n\u00fcmay\u0259nd\u0259l\u0259ri il\u0259 g\u00f6r\u00fc\u015f ke\u00e7irilib. ARANTV.AZ\u00a0&#8220;Report&#8221;a istinad\u0259n x\u0259b\u0259r verir ki, g\u00f6r\u00fc\u015f\u00fcn ke\u00e7irilm\u0259sind\u0259 \u0259sas m\u0259qs\u0259d L\u0259nk\u0259ran sakinl\u0259ri t\u0259r\u0259find\u0259n yol h\u0259r\u0259k\u0259tinin t\u0259hl\u00fck\u0259sizliyi il\u0259 ba\u011fl\u0131 D\u0130N-\u0259 \u00fcnvanlanan t\u0259klif v\u0259 m\u00fcraci\u0259tl\u0259rin yerind\u0259 ara\u015fd\u0131r\u0131lmas\u0131, habel\u0259 v\u0259t\u0259nda\u015f m\u0259mnunlu\u011funun t\u0259min edilm\u0259si il\u0259 \u0259laq\u0259dar qald\u0131r\u0131lan m\u0259s\u0259l\u0259l\u0259rin operativ \u015f\u0259kild\u0259 h\u0259ll edilm\u0259si olub. G\u00f6r\u00fc\u015fd\u0259 v\u0259t\u0259nda\u015flara yol h\u0259r\u0259k\u0259ti t\u0259hl\u00fck\u0259sizliyi il\u0259 ba\u011fl\u0131 g\u00f6r\u00fcl\u0259n&hellip;<\/p>\n","protected":false},"author":2,"featured_media":35099,"comment_status":"closed","ping_status":"closed","sticky":false,"template":"","format":"standard","meta":{"om_disable_all_campaigns":false,"_monsterinsights_skip_tracking":false,"_monsterinsights_sitenote_active":false,"_monsterinsights_sitenote_note":"","_monsterinsights_sitenote_category":0},"categories":[19],"tags":[],"aioseo_notices":[],"gutentor_comment":0,"rttpg_featured_image_url":{"full":["https:\/\/arantv.az\/wp-content\/uploads\/2019\/01\/qatar-0_1_51548482896.jpg",649,487,false],"landscape":["https:\/\/arantv.az\/wp-content\/uploads\/2019\/01\/qatar-0_1_51548482896.jpg",649,487,false],"portraits":["https:\/\/arantv.az\/wp-content\/uploads\/2019\/01\/qatar-0_1_51548482896.jpg",649,487,false],"thumbnail":["https:\/\/arantv.az\/wp-content\/uploads\/2019\/01\/qatar-0_1_51548482896-150x150.jpg",150,150,true],"medium":["https:\/\/arantv.az\/wp-content\/uploads\/2019\/01\/qatar-0_1_51548482896-300x225.jpg",300,225,true],"large":["https:\/\/arantv.az\/wp-content\/uploads\/2019\/01\/qatar-0_1_51548482896.jpg",640,480,false],"1536x1536":["https:\/\/arantv.az\/wp-content\/uploads\/2019\/01\/qatar-0_1_51548482896.jpg",649,487,false],"2048x2048":["https:\/\/arantv.az\/wp-content\/uploads\/2019\/01\/qatar-0_1_51548482896.jpg",649,487,false],"post-thumbnail":["https:\/\/arantv.az\/wp-content\/uploads\/2019\/01\/qatar-0_1_51548482896-240x172.jpg",240,172,true],"advps-thumb-one":["https:\/\/arantv.az\/wp-content\/uploads\/2019\/01\/qatar-0_1_51548482896.jpg",649,487,false]},"rttpg_author":{"display_name":"V\u00fcsal Rafiqo\u011flu","author_link":"https:\/\/arantv.az\/?author=2"},"rttpg_comment":0,"rttpg_category":"<a href=\"https:\/\/arantv.az\/?cat=19\" rel=\"category\">G\u00fcnd\u0259m<\/a>","rttpg_excerpt":"Daxili i\u015fl\u0259r naziri, general-polkovnik Ramil Usubovun g\u00f6st\u0259ri\u015fi il\u0259 Ba\u015f D\u00f6vl\u0259t Yol Polisi \u0130dar\u0259sinin \u015f\u00f6b\u0259 r\u0259isi, polis polkovniki Kamran \u018fliyev, \u0130ctimaiyy\u0259tl\u0259 \u0259laq\u0259l\u0259r \u015f\u00f6b\u0259sinin r\u0259isi, polis polkovnik-leytenant\u0131 R\u00fcf\u0259t Quliyev v\u0259 L\u0259nk\u0259ran rayon Polis \u015f\u00f6b\u0259sinin r\u0259isi, polis polkovniki \u0130slam H\u00fcmb\u0259tovun i\u015ftirak\u0131 il\u0259 ictimaiyy\u0259t n\u00fcmay\u0259nd\u0259l\u0259ri il\u0259 g\u00f6r\u00fc\u015f ke\u00e7irilib. ARANTV.AZ\u00a0&#8220;Report&#8221;a istinad\u0259n x\u0259b\u0259r verir ki, g\u00f6r\u00fc\u015f\u00fcn ke\u00e7irilm\u0259sind\u0259 \u0259sas m\u0259qs\u0259d L\u0259nk\u0259ran sakinl\u0259ri&hellip;","_links":{"self":[{"href":"https:\/\/arantv.az\/index.php?rest_route=\/wp\/v2\/posts\/35098"}],"collection":[{"href":"https:\/\/arantv.az\/index.php?rest_route=\/wp\/v2\/posts"}],"about":[{"href":"https:\/\/arantv.az\/index.php?rest_route=\/wp\/v2\/types\/post"}],"author":[{"embeddable":true,"href":"https:\/\/arantv.az\/index.php?rest_route=\/wp\/v2\/users\/2"}],"replies":[{"embeddable":true,"href":"https:\/\/arantv.az\/index.php?rest_route=%2Fwp%2Fv2%2Fcomments&post=35098"}],"version-history":[{"count":0,"href":"https:\/\/arantv.az\/index.php?rest_route=\/wp\/v2\/posts\/35098\/revisions"}],"wp:featuredmedia":[{"embeddable":true,"href":"https:\/\/arantv.az\/index.php?rest_route=\/wp\/v2\/media\/35099"}],"wp:attachment":[{"href":"https:\/\/arantv.az\/index.php?rest_route=%2Fwp%2Fv2%2Fmedia&parent=35098"}],"wp:term":[{"taxonomy":"category","embeddable":true,"href":"https:\/\/arantv.az\/index.php?rest_route=%2Fwp%2Fv2%2Fcategories&post=35098"},{"taxonomy":"post_tag","embeddable":true,"href":"https:\/\/arantv.az\/index.php?rest_route=%2Fwp%2Fv2%2Ftags&post=35098"}],"curies":[{"name":"wp","href":"https:\/\/api.w.org\/{rel}","templated":true}]}}